{"id":7653,"date":"2023-04-23T16:05:31","date_gmt":"2023-04-23T16:05:31","guid":{"rendered":"https:\/\/diariodigitalnea.com\/?p=7653"},"modified":"2023-04-23T16:05:32","modified_gmt":"2023-04-23T16:05:32","slug":"fueron-por-un-caso-de-explotacion-sexual-y-se-encontraron-tambien-con-un-museo-nazi","status":"publish","type":"post","link":"https:\/\/diariodigitalnea.com\/index.php\/2023\/04\/23\/fueron-por-un-caso-de-explotacion-sexual-y-se-encontraron-tambien-con-un-museo-nazi\/","title":{"rendered":"Fueron por un caso de explotaci\u00f3n sexual y se encontraron tambi\u00e9n con un museo nazi"},"content":{"rendered":"\n<p>Detectives de la Divisi\u00f3n Delitos Contra la Salud P\u00fablica de la Superintendencia de Investigaciones Federales de la Polic\u00eda Federal Argentina, luego de meses de investigaci\u00f3n conjuntamente con la Procuradur\u00eda de Trata y Explotaci\u00f3n de Personas (PROTEX) del Ministerio P\u00fablico Fiscal, realizaron 3 allanamientos en la Ciudad Aut\u00f3noma de Buenos Aires, por delitos de \u00edndole sexual.<\/p>\n\n\n\n<p>En uno de los lugares, se estableci\u00f3 que funcionaba un departamento privado, comprob\u00e1ndose la existencia de mujeres extranjeras que ofrec\u00edan sexo a cambio de dinero, es por ello, que estas personas fueron asistidas por personal de la Direcci\u00f3n de Programa Nacional de Rescate y Acompa\u00f1amiento de las Personas Damnificadas por el Delito de Trata del Ministerio de Justicia y Derechos Humanos de la Naci\u00f3n de Rescate, y como resultado de la inspecci\u00f3n el lugar fue clausurado por la polic\u00eda.<\/p>\n\n\n\n<figure class=\"wp-block-image size-full\"><img fetchpriority=\"high\" decoding=\"async\" width=\"750\" height=\"651\" src=\"http:\/\/diariodigitalnea.com\/wp-content\/uploads\/2023\/04\/nazi2.jpg\" alt=\"\" class=\"wp-image-7654\" srcset=\"https:\/\/diariodigitalnea.com\/wp-content\/uploads\/2023\/04\/nazi2.jpg 750w, https:\/\/diariodigitalnea.com\/wp-content\/uploads\/2023\/04\/nazi2-300x260.jpg 300w\" sizes=\"(max-width: 750px) 100vw, 750px\" \/><\/figure>\n\n\n\n<p>Los restantes domicilios se trataban de un estudio jur\u00eddico y un domicilio particular donde se hallaron diversos elementos vinculados al domicilio donde se llevaba a cabo la pr\u00e1ctica de explotaci\u00f3n sexual, donde los efectivos se llevaron una gran sorpresa ya que exist\u00eda una especie de museo con elementos relacionados a la doctrina NAZI, como por ejemplo brazaletes, libros, llaves, escudos, fotograf\u00edas, destacando bibliograf\u00eda, autografiada por un piloto de combate y de aviaci\u00f3n de la LUFTWAFFE (Fuerza A\u00e9rea Alemana).<\/p>\n\n\n\n<p>Atento a ello, se convoc\u00f3 con el aval del Juzgado interventor, personal del Departamento Unidad de Investigaci\u00f3n Antiterrorista (D.U.I.A.) de la Superintendencia de Investigaciones Federales y expertos del Museo del Holocausto, quienes sugirieron el secuestro de ese gran hallazgo, lo que se materializ\u00f3 con anuencia de su Se\u00f1or\u00eda.<\/p>\n\n\n\n<p>Dichas piezas reivindican el R\u00e9gimen Nacional Socialista que provoc\u00f3 la muerte de seis millones de personas, constituyendo \u201cper se\u201d un delito estipulado en la Ley 23.592, adem\u00e1s de ello se secuestro municiones y un arma larga.<\/p>\n\n\n\n<figure class=\"wp-block-image size-full\"><img decoding=\"async\" width=\"560\" height=\"462\" src=\"http:\/\/diariodigitalnea.com\/wp-content\/uploads\/2023\/04\/nazi3.jpg\" alt=\"\" class=\"wp-image-7655\" srcset=\"https:\/\/diariodigitalnea.com\/wp-content\/uploads\/2023\/04\/nazi3.jpg 560w, https:\/\/diariodigitalnea.com\/wp-content\/uploads\/2023\/04\/nazi3-300x248.jpg 300w\" sizes=\"(max-width: 560px) 100vw, 560px\" \/><\/figure>\n\n\n\n<p>Al procedimiento asistieron personal de la Procuradur\u00eda de Trata y Explotaci\u00f3n de Personas (PROTEX), personal de la Fiscal\u00eda Nacional en lo Criminal y Correccional Federal nro. 12 , personal del Programa Nacional de Rescate y Acompa\u00f1amiento de las Personas Damnificadas por el Delito de Trata del Ministerio de Justicia y Derechos Humanos de la Naci\u00f3n de Rescate, personal de la Direcci\u00f3n Nacional de Migraciones y personal del Colegio P\u00fablico de Abogados de la Capital Federal.<\/p>\n\n\n\n<p>La causa fue investigada por el Juzgado Nacional en lo Criminal y Correccional Federal N\u00b0 7 a cargo del Dr. Sebasti\u00e1n Norberto CASANELLO, por ante la Secretar\u00eda del Dr. Mart\u00edn SIMIETNIANSKY, y seg\u00fan se pudo averiguar todo comenz\u00f3 por reclamos de vecinos por actividades sexuales y ruidos molestos en lugares donde viv\u00edan familias con menores.<\/p>\n\n\n\n<p>Cabe aclarar, que los elementos secuestrados relacionados con la simbolog\u00eda NAZI, pertenec\u00edan al investigado, quien seg\u00fan se averigu\u00f3 ser\u00eda representante del Partido Nacional Socialista de la Rep\u00fablica Argentina, y otros pa\u00edses como ser Paraguay y Uruguay, adem\u00e1s seria familiar directo de un integrante de la LUFTWAFFE (Fuerza A\u00e9rea Alemana NAZI).<\/p>\n","protected":false},"excerpt":{"rendered":"<p>Detectives de la Divisi\u00f3n Delitos Contra la Salud P\u00fablica de la Superintendencia de Investigaciones Federales de la Polic\u00eda Federal Argentina, luego de meses de investigaci\u00f3n conjuntamente con la Procuradur\u00eda de Trata y Explotaci\u00f3n de Personas (PROTEX) del Ministerio P\u00fablico Fiscal, realizaron 3 allanamientos en la Ciudad Aut\u00f3noma de Buenos Aires, por delitos de \u00edndole sexual. [&hellip;]<\/p>\n","protected":false},"author":3,"featured_media":7656,"comment_status":"closed","ping_status":"closed","sticky":false,"template":"","format":"standard","meta":{"om_disable_all_campaigns":false,"_monsterinsights_skip_tracking":false,"_monsterinsights_sitenote_active":false,"_monsterinsights_sitenote_note":"","_monsterinsights_sitenote_category":0,"footnotes":""},"categories":[90,52],"tags":[264,2696,2697,611],"class_list":["post-7653","post","type-post","status-publish","format-standard","has-post-thumbnail","hentry","category-nacionales","category-policiales","tag-buenos-aires","tag-explotasion-sexual","tag-ideologia-nazi","tag-trata-de-personas"],"aioseo_notices":[],"amp_enabled":true,"_links":{"self":[{"href":"https:\/\/diariodigitalnea.com\/index.php\/wp-json\/wp\/v2\/posts\/7653","targetHints":{"allow":["GET"]}}],"collection":[{"href":"https:\/\/diariodigitalnea.com\/index.php\/wp-json\/wp\/v2\/posts"}],"about":[{"href":"https:\/\/diariodigitalnea.com\/index.php\/wp-json\/wp\/v2\/types\/post"}],"author":[{"embeddable":true,"href":"https:\/\/diariodigitalnea.com\/index.php\/wp-json\/wp\/v2\/users\/3"}],"replies":[{"embeddable":true,"href":"https:\/\/diariodigitalnea.com\/index.php\/wp-json\/wp\/v2\/comments?post=7653"}],"version-history":[{"count":1,"href":"https:\/\/diariodigitalnea.com\/index.php\/wp-json\/wp\/v2\/posts\/7653\/revisions"}],"predecessor-version":[{"id":7657,"href":"https:\/\/diariodigitalnea.com\/index.php\/wp-json\/wp\/v2\/posts\/7653\/revisions\/7657"}],"wp:featuredmedia":[{"embeddable":true,"href":"https:\/\/diariodigitalnea.com\/index.php\/wp-json\/wp\/v2\/media\/7656"}],"wp:attachment":[{"href":"https:\/\/diariodigitalnea.com\/index.php\/wp-json\/wp\/v2\/media?parent=7653"}],"wp:term":[{"taxonomy":"category","embeddable":true,"href":"https:\/\/diariodigitalnea.com\/index.php\/wp-json\/wp\/v2\/categories?post=7653"},{"taxonomy":"post_tag","embeddable":true,"href":"https:\/\/diariodigitalnea.com\/index.php\/wp-json\/wp\/v2\/tags?post=7653"}],"curies":[{"name":"wp","href":"https:\/\/api.w.org\/{rel}","templated":true}]}}