{"id":7640,"date":"2023-04-22T16:13:14","date_gmt":"2023-04-22T16:13:14","guid":{"rendered":"https:\/\/diariodigitalnea.com\/?p=7640"},"modified":"2023-04-22T17:10:11","modified_gmt":"2023-04-22T17:10:11","slug":"resistencia-mato-a-su-ex-pareja-y-se-suicido-el-gobierno-interviene-en-el-femicidio","status":"publish","type":"post","link":"https:\/\/diariodigitalnea.com\/index.php\/2023\/04\/22\/resistencia-mato-a-su-ex-pareja-y-se-suicido-el-gobierno-interviene-en-el-femicidio\/","title":{"rendered":"Mat\u00f3 a su ex pareja y se suicid\u00f3: el gobierno chaque\u00f1o interviene en el femicidio"},"content":{"rendered":"\n<p>La v\u00edctima hab\u00eda realizado una denuncia contra su ex pareja el 30 de marzo y contaba con acompa\u00f1amiento de los dispositivos de intervenci\u00f3n por casos de violencia de g\u00e9nero que posee el Estado provincial.<\/p>\n\n\n\n<p>El Ministerio de Seguridad y Justicia, as\u00ed como la Secretar\u00eda de Derechos Humanos y G\u00e9neros y el Ministerio P\u00fablico Fiscal, intervienen en el hecho acompa\u00f1ando la investigaci\u00f3n a trav\u00e9s de protocolos establecidos en el marco de las pol\u00edticas de g\u00e9nero y erradicaci\u00f3n de las violencias por razones de g\u00e9nero impulsadas por el Gobierno provincial.<\/p>\n\n\n\n<p>Esta ma\u00f1ana, se encontr\u00f3 a una mujer y a su pareja muertos dentro de un auto en la zona de Villa Centenario de Resistencia. Ambos eran oriundos de Pampa del Indio, ten\u00edan un hijo de 5 a\u00f1os en com\u00fan, pero el agresor se encontraba viviendo en Entre R\u00edos debido a que es miembro del Ej\u00e9rcito Argentino.<\/p>\n\n\n\n<p>Seg\u00fan se pudo determinar, la pareja se encontraba en proceso de separaci\u00f3n, por lo que el agresor, viajaba regularmente a la capital chaque\u00f1a a visitar a su hijo. Anoche, esper\u00f3 a la mujer fuera del trabajo, cuando ella sali\u00f3, la subi\u00f3 al auto y le efectu\u00f3 varios disparos, para luego tomar la decisi\u00f3n de suicidarse.<\/p>\n\n\n\n<p>La mujer hab\u00eda realizado una denuncia el 26 de marzo contra su ex pareja por amenazas, que fue tramitada por la Comisar\u00eda de la Mujer de la Polic\u00eda del Chaco, y a trav\u00e9s de la l\u00ednea 137, de la Secretar\u00eda de Derechos Humanos y G\u00e9neros, luego derivada a la Fiscal\u00eda Especializada.<\/p>\n\n\n\n<p>Tambi\u00e9n, la v\u00edctima, junto a su abogado patrocinante hab\u00edan solicitado una medida de restricci\u00f3n hacia el agresor que estaba residiendo en Entre R\u00edos.<\/p>\n\n\n\n<p>Adem\u00e1s, estaba siendo asistida a trav\u00e9s de los dispositivos dispuestos para dar acompa\u00f1amiento psicol\u00f3gico, legal y social para atravesar el contexto de violencia de g\u00e9nero que sufr\u00eda. Desde el equipo de acompa\u00f1amiento de la Secretar\u00eda de Derechos Humanos y G\u00e9neros se le hab\u00eda otorgado a la v\u00edctima, un turno para el d\u00eda lunes 24 de abril, para dar continuidad al espacio de acompa\u00f1amiento psicojur\u00eddico, conocer resultado de la ratificaci\u00f3n de denuncia en instancia judicial, y se hab\u00eda realizado la derivaci\u00f3n a INSSEP para tratamiento psicoterap\u00e9utico.<\/p>\n\n\n\n<p>Desde el gobierno provincial, se insta a los medios de comunicaci\u00f3n a respetar los tiempos y el derecho a la intimidad y privacidad de la v\u00edctima y sus familiares.<\/p>\n\n\n\n<p>Para denunciar casos de violencia de g\u00e9nero se puede acudir a cualquier comisar\u00eda de la provincia chaque\u00f1a o llamar a los n\u00fameros 137, 144 y 911. La llamada es an\u00f3nima y gratuita, las l\u00edneas funcionan las 24 horas, los 365 d\u00edas del a\u00f1o y un equipo t\u00e9cnico especializado le brindar\u00e1 asesoramiento y ayuda concreta.<\/p>\n","protected":false},"excerpt":{"rendered":"<p>La v\u00edctima hab\u00eda realizado una denuncia contra su ex pareja el 30 de marzo y contaba con acompa\u00f1amiento de los dispositivos de intervenci\u00f3n por casos de violencia de g\u00e9nero que posee el Estado provincial. El Ministerio de Seguridad y Justicia, as\u00ed como la Secretar\u00eda de Derechos Humanos y G\u00e9neros y el Ministerio P\u00fablico Fiscal, intervienen [&hellip;]<\/p>\n","protected":false},"author":3,"featured_media":7641,"comment_status":"closed","ping_status":"closed","sticky":false,"template":"","format":"standard","meta":{"om_disable_all_campaigns":false,"_monsterinsights_skip_tracking":false,"_monsterinsights_sitenote_active":false,"_monsterinsights_sitenote_note":"","_monsterinsights_sitenote_category":0,"footnotes":""},"categories":[33,52],"tags":[2695,734,62,585],"class_list":["post-7640","post","type-post","status-publish","format-standard","has-post-thumbnail","hentry","category-chaco","category-policiales","tag-expareja","tag-femicidio","tag-policiales","tag-violencia-de-genero"],"aioseo_notices":[],"amp_enabled":true,"_links":{"self":[{"href":"https:\/\/diariodigitalnea.com\/index.php\/wp-json\/wp\/v2\/posts\/7640","targetHints":{"allow":["GET"]}}],"collection":[{"href":"https:\/\/diariodigitalnea.com\/index.php\/wp-json\/wp\/v2\/posts"}],"about":[{"href":"https:\/\/diariodigitalnea.com\/index.php\/wp-json\/wp\/v2\/types\/post"}],"author":[{"embeddable":true,"href":"https:\/\/diariodigitalnea.com\/index.php\/wp-json\/wp\/v2\/users\/3"}],"replies":[{"embeddable":true,"href":"https:\/\/diariodigitalnea.com\/index.php\/wp-json\/wp\/v2\/comments?post=7640"}],"version-history":[{"count":2,"href":"https:\/\/diariodigitalnea.com\/index.php\/wp-json\/wp\/v2\/posts\/7640\/revisions"}],"predecessor-version":[{"id":7647,"href":"https:\/\/diariodigitalnea.com\/index.php\/wp-json\/wp\/v2\/posts\/7640\/revisions\/7647"}],"wp:featuredmedia":[{"embeddable":true,"href":"https:\/\/diariodigitalnea.com\/index.php\/wp-json\/wp\/v2\/media\/7641"}],"wp:attachment":[{"href":"https:\/\/diariodigitalnea.com\/index.php\/wp-json\/wp\/v2\/media?parent=7640"}],"wp:term":[{"taxonomy":"category","embeddable":true,"href":"https:\/\/diariodigitalnea.com\/index.php\/wp-json\/wp\/v2\/categories?post=7640"},{"taxonomy":"post_tag","embeddable":true,"href":"https:\/\/diariodigitalnea.com\/index.php\/wp-json\/wp\/v2\/tags?post=7640"}],"curies":[{"name":"wp","href":"https:\/\/api.w.org\/{rel}","templated":true}]}}