{"id":7608,"date":"2023-04-21T03:36:44","date_gmt":"2023-04-21T03:36:44","guid":{"rendered":"https:\/\/diariodigitalnea.com\/?p=7608"},"modified":"2023-04-21T03:36:48","modified_gmt":"2023-04-21T03:36:48","slug":"este-fin-de-semana-vuelve-la-copa-futuro","status":"publish","type":"post","link":"https:\/\/diariodigitalnea.com\/index.php\/2023\/04\/21\/este-fin-de-semana-vuelve-la-copa-futuro\/","title":{"rendered":"Este fin de semana vuelve la Copa Futuro"},"content":{"rendered":"\n<p>El evento de deporte social m\u00e1s importante de la regi\u00f3n tendr\u00e1 sus primeras dos jornadas de este a\u00f1o. El s\u00e1bado en el Parque 2 de Febrero y, el domingo, en el Parque Urbano Tiro Federal cientos de deportistas, de 4 a 15 a\u00f1os de edad, competir\u00e1n en 15 disciplinas diferentes.<\/p>\n\n\n\n<p>Tal como hab\u00eda sido anunciado por el titular del gobierno de la ciudad de Resistencia, Gustavo Mart\u00ednez, este fin de semana se volver\u00e1n a vivir toda la emoci\u00f3n, diversi\u00f3n e inclusi\u00f3n del deporte social a trav\u00e9s de la Copa Futuro; uno de los programas m\u00e1s significativos en su tipo del pa\u00eds, que contiene a miles de ni\u00f1as, ni\u00f1os y adolescentes a trav\u00e9s de propuestas deportivas y con el lema \u201centr\u00e1s la cancha, sal\u00eds de la calle\u201d.<\/p>\n\n\n\n<p>Los 590 representativos barriales competir\u00e1n en estas dos jornadas: el s\u00e1bado, de 14 a 19, lo har\u00e1n en Hockey, Voley Playa, Escuelita de F\u00fatbol, Handball, Ajedrez y Tenis de Mesa; mientras que el domingo har\u00e1n, de 8 a 12 y de 14 a 18, en F\u00fatbol (competitivo) y Futsal. As\u00ed lo inform\u00f3 el asistente ejecutivo en Deporte Social, Rodolfo Yedro, tras per\u00edodo de inscripciones que se extendieron entre el 16 de marzo y el 15 de abril con un balance absolutamente positivo en la sede del Consejo Consultivo del Deporte con la afluencia de: 300 equipos de F\u00fatbol, 40 de Futsal, 20 de Handball, 30 de Hockey, 40 parejas de Voley Playa, 80 participantes en Ajedrez y 80 tambi\u00e9n en Tenis de Mesa.<\/p>\n\n\n\n<p>Como fuera mencionado, la primera de las jornadas tendr\u00e1 lugar en el Parque Intercultural 2 de Febrero y la segunda en el Parque Urbano Tiro Federal; donde adem\u00e1s de acompa\u00f1ar a cada uno de los participantes se podr\u00e1 disfrutar de dos d\u00edas al aire libre, en familia y rodeados de esa energ\u00eda tan especial que s\u00f3lo el deporte social puede generar.<\/p>\n\n\n\n<figure class=\"wp-block-image size-large\"><img fetchpriority=\"high\" decoding=\"async\" width=\"1024\" height=\"1024\" src=\"http:\/\/diariodigitalnea.com\/wp-content\/uploads\/2023\/04\/copa-1024x1024.jpg\" alt=\"\" class=\"wp-image-7609\" srcset=\"https:\/\/diariodigitalnea.com\/wp-content\/uploads\/2023\/04\/copa-1024x1024.jpg 1024w, https:\/\/diariodigitalnea.com\/wp-content\/uploads\/2023\/04\/copa-300x300.jpg 300w, https:\/\/diariodigitalnea.com\/wp-content\/uploads\/2023\/04\/copa-150x150.jpg 150w, https:\/\/diariodigitalnea.com\/wp-content\/uploads\/2023\/04\/copa-768x768.jpg 768w, https:\/\/diariodigitalnea.com\/wp-content\/uploads\/2023\/04\/copa-200x200.jpg 200w, https:\/\/diariodigitalnea.com\/wp-content\/uploads\/2023\/04\/copa.jpg 1134w\" sizes=\"(max-width: 1024px) 100vw, 1024px\" \/><\/figure>\n\n\n\n<p><strong>FILOSOF\u00cdA DE GESTI\u00d3N<\/strong><\/p>\n\n\n\n<p>Durante el lanzamiento de esta nueva temporada de la copa, el propio Gustavo resalt\u00f3 como una decisi\u00f3n firme el mantener a la Copa Futuro \u201ccomo filosof\u00eda de gesti\u00f3n en todos los aspectos y en todos los lugares que estemos\u201d.<\/p>\n\n\n\n<p>Incluso, el acompa\u00f1amiento se ha ampliado al programa de Clubes de Barrio Municipales; a trav\u00e9s del cual se ha entregado indumentaria y elementos de entrenamiento a los distintos equipos. Ello tambi\u00e9n se suma al trabajo que se hace en la ayuda a las instituciones tambi\u00e9n con Eco Ciudad Recicla; donde adem\u00e1s de aprender a cuidar el medio ambiente se premia a las organizaciones intermedias con distintos elementos.<\/p>\n\n\n\n<p>En lo referido al cronograma para este a\u00f1o indic\u00f3 que luego de este s\u00e1bado 22 y domingo 23 de abril se proseguir\u00e1 en los fines de semana siguientes de los meses mayo y junio.<\/p>\n\n\n\n<figure class=\"wp-block-image size-full\"><img decoding=\"async\" width=\"1024\" height=\"375\" src=\"http:\/\/diariodigitalnea.com\/wp-content\/uploads\/2022\/10\/CONSTRUCAL-CON-FABRICA.jpg\" alt=\"\" class=\"wp-image-2241\" srcset=\"https:\/\/diariodigitalnea.com\/wp-content\/uploads\/2022\/10\/CONSTRUCAL-CON-FABRICA.jpg 1024w, https:\/\/diariodigitalnea.com\/wp-content\/uploads\/2022\/10\/CONSTRUCAL-CON-FABRICA-300x110.jpg 300w, https:\/\/diariodigitalnea.com\/wp-content\/uploads\/2022\/10\/CONSTRUCAL-CON-FABRICA-768x281.jpg 768w\" sizes=\"(max-width: 1024px) 100vw, 1024px\" \/><figcaption>Publicidad: ConstruCal Cales hidratas y vivas para uso vial y construcci\u00f3n TEL: 3624602737<\/figcaption><\/figure>\n","protected":false},"excerpt":{"rendered":"<p>El evento de deporte social m\u00e1s importante de la regi\u00f3n tendr\u00e1 sus primeras dos jornadas de este a\u00f1o. El s\u00e1bado en el Parque 2 de Febrero y, el domingo, en el Parque Urbano Tiro Federal cientos de deportistas, de 4 a 15 a\u00f1os de edad, competir\u00e1n en 15 disciplinas diferentes. Tal como hab\u00eda sido anunciado [&hellip;]<\/p>\n","protected":false},"author":3,"featured_media":7610,"comment_status":"closed","ping_status":"closed","sticky":false,"template":"","format":"standard","meta":{"om_disable_all_campaigns":false,"_monsterinsights_skip_tracking":false,"_monsterinsights_sitenote_active":false,"_monsterinsights_sitenote_note":"","_monsterinsights_sitenote_category":0,"footnotes":""},"categories":[33,6],"tags":[2684,94,58,2685],"class_list":["post-7608","post","type-post","status-publish","format-standard","has-post-thumbnail","hentry","category-chaco","category-deporte","tag-copa-futuro-2023","tag-deportes","tag-municipalidad-de-resistencia","tag-parque-urbano-tiro-federal"],"aioseo_notices":[],"amp_enabled":true,"_links":{"self":[{"href":"https:\/\/diariodigitalnea.com\/index.php\/wp-json\/wp\/v2\/posts\/7608","targetHints":{"allow":["GET"]}}],"collection":[{"href":"https:\/\/diariodigitalnea.com\/index.php\/wp-json\/wp\/v2\/posts"}],"about":[{"href":"https:\/\/diariodigitalnea.com\/index.php\/wp-json\/wp\/v2\/types\/post"}],"author":[{"embeddable":true,"href":"https:\/\/diariodigitalnea.com\/index.php\/wp-json\/wp\/v2\/users\/3"}],"replies":[{"embeddable":true,"href":"https:\/\/diariodigitalnea.com\/index.php\/wp-json\/wp\/v2\/comments?post=7608"}],"version-history":[{"count":1,"href":"https:\/\/diariodigitalnea.com\/index.php\/wp-json\/wp\/v2\/posts\/7608\/revisions"}],"predecessor-version":[{"id":7611,"href":"https:\/\/diariodigitalnea.com\/index.php\/wp-json\/wp\/v2\/posts\/7608\/revisions\/7611"}],"wp:featuredmedia":[{"embeddable":true,"href":"https:\/\/diariodigitalnea.com\/index.php\/wp-json\/wp\/v2\/media\/7610"}],"wp:attachment":[{"href":"https:\/\/diariodigitalnea.com\/index.php\/wp-json\/wp\/v2\/media?parent=7608"}],"wp:term":[{"taxonomy":"category","embeddable":true,"href":"https:\/\/diariodigitalnea.com\/index.php\/wp-json\/wp\/v2\/categories?post=7608"},{"taxonomy":"post_tag","embeddable":true,"href":"https:\/\/diariodigitalnea.com\/index.php\/wp-json\/wp\/v2\/tags?post=7608"}],"curies":[{"name":"wp","href":"https:\/\/api.w.org\/{rel}","templated":true}]}}