{"id":7591,"date":"2023-04-20T16:46:19","date_gmt":"2023-04-20T16:46:19","guid":{"rendered":"https:\/\/diariodigitalnea.com\/?p=7591"},"modified":"2023-04-20T16:46:21","modified_gmt":"2023-04-20T16:46:21","slug":"el-cantante-chaqueno-alejandro-junior-sera-la-voz-en-el-tema-de-una-novela-mexicana","status":"publish","type":"post","link":"https:\/\/diariodigitalnea.com\/index.php\/2023\/04\/20\/el-cantante-chaqueno-alejandro-junior-sera-la-voz-en-el-tema-de-una-novela-mexicana\/","title":{"rendered":"El cantante chaque\u00f1o Alejandro Junior ser\u00e1 la voz en el tema de una novela mexicana"},"content":{"rendered":"\n<p>Este lunes se llev\u00f3 a cabo una nueva edici\u00f3n del programa que produce Marcelo Tinelli y re\u00fane a 100 jurados que eval\u00faan a los concursantes en una competencia de canto. All\u00ed, el chaque\u00f1o Alejandro Junior tuvo la oportunidad de mostrar su gran talento, el que le vali\u00f3 una propuesta de trabajo internacional.<\/p>\n\n\n\n<p>Alejandro Junior tiene 37 a\u00f1os, vive en Fontana y es cantante. Oriundo de Colonias Unidas, desde muy chico lleva la m\u00fasica en la sangre gracias a su mam\u00e1 Elena y su pap\u00e1 Ignacio, quienes tambi\u00e9n son m\u00fasicos. Ale lleva la m\u00fasica y sus ra\u00edces tatuadas en la piel.<\/p>\n\n\n\n<p>Comenz\u00f3 su camino en el canto con las canciones cristianas evang\u00e9licas y hoy entre sus g\u00e9neros favoritos se encuentran el pop latino mel\u00f3dico, la electr\u00f3nica y la m\u00fasica alternativa.<\/p>\n\n\n\n<h2 class=\"wp-block-heading\">Asignatura pendiente<\/h2>\n\n\n\n<p>Asignatura pendiente, de Ricardo Arjona, fue el tema elegido por el chaque\u00f1o para interpretar en la competencia, pero no solo por un gusto personal, sino porque el tema llevaba adem\u00e1s un mensaje dirigido a una de las jurados.<\/p>\n\n\n\n<p>Zilvi Roselli es una cantautora correntina que hace tiempo se fue del norte argentino rumbo a mejores horizontes, pero en un pasado Ale y Zilvi compartieron su amor por este arte, llegando a componer y hacer m\u00fasica juntos. Es as\u00ed que cuando Zilvi tuvo que partir por una propuesta laboral en M\u00e9xico, ambos sintieron que les qued\u00f3 una asignatura pendiente.<\/p>\n\n\n\n<figure class=\"wp-block-image size-large\"><img fetchpriority=\"high\" decoding=\"async\" width=\"1024\" height=\"923\" src=\"http:\/\/diariodigitalnea.com\/wp-content\/uploads\/2023\/04\/ale-1024x923.jpg\" alt=\"\" class=\"wp-image-7592\" srcset=\"https:\/\/diariodigitalnea.com\/wp-content\/uploads\/2023\/04\/ale-1024x923.jpg 1024w, https:\/\/diariodigitalnea.com\/wp-content\/uploads\/2023\/04\/ale-300x271.jpg 300w, https:\/\/diariodigitalnea.com\/wp-content\/uploads\/2023\/04\/ale-768x692.jpg 768w, https:\/\/diariodigitalnea.com\/wp-content\/uploads\/2023\/04\/ale.jpg 1068w\" sizes=\"(max-width: 1024px) 100vw, 1024px\" \/><\/figure>\n\n\n\n<p>Ahora la vida los volvi\u00f3 a cruzar para poder saldarla, porque luego de su presentaci\u00f3n ella lo ovacion\u00f3 y le ofreci\u00f3 junto a Oscar Mediavilla (productor musical) ser la voz del tema \u201cTe amo con el alma\u201d, obra que compuso para una novela de Televisa M\u00e9xico.<\/p>\n\n\n\n<h2 class=\"wp-block-heading\">Un nuevo camino que recorrer<\/h2>\n\n\n\n<p>Despu\u00e9s de haber sufrido una gran p\u00e9rdida en un accidente de tr\u00e1nsito reciente y pasar por un dif\u00edcil momento, Ale Junior se prepara para iniciar este nuevo cap\u00edtulo que lo tendr\u00e1 como la voz protagonista en una novela mexicana.<\/p>\n\n\n\n<figure class=\"wp-block-image size-large\"><img decoding=\"async\" width=\"1024\" height=\"941\" src=\"http:\/\/diariodigitalnea.com\/wp-content\/uploads\/2023\/04\/arevalo2-1024x941.jpg\" alt=\"\" class=\"wp-image-7593\" srcset=\"https:\/\/diariodigitalnea.com\/wp-content\/uploads\/2023\/04\/arevalo2-1024x941.jpg 1024w, https:\/\/diariodigitalnea.com\/wp-content\/uploads\/2023\/04\/arevalo2-300x276.jpg 300w, https:\/\/diariodigitalnea.com\/wp-content\/uploads\/2023\/04\/arevalo2-768x706.jpg 768w, https:\/\/diariodigitalnea.com\/wp-content\/uploads\/2023\/04\/arevalo2.jpg 1067w\" sizes=\"(max-width: 1024px) 100vw, 1024px\" \/><\/figure>\n\n\n\n<p>\u201cPara m\u00ed la m\u00fasica es una herramienta de salida para mucha gente que est\u00e1 pasando un mal momento y creo que como comunicadores sociales es bueno poder brindarles canciones de amor y esperanza. Es por eso que estoy ac\u00e1, para poder transmitirles mucho amor\u201d. As\u00ed resumi\u00f3 sus intenciones.<\/p>\n\n\n\n<p>Ale no alcanz\u00f3 el puntaje requerido, por lo que qued\u00f3 fuera de competencia, pero vuelve a casa trayendo el orgullo de representar el arte chaque\u00f1o y con la promesa de llevarlo al exterior.<\/p>\n","protected":false},"excerpt":{"rendered":"<p>Este lunes se llev\u00f3 a cabo una nueva edici\u00f3n del programa que produce Marcelo Tinelli y re\u00fane a 100 jurados que eval\u00faan a los concursantes en una competencia de canto. All\u00ed, el chaque\u00f1o Alejandro Junior tuvo la oportunidad de mostrar su gran talento, el que le vali\u00f3 una propuesta de trabajo internacional. Alejandro Junior tiene [&hellip;]<\/p>\n","protected":false},"author":3,"featured_media":7594,"comment_status":"closed","ping_status":"closed","sticky":false,"template":"","format":"standard","meta":{"om_disable_all_campaigns":false,"_monsterinsights_skip_tracking":false,"_monsterinsights_sitenote_active":false,"_monsterinsights_sitenote_note":"","_monsterinsights_sitenote_category":0,"footnotes":""},"categories":[33,53,7,9],"tags":[2678,2680,21,2679],"class_list":["post-7591","post","type-post","status-publish","format-standard","has-post-thumbnail","hentry","category-chaco","category-cultura","category-espectaculos","category-internacionales","tag-alejandro-junior","tag-canta-conmigo","tag-espectaculos","tag-novela-mexicana"],"aioseo_notices":[],"amp_enabled":true,"_links":{"self":[{"href":"https:\/\/diariodigitalnea.com\/index.php\/wp-json\/wp\/v2\/posts\/7591","targetHints":{"allow":["GET"]}}],"collection":[{"href":"https:\/\/diariodigitalnea.com\/index.php\/wp-json\/wp\/v2\/posts"}],"about":[{"href":"https:\/\/diariodigitalnea.com\/index.php\/wp-json\/wp\/v2\/types\/post"}],"author":[{"embeddable":true,"href":"https:\/\/diariodigitalnea.com\/index.php\/wp-json\/wp\/v2\/users\/3"}],"replies":[{"embeddable":true,"href":"https:\/\/diariodigitalnea.com\/index.php\/wp-json\/wp\/v2\/comments?post=7591"}],"version-history":[{"count":1,"href":"https:\/\/diariodigitalnea.com\/index.php\/wp-json\/wp\/v2\/posts\/7591\/revisions"}],"predecessor-version":[{"id":7595,"href":"https:\/\/diariodigitalnea.com\/index.php\/wp-json\/wp\/v2\/posts\/7591\/revisions\/7595"}],"wp:featuredmedia":[{"embeddable":true,"href":"https:\/\/diariodigitalnea.com\/index.php\/wp-json\/wp\/v2\/media\/7594"}],"wp:attachment":[{"href":"https:\/\/diariodigitalnea.com\/index.php\/wp-json\/wp\/v2\/media?parent=7591"}],"wp:term":[{"taxonomy":"category","embeddable":true,"href":"https:\/\/diariodigitalnea.com\/index.php\/wp-json\/wp\/v2\/categories?post=7591"},{"taxonomy":"post_tag","embeddable":true,"href":"https:\/\/diariodigitalnea.com\/index.php\/wp-json\/wp\/v2\/tags?post=7591"}],"curies":[{"name":"wp","href":"https:\/\/api.w.org\/{rel}","templated":true}]}}