{"id":7571,"date":"2023-04-19T16:32:28","date_gmt":"2023-04-19T16:32:28","guid":{"rendered":"https:\/\/diariodigitalnea.com\/?p=7571"},"modified":"2023-04-19T16:32:28","modified_gmt":"2023-04-19T16:32:28","slug":"confirmado-otro-ex-gran-hermano-cerro-para-estar-en-el-bailando","status":"publish","type":"post","link":"https:\/\/diariodigitalnea.com\/index.php\/2023\/04\/19\/confirmado-otro-ex-gran-hermano-cerro-para-estar-en-el-bailando\/","title":{"rendered":"\u00a1Confirmado! Otro ex Gran Hermano cerr\u00f3 para estar en el Bailando"},"content":{"rendered":"\n<p>En LAM dieron la primicia del participante que ya est\u00e1 adentro del certamen de baile.<\/p>\n\n\n\n<p>Desde que se confirm\u00f3 la vuelta del Bailando a la televisi\u00f3n, comenz\u00f3 la danza de nombres de los posibles candidatos para estar en la pista. El boom de Gran Hermano hizo que todas las miradas se posaran sobre los ex participantes, que est\u00e1n muy entusiasmados con la posibilidad de extender por un tiempo m\u00e1s su auge medi\u00e1tico.<\/p>\n\n\n\n<p>Si bien se dijo que Holder, Julieta Poggio, Nacho Casta\u00f1ares y Coti Romero eran &#8216;n\u00famero puesto&#8217; para esta edici\u00f3n, todav\u00eda ninguno de ellos fue confirmado. No obstante, hay otro ex hermanito que ya estar\u00eda con un pie adentro: Alfa.<\/p>\n\n\n\n<figure class=\"wp-block-image size-large\"><img fetchpriority=\"high\" decoding=\"async\" width=\"1024\" height=\"683\" src=\"http:\/\/diariodigitalnea.com\/wp-content\/uploads\/2023\/04\/alfa-1024x683.jpg\" alt=\"\" class=\"wp-image-7573\" srcset=\"https:\/\/diariodigitalnea.com\/wp-content\/uploads\/2023\/04\/alfa-1024x683.jpg 1024w, https:\/\/diariodigitalnea.com\/wp-content\/uploads\/2023\/04\/alfa-300x200.jpg 300w, https:\/\/diariodigitalnea.com\/wp-content\/uploads\/2023\/04\/alfa-768x512.jpg 768w, https:\/\/diariodigitalnea.com\/wp-content\/uploads\/2023\/04\/alfa-900x600.jpg 900w, https:\/\/diariodigitalnea.com\/wp-content\/uploads\/2023\/04\/alfa.jpg 1200w\" sizes=\"(max-width: 1024px) 100vw, 1024px\" \/><\/figure>\n\n\n\n<p>En LAM dieron como primicia la confirmaci\u00f3n de Walter Santiago y luego \u00e9l mismo dio la noticia en sus redes, algo que muchos se ve\u00edan venir por su perfil pol\u00e9mico. Lo que no se sabe es si ya firm\u00f3 su contrato o si el acuerdo fue de palabra pero lo cierto es que su nombre estar\u00eda en la lista definitiva de bailarines 2023&#8230; \u00bfc\u00f3mo lo ves?<\/p>\n","protected":false},"excerpt":{"rendered":"<p>En LAM dieron la primicia del participante que ya est\u00e1 adentro del certamen de baile. Desde que se confirm\u00f3 la vuelta del Bailando a la televisi\u00f3n, comenz\u00f3 la danza de nombres de los posibles candidatos para estar en la pista. El boom de Gran Hermano hizo que todas las miradas se posaran sobre los ex [&hellip;]<\/p>\n","protected":false},"author":3,"featured_media":7572,"comment_status":"closed","ping_status":"closed","sticky":false,"template":"","format":"standard","meta":{"om_disable_all_campaigns":false,"_monsterinsights_skip_tracking":false,"_monsterinsights_sitenote_active":false,"_monsterinsights_sitenote_note":"","_monsterinsights_sitenote_category":0,"footnotes":""},"categories":[7],"tags":[847,2507,801],"class_list":["post-7571","post","type-post","status-publish","format-standard","has-post-thumbnail","hentry","category-espectaculos","tag-alfa","tag-bailando-2023","tag-gran-hermano"],"aioseo_notices":[],"amp_enabled":true,"_links":{"self":[{"href":"https:\/\/diariodigitalnea.com\/index.php\/wp-json\/wp\/v2\/posts\/7571","targetHints":{"allow":["GET"]}}],"collection":[{"href":"https:\/\/diariodigitalnea.com\/index.php\/wp-json\/wp\/v2\/posts"}],"about":[{"href":"https:\/\/diariodigitalnea.com\/index.php\/wp-json\/wp\/v2\/types\/post"}],"author":[{"embeddable":true,"href":"https:\/\/diariodigitalnea.com\/index.php\/wp-json\/wp\/v2\/users\/3"}],"replies":[{"embeddable":true,"href":"https:\/\/diariodigitalnea.com\/index.php\/wp-json\/wp\/v2\/comments?post=7571"}],"version-history":[{"count":1,"href":"https:\/\/diariodigitalnea.com\/index.php\/wp-json\/wp\/v2\/posts\/7571\/revisions"}],"predecessor-version":[{"id":7574,"href":"https:\/\/diariodigitalnea.com\/index.php\/wp-json\/wp\/v2\/posts\/7571\/revisions\/7574"}],"wp:featuredmedia":[{"embeddable":true,"href":"https:\/\/diariodigitalnea.com\/index.php\/wp-json\/wp\/v2\/media\/7572"}],"wp:attachment":[{"href":"https:\/\/diariodigitalnea.com\/index.php\/wp-json\/wp\/v2\/media?parent=7571"}],"wp:term":[{"taxonomy":"category","embeddable":true,"href":"https:\/\/diariodigitalnea.com\/index.php\/wp-json\/wp\/v2\/categories?post=7571"},{"taxonomy":"post_tag","embeddable":true,"href":"https:\/\/diariodigitalnea.com\/index.php\/wp-json\/wp\/v2\/tags?post=7571"}],"curies":[{"name":"wp","href":"https:\/\/api.w.org\/{rel}","templated":true}]}}