{"id":7526,"date":"2023-04-18T16:42:36","date_gmt":"2023-04-18T16:42:36","guid":{"rendered":"https:\/\/diariodigitalnea.com\/?p=7526"},"modified":"2023-04-18T16:42:37","modified_gmt":"2023-04-18T16:42:37","slug":"el-municipio-de-resistencia-no-negocia-con-el-delito-aseguro-acevedo-tras-la-convocatoria-de-la-justicia-por-los-cortes-de-calles","status":"publish","type":"post","link":"https:\/\/diariodigitalnea.com\/index.php\/2023\/04\/18\/el-municipio-de-resistencia-no-negocia-con-el-delito-aseguro-acevedo-tras-la-convocatoria-de-la-justicia-por-los-cortes-de-calles\/","title":{"rendered":"\u201cEl Municipio de Resistencia no negocia con el delito\u201d, asegur\u00f3 Acevedo tras la convocatoria de la justicia por los cortes de calles"},"content":{"rendered":"\n<p>El Gobierno de Resistencia brind\u00f3 una conferencia de prensa para dejar en claro su postura respecto de la convocatoria de la Justicia de Faltas Provincial a las diferentes partes implicadas, entre ellas, el Municipio capitalino para avanzar en una soluci\u00f3n conjunta sobre los cortes de calles por manifestaciones, que se suceden a diario en la Ciudad de Resistencia.<\/p>\n\n\n\n<p>El Secretario de Gobierno, Hugo Acevedo, explic\u00f3 que desde la Municipalidad se vienen presentando denuncias permanentes por los constantes cortes de calle, sobre todo en la zona del microcentro, \u201cque constituyen hechos delictivos que perjudican a todos los vecinos de la Ciudad de Resistencia y puntualmente al sector del transporte p\u00fablico, ambulancias, transportes especiales, y en otro orden al sector de comercio y servicios, generando perjuicios que impactan de manera directa en toda la comunidad\u201d.<\/p>\n\n\n\n<p>\u201cDesde nuestra gesti\u00f3n tenemos una posici\u00f3n firme y aseguramos que el Municipio de Resistencia no negocia con el delito y no impulsa ni apoya acciones que est\u00e1n claramente prohibidas por la ley\u201d, expres\u00f3.<\/p>\n\n\n\n<p>Acevedo, adem\u00e1s, aclar\u00f3 que \u201cesta gesti\u00f3n no est\u00e1 en contra de los reclamos seguramente justos que plantean las diferentes agrupaciones sociales y, prueba de ello, es que mantenemos di\u00e1logo con muchas organizaciones que no tienen este tipo de actitud y con quienes articulamos acciones en diversos barrios de la Ciudad. Lo que buscamos es que se garantice el derecho de todos los vecinos y vecinas a transitar libremente\u201d.<\/p>\n\n\n\n<figure class=\"wp-block-image size-large\"><img fetchpriority=\"high\" decoding=\"async\" width=\"1024\" height=\"701\" src=\"http:\/\/diariodigitalnea.com\/wp-content\/uploads\/2023\/04\/CONFERENCIA-2-1024x701.jpg\" alt=\"\" class=\"wp-image-7528\" srcset=\"https:\/\/diariodigitalnea.com\/wp-content\/uploads\/2023\/04\/CONFERENCIA-2-1024x701.jpg 1024w, https:\/\/diariodigitalnea.com\/wp-content\/uploads\/2023\/04\/CONFERENCIA-2-300x205.jpg 300w, https:\/\/diariodigitalnea.com\/wp-content\/uploads\/2023\/04\/CONFERENCIA-2-768x526.jpg 768w, https:\/\/diariodigitalnea.com\/wp-content\/uploads\/2023\/04\/CONFERENCIA-2-1536x1052.jpg 1536w, https:\/\/diariodigitalnea.com\/wp-content\/uploads\/2023\/04\/CONFERENCIA-2-2048x1403.jpg 2048w\" sizes=\"(max-width: 1024px) 100vw, 1024px\" \/><figcaption>????????????????????????????????????<\/figcaption><\/figure>\n\n\n\n<p><strong>DENUNCIAS SIN RESPUESTAS<\/strong><\/p>\n\n\n\n<p>Hasta la fecha la Municipalidad de Resistencia ha efectuado m\u00e1s de 65 denuncias penales ante la fiscal\u00eda sobre las cuales no ha tenido novedad en cuanto al avance del expediente, el tipo de tratamiento o resoluci\u00f3n que tuvieron.<\/p>\n\n\n\n<p>\u201cTodas las acciones que hemos realizado tienen que ver con esta postura que venimos sosteniendo, no impulsamos ni adherimos a ning\u00fan tipo de actividad que est\u00e9 fuera de la ley\u201d, continu\u00f3 el Secretario.CON<\/p>\n\n\n\n<p>\u201cLas m\u00e1s de 65 denuncias presentadas no han tenido respuesta, y tampoco informaci\u00f3n sobre el tr\u00e1mite que se le dio a esas presentaciones. Interrumpir la circulaci\u00f3n del transporte p\u00fablico y el tr\u00e1nsito es un delito y no lo podemos permitir. La Justicia debe determinar cu\u00e1les son los pasos a seguir\u201d, enfatiz\u00f3.&nbsp;<\/p>\n\n\n\n<p>Por su parte, Ra\u00fal Parra, subsecretario de Legal y T\u00e9cnica, explic\u00f3: \u201cLa Justicia provincial recibe a trav\u00e9s de la Fiscal\u00eda en turno las denuncias presentadas por el Municipio, pero se lleg\u00f3 a una instancia en donde las fiscal\u00edas se declaran incompetentes y derivan esas denuncias al Juzgado de Faltas Municipal, eso significa que no nos dan una respuesta y tampoco una soluci\u00f3n\u201d.<\/p>\n\n\n\n<p>\u201cVamos a seguir insistiendo en esta postura, y denunciando, porque entendemos que la Justicia ordinaria es la que tiene que intervenir a trav\u00e9s de las fiscal\u00edas\u201d, afirm\u00f3.&nbsp;<\/p>\n\n\n\n<p>De la conferencia participaron, tambi\u00e9n, el subsecretario de Tr\u00e1nsito y Seguridad Ciudadana, Mat\u00edas Breard, y Luis Cabrera, subsecretario de Transporte.&nbsp;<\/p>\n","protected":false},"excerpt":{"rendered":"<p>El Gobierno de Resistencia brind\u00f3 una conferencia de prensa para dejar en claro su postura respecto de la convocatoria de la Justicia de Faltas Provincial a las diferentes partes implicadas, entre ellas, el Municipio capitalino para avanzar en una soluci\u00f3n conjunta sobre los cortes de calles por manifestaciones, que se suceden a diario en la [&hellip;]<\/p>\n","protected":false},"author":3,"featured_media":7527,"comment_status":"closed","ping_status":"closed","sticky":false,"template":"","format":"standard","meta":{"om_disable_all_campaigns":false,"_monsterinsights_skip_tracking":false,"_monsterinsights_sitenote_active":false,"_monsterinsights_sitenote_note":"","_monsterinsights_sitenote_category":0,"footnotes":""},"categories":[33],"tags":[2303,873,2655,58,1589],"class_list":["post-7526","post","type-post","status-publish","format-standard","has-post-thumbnail","hentry","category-chaco","tag-cortes-de-calles","tag-delitos","tag-hugo-acevedo","tag-municipalidad-de-resistencia","tag-transito"],"aioseo_notices":[],"amp_enabled":true,"_links":{"self":[{"href":"https:\/\/diariodigitalnea.com\/index.php\/wp-json\/wp\/v2\/posts\/7526","targetHints":{"allow":["GET"]}}],"collection":[{"href":"https:\/\/diariodigitalnea.com\/index.php\/wp-json\/wp\/v2\/posts"}],"about":[{"href":"https:\/\/diariodigitalnea.com\/index.php\/wp-json\/wp\/v2\/types\/post"}],"author":[{"embeddable":true,"href":"https:\/\/diariodigitalnea.com\/index.php\/wp-json\/wp\/v2\/users\/3"}],"replies":[{"embeddable":true,"href":"https:\/\/diariodigitalnea.com\/index.php\/wp-json\/wp\/v2\/comments?post=7526"}],"version-history":[{"count":1,"href":"https:\/\/diariodigitalnea.com\/index.php\/wp-json\/wp\/v2\/posts\/7526\/revisions"}],"predecessor-version":[{"id":7529,"href":"https:\/\/diariodigitalnea.com\/index.php\/wp-json\/wp\/v2\/posts\/7526\/revisions\/7529"}],"wp:featuredmedia":[{"embeddable":true,"href":"https:\/\/diariodigitalnea.com\/index.php\/wp-json\/wp\/v2\/media\/7527"}],"wp:attachment":[{"href":"https:\/\/diariodigitalnea.com\/index.php\/wp-json\/wp\/v2\/media?parent=7526"}],"wp:term":[{"taxonomy":"category","embeddable":true,"href":"https:\/\/diariodigitalnea.com\/index.php\/wp-json\/wp\/v2\/categories?post=7526"},{"taxonomy":"post_tag","embeddable":true,"href":"https:\/\/diariodigitalnea.com\/index.php\/wp-json\/wp\/v2\/tags?post=7526"}],"curies":[{"name":"wp","href":"https:\/\/api.w.org\/{rel}","templated":true}]}}