{"id":7389,"date":"2023-04-14T01:19:52","date_gmt":"2023-04-14T01:19:52","guid":{"rendered":"https:\/\/diariodigitalnea.com\/?p=7389"},"modified":"2023-04-14T01:19:53","modified_gmt":"2023-04-14T01:19:53","slug":"el-programa-ambiental-de-resistencia-eco-ciudad-recicla-estara-este-sabado-en-villa-don-andres","status":"publish","type":"post","link":"https:\/\/diariodigitalnea.com\/index.php\/2023\/04\/14\/el-programa-ambiental-de-resistencia-eco-ciudad-recicla-estara-este-sabado-en-villa-don-andres\/","title":{"rendered":"El programa ambiental de Resistencia \u201cEco Ciudad Recicla\u201d estar\u00e1 este s\u00e1bado en Villa Don Andr\u00e9s"},"content":{"rendered":"\n<p>Este s\u00e1bado 15 de abril, el programa ambiental municipal de Resistencia \u201cEco Ciudad Recicla\u201d se presentar\u00e1 en la plazoleta de Villa Don Andr\u00e9s, en avenida Chaco y calle Hait\u00ed, a partir de las 8 hasta las 12 horas.\u00a0<\/p>\n\n\n\n<p>Se recibir\u00e1n los residuos s\u00f3lidos reciclables que aporten las instituciones, a fin de sumar puntos que los puedan canjear por elementos deportivos y otros premios para mejorar sus instalaciones. Cabe se\u00f1alar que esta iniciativa recibe cuatro tipos de materiales: pl\u00e1sticos PET, aluminio, cart\u00f3n y vidrio, teniendo como destinatarias instituciones, organizaciones educativas, deportivas, culturales y barriales, comedores y merenderos comunitarios.<\/p>\n\n\n\n<figure class=\"wp-block-image size-full\"><img fetchpriority=\"high\" decoding=\"async\" width=\"474\" height=\"265\" src=\"http:\/\/diariodigitalnea.com\/wp-content\/uploads\/2023\/04\/eco2.jpg\" alt=\"\" class=\"wp-image-7391\" srcset=\"https:\/\/diariodigitalnea.com\/wp-content\/uploads\/2023\/04\/eco2.jpg 474w, https:\/\/diariodigitalnea.com\/wp-content\/uploads\/2023\/04\/eco2-300x168.jpg 300w\" sizes=\"(max-width: 474px) 100vw, 474px\" \/><\/figure>\n\n\n\n<p>Eco Ciudad Recicla es un programa de \u201cSalud Ambiental y Ciudadan\u00eda\u201d y forma parte de la estructura de planificaci\u00f3n que implementa la subsecretar\u00eda de Ambiente del Gobierno de Resistencia.<\/p>\n\n\n\n<figure class=\"wp-block-image size-full\"><img decoding=\"async\" width=\"1024\" height=\"375\" src=\"http:\/\/diariodigitalnea.com\/wp-content\/uploads\/2022\/10\/CONSTRUCAL-CON-FABRICA.jpg\" alt=\"\" class=\"wp-image-2241\" srcset=\"https:\/\/diariodigitalnea.com\/wp-content\/uploads\/2022\/10\/CONSTRUCAL-CON-FABRICA.jpg 1024w, https:\/\/diariodigitalnea.com\/wp-content\/uploads\/2022\/10\/CONSTRUCAL-CON-FABRICA-300x110.jpg 300w, https:\/\/diariodigitalnea.com\/wp-content\/uploads\/2022\/10\/CONSTRUCAL-CON-FABRICA-768x281.jpg 768w\" sizes=\"(max-width: 1024px) 100vw, 1024px\" \/><figcaption>Publicidad: ConstruCal Cales hidratas y vivas para uso vial y construcci\u00f3n TEL: 3624602737<\/figcaption><\/figure>\n","protected":false},"excerpt":{"rendered":"<p>Este s\u00e1bado 15 de abril, el programa ambiental municipal de Resistencia \u201cEco Ciudad Recicla\u201d se presentar\u00e1 en la plazoleta de Villa Don Andr\u00e9s, en avenida Chaco y calle Hait\u00ed, a partir de las 8 hasta las 12 horas.\u00a0 Se recibir\u00e1n los residuos s\u00f3lidos reciclables que aporten las instituciones, a fin de sumar puntos que los [&hellip;]<\/p>\n","protected":false},"author":3,"featured_media":7390,"comment_status":"closed","ping_status":"closed","sticky":false,"template":"","format":"standard","meta":{"om_disable_all_campaigns":false,"_monsterinsights_skip_tracking":false,"_monsterinsights_sitenote_active":false,"_monsterinsights_sitenote_note":"","_monsterinsights_sitenote_category":0,"footnotes":""},"categories":[33,149],"tags":[150,2601,40,2600],"class_list":["post-7389","post","type-post","status-publish","format-standard","has-post-thumbnail","hentry","category-chaco","category-medio-ambiente","tag-eco-ciudad-recicla","tag-programa-ambiental","tag-resistencia","tag-villa-don-andres"],"aioseo_notices":[],"amp_enabled":true,"_links":{"self":[{"href":"https:\/\/diariodigitalnea.com\/index.php\/wp-json\/wp\/v2\/posts\/7389","targetHints":{"allow":["GET"]}}],"collection":[{"href":"https:\/\/diariodigitalnea.com\/index.php\/wp-json\/wp\/v2\/posts"}],"about":[{"href":"https:\/\/diariodigitalnea.com\/index.php\/wp-json\/wp\/v2\/types\/post"}],"author":[{"embeddable":true,"href":"https:\/\/diariodigitalnea.com\/index.php\/wp-json\/wp\/v2\/users\/3"}],"replies":[{"embeddable":true,"href":"https:\/\/diariodigitalnea.com\/index.php\/wp-json\/wp\/v2\/comments?post=7389"}],"version-history":[{"count":1,"href":"https:\/\/diariodigitalnea.com\/index.php\/wp-json\/wp\/v2\/posts\/7389\/revisions"}],"predecessor-version":[{"id":7392,"href":"https:\/\/diariodigitalnea.com\/index.php\/wp-json\/wp\/v2\/posts\/7389\/revisions\/7392"}],"wp:featuredmedia":[{"embeddable":true,"href":"https:\/\/diariodigitalnea.com\/index.php\/wp-json\/wp\/v2\/media\/7390"}],"wp:attachment":[{"href":"https:\/\/diariodigitalnea.com\/index.php\/wp-json\/wp\/v2\/media?parent=7389"}],"wp:term":[{"taxonomy":"category","embeddable":true,"href":"https:\/\/diariodigitalnea.com\/index.php\/wp-json\/wp\/v2\/categories?post=7389"},{"taxonomy":"post_tag","embeddable":true,"href":"https:\/\/diariodigitalnea.com\/index.php\/wp-json\/wp\/v2\/tags?post=7389"}],"curies":[{"name":"wp","href":"https:\/\/api.w.org\/{rel}","templated":true}]}}