{"id":7380,"date":"2023-04-13T22:08:49","date_gmt":"2023-04-13T22:08:49","guid":{"rendered":"https:\/\/diariodigitalnea.com\/?p=7380"},"modified":"2023-04-13T22:08:50","modified_gmt":"2023-04-13T22:08:50","slug":"revelan-el-verdadero-motivo-por-el-que-facundo-pieres-se-habria-separado-de-zaira-nara","status":"publish","type":"post","link":"https:\/\/diariodigitalnea.com\/index.php\/2023\/04\/13\/revelan-el-verdadero-motivo-por-el-que-facundo-pieres-se-habria-separado-de-zaira-nara\/","title":{"rendered":"Revelan el verdadero motivo por el que Facundo Pieres se habr\u00eda separado de Zaira Nara"},"content":{"rendered":"\n<p>Luego de aproximadamente cuatro meses de relaci\u00f3n, a comienzos de abril, Zaira Nara confirm\u00f3 que su romance con Facundo Pieres hab\u00eda terminado. Si bien aparecieron muchos rumores, ahora se habr\u00eda revelado el motivo por el cual se separaron.<\/p>\n\n\n\n<p>El periodista Juan Etchegoyen, quien est\u00e1 muy metido en el mundo del espect\u00e1culo, expres\u00f3 en Mitre Live todos los detalles que ten\u00edan en su relaci\u00f3n: <strong><em>\u00abAnte la falta de informaci\u00f3n total que hay, es importante marcarlo, a m\u00ed me confirman que ya ellos no est\u00e1n juntos y el motivo es un tanto escandaloso\u00bb<\/em><\/strong>.<\/p>\n\n\n\n<p>\u00abNo hubo terceras en discordia ni nada de eso pero lo que me contaron es que ella era abordada por Facundo ante el no blanqueo\u00bb, agreg\u00f3.<\/p>\n\n\n\n<h2 class=\"wp-block-heading\"><em>\u00bfQu\u00e9 pas\u00f3 entre Zaira Nara y Facundo Pieres?<\/em><\/h2>\n\n\n\n<p>Seg\u00fan coment\u00f3 el periodista, Facundo Pieres quer\u00eda que la confirmaci\u00f3n de su romance salga a la luz, pero se ve que Zaira no coincid\u00eda con ello.<\/p>\n\n\n\n<p>Por eso, se\u00f1al\u00f3:<strong><em> \u00abAl parecer, \u00e9l quer\u00eda gritar a los cuatro vientos que estaba de novio con ella. &#8216;\u00bfPor qu\u00e9 me ocult\u00e1s?&#8217;, habr\u00eda sido el planteo que le hizo que desencaden\u00f3 una crisis y luego en una separaci\u00f3n. &#8216;Si estamos tan bien y disfrutamos de la vida, \u00bfpor qu\u00e9 no blanqueamos?'\u00bb.<\/em><\/strong><\/p>\n\n\n\n<figure class=\"wp-block-image size-full\"><img fetchpriority=\"high\" decoding=\"async\" width=\"800\" height=\"450\" src=\"http:\/\/diariodigitalnea.com\/wp-content\/uploads\/2023\/04\/zaira02.jpg\" alt=\"\" class=\"wp-image-7382\" srcset=\"https:\/\/diariodigitalnea.com\/wp-content\/uploads\/2023\/04\/zaira02.jpg 800w, https:\/\/diariodigitalnea.com\/wp-content\/uploads\/2023\/04\/zaira02-300x169.jpg 300w, https:\/\/diariodigitalnea.com\/wp-content\/uploads\/2023\/04\/zaira02-768x432.jpg 768w\" sizes=\"(max-width: 800px) 100vw, 800px\" \/><\/figure>\n\n\n\n<p>Luego de tanta insistencia, lleg\u00f3 el momento donde el polista empez\u00f3 a no gustarle la postura de Zaira, y Juan Etchegoyen continu\u00f3:<strong><em> \u00abMe dicen que Pieres se cans\u00f3, se hart\u00f3 de estar en esta situaci\u00f3n y por eso le puso los puntos a ella. Yo imagino que esto s\u00ed efectivamente pas\u00f3\u00bb<\/em><\/strong>.<\/p>\n\n\n\n<p>Sobre la hermana de Wanda Nara, aclar\u00f3: <strong><em>\u00abCreo que Zaira no estaba del todo convencida de esta relaci\u00f3n e imagino que tampoco estaba enamorada. Me dicen que \u00e9l s\u00ed, que quer\u00eda todo con ella. Por eso quer\u00eda blanquear el v\u00ednculo ante todos, estaba a full Facundo\u00bb.<\/em><\/strong><\/p>\n\n\n\n<p><strong><em>\u00abFue una \u00faltima discusi\u00f3n que termin\u00f3 con la separaci\u00f3n, ese es el detonante me contaban. Por lo que imagino tambi\u00e9n que, ante este escenario, \u00e9l la dej\u00f3 a ella. \u00c9l quer\u00eda un titulo en la relaci\u00f3n que nunca lleg\u00f3\u00bb<\/em><\/strong>, concluy\u00f3.<\/p>\n","protected":false},"excerpt":{"rendered":"<p>Luego de aproximadamente cuatro meses de relaci\u00f3n, a comienzos de abril, Zaira Nara confirm\u00f3 que su romance con Facundo Pieres hab\u00eda terminado. Si bien aparecieron muchos rumores, ahora se habr\u00eda revelado el motivo por el cual se separaron. El periodista Juan Etchegoyen, quien est\u00e1 muy metido en el mundo del espect\u00e1culo, expres\u00f3 en Mitre Live [&hellip;]<\/p>\n","protected":false},"author":3,"featured_media":7381,"comment_status":"closed","ping_status":"closed","sticky":false,"template":"","format":"standard","meta":{"om_disable_all_campaigns":false,"_monsterinsights_skip_tracking":false,"_monsterinsights_sitenote_active":false,"_monsterinsights_sitenote_note":"","_monsterinsights_sitenote_category":0,"footnotes":""},"categories":[7],"tags":[21,2598,409,2597],"class_list":["post-7380","post","type-post","status-publish","format-standard","has-post-thumbnail","hentry","category-espectaculos","tag-espectaculos","tag-facundo-pieres","tag-separacion","tag-zaira-nara"],"aioseo_notices":[],"amp_enabled":true,"_links":{"self":[{"href":"https:\/\/diariodigitalnea.com\/index.php\/wp-json\/wp\/v2\/posts\/7380","targetHints":{"allow":["GET"]}}],"collection":[{"href":"https:\/\/diariodigitalnea.com\/index.php\/wp-json\/wp\/v2\/posts"}],"about":[{"href":"https:\/\/diariodigitalnea.com\/index.php\/wp-json\/wp\/v2\/types\/post"}],"author":[{"embeddable":true,"href":"https:\/\/diariodigitalnea.com\/index.php\/wp-json\/wp\/v2\/users\/3"}],"replies":[{"embeddable":true,"href":"https:\/\/diariodigitalnea.com\/index.php\/wp-json\/wp\/v2\/comments?post=7380"}],"version-history":[{"count":1,"href":"https:\/\/diariodigitalnea.com\/index.php\/wp-json\/wp\/v2\/posts\/7380\/revisions"}],"predecessor-version":[{"id":7383,"href":"https:\/\/diariodigitalnea.com\/index.php\/wp-json\/wp\/v2\/posts\/7380\/revisions\/7383"}],"wp:featuredmedia":[{"embeddable":true,"href":"https:\/\/diariodigitalnea.com\/index.php\/wp-json\/wp\/v2\/media\/7381"}],"wp:attachment":[{"href":"https:\/\/diariodigitalnea.com\/index.php\/wp-json\/wp\/v2\/media?parent=7380"}],"wp:term":[{"taxonomy":"category","embeddable":true,"href":"https:\/\/diariodigitalnea.com\/index.php\/wp-json\/wp\/v2\/categories?post=7380"},{"taxonomy":"post_tag","embeddable":true,"href":"https:\/\/diariodigitalnea.com\/index.php\/wp-json\/wp\/v2\/tags?post=7380"}],"curies":[{"name":"wp","href":"https:\/\/api.w.org\/{rel}","templated":true}]}}