{"id":7377,"date":"2023-04-13T21:55:01","date_gmt":"2023-04-13T21:55:01","guid":{"rendered":"https:\/\/diariodigitalnea.com\/?p=7377"},"modified":"2023-04-13T21:55:02","modified_gmt":"2023-04-13T21:55:02","slug":"siniestro-fatal-en-las-altas-cumbres-un-conductor-choco-contra-la-montana-y-murio-en-el-acto","status":"publish","type":"post","link":"https:\/\/diariodigitalnea.com\/index.php\/2023\/04\/13\/siniestro-fatal-en-las-altas-cumbres-un-conductor-choco-contra-la-montana-y-murio-en-el-acto\/","title":{"rendered":"Siniestro fatal en las Altas Cumbres: un conductor choc\u00f3 contra la monta\u00f1a y muri\u00f3 en el acto"},"content":{"rendered":"\n<p>Un hombre muri\u00f3 al volcar su auto tras impactar contra una monta\u00f1a. Personal de la polic\u00eda y un servicio m\u00e9dico se presentaron en el lugar y constataron el deceso del adulto, quien iba acompa\u00f1ado de su esposa. A\u00fan se investigan las causas del accidente.<\/p>\n\n\n\n<p>Ocurri\u00f3 en horas de la ma\u00f1ana de este jueves, sobre ruta E-34, cuando un mayor de 74 a\u00f1os perdi\u00f3 el control de su veh\u00edculo marca Suzuki e impact\u00f3 contra el cord\u00f3n monta\u00f1oso. El hombre iba acompa\u00f1ado de su pareja de 69 a\u00f1os.<\/p>\n\n\n\n<p>Luego, se hizo presente en el lugar personal de la polic\u00eda y un servicio m\u00e9dico que constat\u00f3 el deceso del hombre. Hasta el momento, se investigan las causas que originaron el siniestro.<\/p>\n","protected":false},"excerpt":{"rendered":"<p>Un hombre muri\u00f3 al volcar su auto tras impactar contra una monta\u00f1a. Personal de la polic\u00eda y un servicio m\u00e9dico se presentaron en el lugar y constataron el deceso del adulto, quien iba acompa\u00f1ado de su esposa. A\u00fan se investigan las causas del accidente. Ocurri\u00f3 en horas de la ma\u00f1ana de este jueves, sobre ruta [&hellip;]<\/p>\n","protected":false},"author":3,"featured_media":7378,"comment_status":"closed","ping_status":"closed","sticky":false,"template":"","format":"standard","meta":{"om_disable_all_campaigns":false,"_monsterinsights_skip_tracking":false,"_monsterinsights_sitenote_active":false,"_monsterinsights_sitenote_note":"","_monsterinsights_sitenote_category":0,"footnotes":""},"categories":[52],"tags":[2596,2457,1024,756],"class_list":["post-7377","post","type-post","status-publish","format-standard","has-post-thumbnail","hentry","category-policiales","tag-altas-cumbres","tag-conductor","tag-cordoba","tag-siniestro-vial"],"aioseo_notices":[],"amp_enabled":true,"_links":{"self":[{"href":"https:\/\/diariodigitalnea.com\/index.php\/wp-json\/wp\/v2\/posts\/7377","targetHints":{"allow":["GET"]}}],"collection":[{"href":"https:\/\/diariodigitalnea.com\/index.php\/wp-json\/wp\/v2\/posts"}],"about":[{"href":"https:\/\/diariodigitalnea.com\/index.php\/wp-json\/wp\/v2\/types\/post"}],"author":[{"embeddable":true,"href":"https:\/\/diariodigitalnea.com\/index.php\/wp-json\/wp\/v2\/users\/3"}],"replies":[{"embeddable":true,"href":"https:\/\/diariodigitalnea.com\/index.php\/wp-json\/wp\/v2\/comments?post=7377"}],"version-history":[{"count":1,"href":"https:\/\/diariodigitalnea.com\/index.php\/wp-json\/wp\/v2\/posts\/7377\/revisions"}],"predecessor-version":[{"id":7379,"href":"https:\/\/diariodigitalnea.com\/index.php\/wp-json\/wp\/v2\/posts\/7377\/revisions\/7379"}],"wp:featuredmedia":[{"embeddable":true,"href":"https:\/\/diariodigitalnea.com\/index.php\/wp-json\/wp\/v2\/media\/7378"}],"wp:attachment":[{"href":"https:\/\/diariodigitalnea.com\/index.php\/wp-json\/wp\/v2\/media?parent=7377"}],"wp:term":[{"taxonomy":"category","embeddable":true,"href":"https:\/\/diariodigitalnea.com\/index.php\/wp-json\/wp\/v2\/categories?post=7377"},{"taxonomy":"post_tag","embeddable":true,"href":"https:\/\/diariodigitalnea.com\/index.php\/wp-json\/wp\/v2\/tags?post=7377"}],"curies":[{"name":"wp","href":"https:\/\/api.w.org\/{rel}","templated":true}]}}