{"id":731,"date":"2022-08-30T12:58:32","date_gmt":"2022-08-30T12:58:32","guid":{"rendered":"https:\/\/diariodigitalnea.com\/?p=731"},"modified":"2022-08-30T15:24:17","modified_gmt":"2022-08-30T15:24:17","slug":"mercedes-del-valle-alegre-37-anos-y-un-adolescente-14-fallecieron-en-el-acto-otras-tres-personas-resultaron-heridas-en-el-choque-frontal-entre-una-camioneta-y-un-camion-ocurrido-en-la-ciudad-de","status":"publish","type":"post","link":"https:\/\/diariodigitalnea.com\/index.php\/2022\/08\/30\/mercedes-del-valle-alegre-37-anos-y-un-adolescente-14-fallecieron-en-el-acto-otras-tres-personas-resultaron-heridas-en-el-choque-frontal-entre-una-camioneta-y-un-camion-ocurrido-en-la-ciudad-de\/","title":{"rendered":"Fatal accidente en ruta correntina: muere una mujer y un menor en choque frontal"},"content":{"rendered":"\n<p>Otras tres personas resultaron heridas en el choque frontal entre una camioneta y un cami\u00f3n, ocurrido en la ciudad de Santo Tom\u00e9.<\/p>\n\n\n\n<p>Mercedes del Valle Alegre, de 37 a\u00f1os, y un adolescente de 14 murieron en el acto, como consecuencia de las grav\u00edsimas lesiones. En tanto que un joven de 19 y un ni\u00f1o de 3 a\u00f1os debieron ser hospitalizados de urgencia. El estado de ambos es reservado.<\/p>\n\n\n\n<p>El fatal accidente se registr\u00f3 ayer cerca de las 11 de la ma\u00f1ana por Ruta Nacional N\u00b0 14, a la altura del kil\u00f3metro 676 aproximadamente, en la zona conocida como campo Isidro B. C\u00e1ceres. &nbsp;<\/p>\n\n\n\n<p>De acuerdo con la investigaci\u00f3n policial, Mercedes del Valle Alegre se desplazaba en una camioneta doble cabina Nissan 4&#215;4, en compa\u00f1\u00eda de su familia, en sentido norte-sur.<\/p>\n\n\n\n<figure class=\"wp-block-image size-large\"><img fetchpriority=\"high\" decoding=\"async\" width=\"1024\" height=\"576\" src=\"https:\/\/diariodigitalnea.com\/wp-content\/uploads\/2022\/08\/accidente-mujer-1-1024x576.jpg\" alt=\"\" class=\"wp-image-734\" srcset=\"https:\/\/diariodigitalnea.com\/wp-content\/uploads\/2022\/08\/accidente-mujer-1-1024x576.jpg 1024w, https:\/\/diariodigitalnea.com\/wp-content\/uploads\/2022\/08\/accidente-mujer-1-300x169.jpg 300w, https:\/\/diariodigitalnea.com\/wp-content\/uploads\/2022\/08\/accidente-mujer-1-768x432.jpg 768w, https:\/\/diariodigitalnea.com\/wp-content\/uploads\/2022\/08\/accidente-mujer-1.jpg 1300w\" sizes=\"(max-width: 1024px) 100vw, 1024px\" \/><figcaption>Otras tres personas resultaron heridas en el choque frontal entre una camioneta y un cami\u00f3n, ocurrido en la ciudad de Santo Tom\u00e9.<\/figcaption><\/figure>\n\n\n\n<p>Por causas que se tratan de establecer, habr\u00eda salido de su carril y termin\u00f3 impactando de frente contra un cami\u00f3n marca Iveco, conducido por un hombre de 54 a\u00f1os, oriundo de Entre R\u00edos.<\/p>\n\n\n\n<p>Como consecuencia del siniestro, en el lugar se produjo el fallecimiento de la mujer de 37 a\u00f1os y el menor de 14, en tanto que el ni\u00f1o de 3 y el joven de 19 a\u00f1os fueron trasladados hasta un centro asistencial, donde se hallan internados con lesiones de car\u00e1cter grave.<\/p>\n\n\n\n<p>El conductor del veh\u00edculo de mayor porte result\u00f3 con lesiones leves y se lo traslad\u00f3 al Hospital San Juan Bautista.<\/p>\n\n\n\n<p>Apenas se conoci\u00f3 la informaci\u00f3n del fatal siniestro, acudieron al lugar ambulancias y enfermeros del hospital local efectivos de la Comisar\u00eda Segunda y de la Unidad Regional Quinta de la Polic\u00eda de la Provincia de Corrientes, de Bomberos Voluntarios y del Escuadr\u00f3n 57 de Gendarmer\u00eda Nacional, que tuvo el trabajo de controlar el tr\u00e1nsito &nbsp;que estuvo demorado por m\u00e1s de una hora. &nbsp;<\/p>\n","protected":false},"excerpt":{"rendered":"<p>Otras tres personas resultaron heridas en el choque frontal entre una camioneta y un cami\u00f3n, ocurrido en la ciudad de Santo Tom\u00e9. Mercedes del Valle Alegre, de 37 a\u00f1os, y un adolescente de 14 murieron en el acto, como consecuencia de las grav\u00edsimas lesiones. En tanto que un joven de 19 y un ni\u00f1o de [&hellip;]<\/p>\n","protected":false},"author":4,"featured_media":733,"comment_status":"closed","ping_status":"closed","sticky":false,"template":"","format":"standard","meta":{"om_disable_all_campaigns":false,"_monsterinsights_skip_tracking":false,"_monsterinsights_sitenote_active":false,"_monsterinsights_sitenote_note":"","_monsterinsights_sitenote_category":0,"footnotes":""},"categories":[34,52],"tags":[60,63,61,62],"class_list":["post-731","post","type-post","status-publish","format-standard","has-post-thumbnail","hentry","category-corrientes","category-policiales","tag-accidente","tag-corrientes","tag-muerte","tag-policiales"],"aioseo_notices":[],"amp_enabled":true,"_links":{"self":[{"href":"https:\/\/diariodigitalnea.com\/index.php\/wp-json\/wp\/v2\/posts\/731","targetHints":{"allow":["GET"]}}],"collection":[{"href":"https:\/\/diariodigitalnea.com\/index.php\/wp-json\/wp\/v2\/posts"}],"about":[{"href":"https:\/\/diariodigitalnea.com\/index.php\/wp-json\/wp\/v2\/types\/post"}],"author":[{"embeddable":true,"href":"https:\/\/diariodigitalnea.com\/index.php\/wp-json\/wp\/v2\/users\/4"}],"replies":[{"embeddable":true,"href":"https:\/\/diariodigitalnea.com\/index.php\/wp-json\/wp\/v2\/comments?post=731"}],"version-history":[{"count":1,"href":"https:\/\/diariodigitalnea.com\/index.php\/wp-json\/wp\/v2\/posts\/731\/revisions"}],"predecessor-version":[{"id":735,"href":"https:\/\/diariodigitalnea.com\/index.php\/wp-json\/wp\/v2\/posts\/731\/revisions\/735"}],"wp:featuredmedia":[{"embeddable":true,"href":"https:\/\/diariodigitalnea.com\/index.php\/wp-json\/wp\/v2\/media\/733"}],"wp:attachment":[{"href":"https:\/\/diariodigitalnea.com\/index.php\/wp-json\/wp\/v2\/media?parent=731"}],"wp:term":[{"taxonomy":"category","embeddable":true,"href":"https:\/\/diariodigitalnea.com\/index.php\/wp-json\/wp\/v2\/categories?post=731"},{"taxonomy":"post_tag","embeddable":true,"href":"https:\/\/diariodigitalnea.com\/index.php\/wp-json\/wp\/v2\/tags?post=731"}],"curies":[{"name":"wp","href":"https:\/\/api.w.org\/{rel}","templated":true}]}}