{"id":7262,"date":"2023-04-09T16:08:55","date_gmt":"2023-04-09T16:08:55","guid":{"rendered":"https:\/\/diariodigitalnea.com\/?p=7262"},"modified":"2023-04-09T16:08:56","modified_gmt":"2023-04-09T16:08:56","slug":"sin-control-despisto-y-volco-en-la-rotonda-de-ruta-16","status":"publish","type":"post","link":"https:\/\/diariodigitalnea.com\/index.php\/2023\/04\/09\/sin-control-despisto-y-volco-en-la-rotonda-de-ruta-16\/","title":{"rendered":"Sin control: despist\u00f3 y volc\u00f3 en la rotonda de ruta 16"},"content":{"rendered":"\n<p>El hecho se registr\u00f3 durante esta madrugada en rotonda de Ruta N\u00b016, frente al hipermercado Libertad afortunadamente el conductor no sufri\u00f3 lesiones graves.<\/p>\n\n\n\n<p>De acuerdo a lo informado por personal policial, el siniestro vial se produjo a las 5 de esta madrugada y tuvo como \u00fanico protagonista a un conductor que circulaba con su veh\u00edculo Chevrolet Cruze, cuando a la altura de la rotonda de ruta 16, perdi\u00f3 el control del rodado y termin\u00f3 volcando hacia la banquina derecha.<\/p>\n\n\n\n<p>En el lugar lleg\u00f3 personal policial de la Comisaria Duod\u00e9cima, quienes constataron la situaci\u00f3n y solicitaron una ambulancia en el lugar. Tras corroborar que el conductor se encontraba en buen estado general, pudo entrevistarse con las autoridades policiales y confirmar que perdi\u00f3 el control del veh\u00edculo, el cual se descontrol\u00f3 y despist\u00f3 ocasionando irremediables vuelcos. Termin\u00f3 ruedas para arriba sobre la banquina del lado derecho de la rotonda. &nbsp;&nbsp;<\/p>\n\n\n\n<p>Se hizo presente tambi\u00e9n un m\u00f3vil de Corredores Viales y Personal de Caminera.<\/p>\n","protected":false},"excerpt":{"rendered":"<p>El hecho se registr\u00f3 durante esta madrugada en rotonda de Ruta N\u00b016, frente al hipermercado Libertad afortunadamente el conductor no sufri\u00f3 lesiones graves. De acuerdo a lo informado por personal policial, el siniestro vial se produjo a las 5 de esta madrugada y tuvo como \u00fanico protagonista a un conductor que circulaba con su veh\u00edculo [&hellip;]<\/p>\n","protected":false},"author":3,"featured_media":7263,"comment_status":"closed","ping_status":"closed","sticky":false,"template":"","format":"standard","meta":{"om_disable_all_campaigns":false,"_monsterinsights_skip_tracking":false,"_monsterinsights_sitenote_active":false,"_monsterinsights_sitenote_note":"","_monsterinsights_sitenote_category":0,"footnotes":""},"categories":[33,52],"tags":[2571,83,756,869],"class_list":["post-7262","post","type-post","status-publish","format-standard","has-post-thumbnail","hentry","category-chaco","category-policiales","tag-rotonda","tag-ruta-16","tag-siniestro-vial","tag-vuelco"],"aioseo_notices":[],"amp_enabled":true,"_links":{"self":[{"href":"https:\/\/diariodigitalnea.com\/index.php\/wp-json\/wp\/v2\/posts\/7262","targetHints":{"allow":["GET"]}}],"collection":[{"href":"https:\/\/diariodigitalnea.com\/index.php\/wp-json\/wp\/v2\/posts"}],"about":[{"href":"https:\/\/diariodigitalnea.com\/index.php\/wp-json\/wp\/v2\/types\/post"}],"author":[{"embeddable":true,"href":"https:\/\/diariodigitalnea.com\/index.php\/wp-json\/wp\/v2\/users\/3"}],"replies":[{"embeddable":true,"href":"https:\/\/diariodigitalnea.com\/index.php\/wp-json\/wp\/v2\/comments?post=7262"}],"version-history":[{"count":1,"href":"https:\/\/diariodigitalnea.com\/index.php\/wp-json\/wp\/v2\/posts\/7262\/revisions"}],"predecessor-version":[{"id":7264,"href":"https:\/\/diariodigitalnea.com\/index.php\/wp-json\/wp\/v2\/posts\/7262\/revisions\/7264"}],"wp:featuredmedia":[{"embeddable":true,"href":"https:\/\/diariodigitalnea.com\/index.php\/wp-json\/wp\/v2\/media\/7263"}],"wp:attachment":[{"href":"https:\/\/diariodigitalnea.com\/index.php\/wp-json\/wp\/v2\/media?parent=7262"}],"wp:term":[{"taxonomy":"category","embeddable":true,"href":"https:\/\/diariodigitalnea.com\/index.php\/wp-json\/wp\/v2\/categories?post=7262"},{"taxonomy":"post_tag","embeddable":true,"href":"https:\/\/diariodigitalnea.com\/index.php\/wp-json\/wp\/v2\/tags?post=7262"}],"curies":[{"name":"wp","href":"https:\/\/api.w.org\/{rel}","templated":true}]}}