{"id":7098,"date":"2023-04-02T23:45:06","date_gmt":"2023-04-02T23:45:06","guid":{"rendered":"https:\/\/diariodigitalnea.com\/?p=7098"},"modified":"2023-04-02T23:47:40","modified_gmt":"2023-04-02T23:47:40","slug":"heroe-de-malvinas-arquitecto-y-docente-de-la-unne","status":"publish","type":"post","link":"https:\/\/diariodigitalnea.com\/index.php\/2023\/04\/02\/heroe-de-malvinas-arquitecto-y-docente-de-la-unne\/","title":{"rendered":"H\u00e9roe de Malvinas, arquitecto y docente de la UNNE"},"content":{"rendered":"\n<p>\u201cSeguir estudiando tras la guerra fue una v\u00eda para reinsertarme en la sociedad\u201d<\/p>\n\n\n\n<p><br>Marcelo Coccato era un joven estudiante que sufri\u00f3 la interrupci\u00f3n de su carrera en la Facultad de Arquitectura por la obligaci\u00f3n de hacer el servicio militar y a poco de finalizar ese periodo, se enterar\u00eda de que participar\u00eda en el conflicto b\u00e9lico de Malvinas. \u201cLa guerra fue muy dura, al igual que el regreso, cuando se nos prohibi\u00f3 hablar de Malvinas\u201d se\u00f1ala el ex soldado, quien, con el paso de los a\u00f1os y con gran esfuerzo y dificultades, se recibi\u00f3 de arquitecto y ejercerci\u00f3 la docencia.<\/p>\n\n\n\n<p><br>Con 17 a\u00f1os, Marcelo Coccato empez\u00f3 a estudiar la carrera universitaria que siempre le atrajo: \u201cArquitectura\u201d. Sab\u00eda que no era una decisi\u00f3n f\u00e1cil, pero se sent\u00eda preparado.<\/p>\n\n\n\n<p><\/p>\n\n\n\n<p>Empez\u00f3 el primer a\u00f1o en el a\u00f1o 1980, logrando el desempe\u00f1o acad\u00e9mico que hab\u00eda proyectado. Pero al cumplir los 18 a\u00f1os lleg\u00f3 el momento de realizar el servicio militar. Pensaba que no ser\u00eda admitido por tener pie plano, pero no fue as\u00ed.<\/p>\n\n\n\n<p><\/p>\n\n\n\n<p>A mediados de febrero de 1981 emprendi\u00f3 el viaje hacia la Ciudad de La Plata, donde har\u00eda la etapa de instrucci\u00f3n, pero tambi\u00e9n tuvo que cumplir el servicio militar en otras dependencias, hasta que lo enviaron a uno de los destinos que casi nadie quer\u00eda por lo lejano y el fr\u00edo: Tierra del Fuego en R\u00edo Grande.<\/p>\n\n\n\n<figure class=\"wp-block-image size-full\"><img fetchpriority=\"high\" decoding=\"async\" width=\"865\" height=\"554\" src=\"https:\/\/diariodigitalnea.com\/wp-content\/uploads\/2023\/04\/mal2.jpg\" alt=\"\" class=\"wp-image-7100\" srcset=\"https:\/\/diariodigitalnea.com\/wp-content\/uploads\/2023\/04\/mal2.jpg 865w, https:\/\/diariodigitalnea.com\/wp-content\/uploads\/2023\/04\/mal2-300x192.jpg 300w, https:\/\/diariodigitalnea.com\/wp-content\/uploads\/2023\/04\/mal2-768x492.jpg 768w\" sizes=\"(max-width: 865px) 100vw, 865px\" \/><\/figure>\n\n\n\n<p>As\u00ed, del calor de la Ciudad de La Plata, el 25 de mayo de 1981 emprendi\u00f3 el viaje en avi\u00f3n hacia Tierra del Fuego que los recibi\u00f3 \u201ccon mucho fr\u00edo y una nevada infernal\u201d.<\/p>\n\n\n\n<p><\/p>\n\n\n\n<p>Tras m\u00e1s de un a\u00f1o en el servicio militar, con algunos malos tratos de por medio, el joven Marcelo esperaba el momento de su baja, pues le quedaban solo dos meses para finalizar su etapa de \u201ccolimba\u201d.<\/p>\n\n\n\n<p><\/p>\n\n\n\n<p>En su prioridad estaba el retomar su vida anterior, la familia, los amigos, y volver a estudiar.<\/p>\n\n\n\n<p><\/p>\n\n\n\n<p>Pero ese ansiado regreso a su ciudad natal, Resistencia Chaco, tendr\u00eda que posponerse por la guerra de Malvinas.<\/p>\n\n\n\n<p><\/p>\n\n\n\n<p>En di\u00e1logo con UNNE Medios, y en conmemoraci\u00f3n del 2 de Abril, el arquitecto Marcelo Coccato, repasa c\u00f3mo transcurrieron los tiempos previos a la guerra, los duros d\u00edas y semanas en medio del conflicto b\u00e9lico, el despu\u00e9s de la guerra, los a\u00f1os de olvido, y los momentos m\u00e1s recientes, sobre lo que considera que en Argentina se est\u00e1 logrando visibilizar un poco m\u00e1s la gesta de Malvinas y darle real valor a ese hecho crucial de la historia argentina.<\/p>\n\n\n\n<p><br>El Arq. Coccato es docente-investigador de la Facultad de Arquitectura y Urbanismo de la UNNE, fue Vicedecano de esa unidad acad\u00e9mica, y cumpli\u00f3 distintos roles en la vida universitaria y el ejercicio profesional, pero siempre con la premisa de poner en alto la gesta de Malvinas.<\/p>\n\n\n\n<p><\/p>\n\n\n\n<p>Alistarse para la guerra<br>Era el inicio del mes de abril de 1982, ese tiempo que, como se mencionara, el joven Marcelo transcurr\u00eda en la espera de la finalizaci\u00f3n de su etapa en el servicio militar.<\/p>\n\n\n\n<p><\/p>\n\n\n\n<p>Pero de a poco se empezar\u00eda a hablar de Malvinas, de una posible guerra, pero \u00e9l y los integrantes de su agrupaci\u00f3n ve\u00edan lejana esa posibilidad.<\/p>\n\n\n\n<p><\/p>\n\n\n\n<p>La noche del 2 de abril, reciben la orden de alistarse y salir a un aprestamiento. Pero no hubo actividad de pr\u00e1cticas militares, sino que en camiones recorrieron distintos lugares, y pasaron la noche arriba de los veh\u00edculos, con los armamentos y sus mochilas. Estuvieron toda la noche sin saber qu\u00e9 pasaba.<\/p>\n\n\n\n<p><\/p>\n\n\n\n<p>A la ma\u00f1ana del d\u00eda siguiente, por las noticias, las revistas y el himno de Malvinas que empezaba a sonar en todos lados se enteraron del desembarco de tropas argentinas en las islas Malvinas con el fin de recuperar la soberan\u00eda. \u201cNo pod\u00edamos creerlo, no est\u00e1bamos preparados para una guerra m\u00e1s all\u00e1 de la preparaci\u00f3n que podr\u00edamos haber tenido durante el servicio militar\u201d.<\/p>\n\n\n\n<p><\/p>\n\n\n\n<p>Tras la recuperaci\u00f3n de las islas y de confirmarse la perspectiva de un cada vez m\u00e1s posible conflicto b\u00e9lico, el batall\u00f3n que integraba Coccato regres\u00f3 al cuartel donde a los pocos d\u00edas empezaban a llegar a R\u00edo Grande las tropas que hab\u00edan desembarcado en Malvinas.<\/p>\n\n\n\n<p>\u201cPara nosotros, llegaba el momento de ir a las islas\u201d.<br>El 8 y 9 de abril el BIM 5 viaja a Malvinas donde su destino final ser\u00eda el Monte Tumbledown, una formaci\u00f3n rocosa a pocos kil\u00f3metros de Puerto Argentino. Pero para llegar all\u00ed tuvieron que recorrer a pie, distintos lugares de manera previa, cargando al cuerpo con el armamento, mochilas y dem\u00e1s elementos.<\/p>\n\n\n\n<figure class=\"wp-block-image size-full\"><img decoding=\"async\" width=\"712\" height=\"483\" src=\"https:\/\/diariodigitalnea.com\/wp-content\/uploads\/2023\/04\/malv1.jpg\" alt=\"\" class=\"wp-image-7107\" srcset=\"https:\/\/diariodigitalnea.com\/wp-content\/uploads\/2023\/04\/malv1.jpg 712w, https:\/\/diariodigitalnea.com\/wp-content\/uploads\/2023\/04\/malv1-300x204.jpg 300w\" sizes=\"(max-width: 712px) 100vw, 712px\" \/><\/figure>\n\n\n\n<p>Los primeros d\u00edas en Malvinas fueron intensos, de organizaci\u00f3n. El fr\u00edo era un enemigo tambi\u00e9n fuerte.<\/p>\n\n\n\n<p><\/p>\n\n\n\n<p>Desde inicios de mayo en las islas empezaron los bombardeos todos los d\u00edas, en especial en horarios nocturnos.<\/p>\n\n\n\n<p><\/p>\n\n\n\n<p>Al principio Coccato integraba la secci\u00f3n de \u201cMorteros 81\u201d pero pas\u00f3 al puesto de comando porque sab\u00eda ingl\u00e9s, y lo \u201cutilizaban\u201d de traductor.<\/p>\n\n\n\n<p><\/p>\n\n\n\n<p>Adem\u00e1s, por sus dotes con el dibujo, uno de los motivos que lo hab\u00edan llevado a elegir la carrera de Arquitectura, en plena guerra tambi\u00e9n le ped\u00edan trazar mapas y esquemas para la log\u00edstica e inteligencia, y para reglar los tiros de artiller\u00eda.<\/p>\n\n\n\n<p><\/p>\n\n\n\n<p>Ya de manera previa, durante el periodo del servicio militar hab\u00eda realizado ese tipo de tareas, por lo que en la guerra tuvo que ponerlas en pr\u00e1ctica.<\/p>\n\n\n\n<p><\/p>\n\n\n\n<p>Durante la guerra las comunicaciones con las familias, por cartas, eran pocas, y cada vez m\u00e1s espaciadas. En ese tiempo, las cartas que recib\u00edan los soldados desde las escuelas fueron importantes para contener la ansiedad por no recibir cartas de familiares.<\/p>\n\n\n\n<p><br>Adem\u00e1s, tampoco los soldados pod\u00edan comunicarse. Al principio se les permit\u00eda mandar algunas cartas, o algunas l\u00edneas por telegrama, pero avanzado el conflicto empez\u00f3 a reinar la censura, y esas comunicaciones, muy espor\u00e1dicas, s\u00f3lo pod\u00edan ser unas palabras previamente autorizadas: \u201cEstoy bien. Gracias. Saludos\u201d.<\/p>\n\n\n\n<figure class=\"wp-block-image size-full\"><img decoding=\"async\" width=\"880\" height=\"631\" src=\"https:\/\/diariodigitalnea.com\/wp-content\/uploads\/2023\/04\/malv2.jpg\" alt=\"\" class=\"wp-image-7102\" srcset=\"https:\/\/diariodigitalnea.com\/wp-content\/uploads\/2023\/04\/malv2.jpg 880w, https:\/\/diariodigitalnea.com\/wp-content\/uploads\/2023\/04\/malv2-300x215.jpg 300w, https:\/\/diariodigitalnea.com\/wp-content\/uploads\/2023\/04\/malv2-768x551.jpg 768w\" sizes=\"(max-width: 880px) 100vw, 880px\" \/><\/figure>\n\n\n\n<p>Los d\u00edas m\u00e1s duros<br>La agrupaci\u00f3n que integraba Coccato, entr\u00f3 en batalla de manera plena en los \u00faltimos d\u00edas antes del fin de la guerra.<\/p>\n\n\n\n<p><\/p>\n\n\n\n<p>El Monte Tumbledown, defendido por el Batall\u00f3n de Infanter\u00eda N\u00b05 de Marina, fue el \u00faltimo punto estrat\u00e9gico defendido por los argentinos antes del fin de la guerra de Malvinas.<\/p>\n\n\n\n<p><\/p>\n\n\n\n<p>\u201cNos bombardeaban de todos lados, primero desde la artiller\u00eda de los barcos, y cuando paraban nos bombardeaban desde los helic\u00f3pteros y luego desde los ca\u00f1ones en tierra\u201d rememora.<\/p>\n\n\n\n<p><\/p>\n\n\n\n<p>\u201cNos met\u00edamos en los pozos, y ni bien asom\u00e1bamos la cabeza ve\u00edamos la lluvia de disparos y bombas\u201d acot\u00f3.<\/p>\n\n\n\n<p><\/p>\n\n\n\n<p>La \u00faltima noche fue la m\u00e1s intensa, con los sonidos y luces de la artiller\u00eda sinti\u00e9ndose cada vez m\u00e1s cerca y de manera m\u00e1s seguida.<\/p>\n\n\n\n<p><\/p>\n\n\n\n<p>En un momento pidieron apoyo de fuego y desde la Jefatura de Ca\u00f1ones 105 la respuesta fue \u201cque apoyo le daremos si ustedes son los \u00fanicos que est\u00e1n peleando\u201d.<\/p>\n\n\n\n<p><\/p>\n\n\n\n<p>Sab\u00edan que esas pr\u00f3ximas horas ser\u00edan cruciales, pero ello no amilan\u00f3 la decisi\u00f3n de seguir combatiendo.<\/p>\n\n\n\n<p><\/p>\n\n\n\n<p>En busca de rearmarse, iniciaron el repliegue hacia el monte Sapper Hill, lugar en el que tuvieron muchas bajas, con la muerte de muchos compa\u00f1eros.<\/p>\n\n\n\n<p><\/p>\n\n\n\n<p>\u201cCuando vimos que los ingleses nos hab\u00edan rodeado, y que no ten\u00edamos m\u00e1s apoyo de municiones ni apoyo a\u00e9reo, sab\u00edamos que llegaba el final. Entramos al pueblo desfilando con las armas y cerca de las dos de la tarde vimos bajar helic\u00f3pteros con banderas inglesas que nos cercaron\u201d.<\/p>\n\n\n\n<p><\/p>\n\n\n\n<p>\u201cPero no nos rendimos, nos tomaron prisioneros\u201d aclara.<\/p>\n\n\n\n<p><\/p>\n\n\n\n<p>Con hambre, ropas maltrechas y heridas, empez\u00f3 la etapa de prisioneros. En esa estad\u00eda como prisioneros recibieron muy buen trato de los ingleses, en especial en alimentos que era lo que m\u00e1s necesitaban.<\/p>\n\n\n\n<p><\/p>\n\n\n\n<p>Tras unos d\u00edas, los llevaron al aeropuerto.<\/p>\n\n\n\n<p><\/p>\n\n\n\n<p>Hab\u00eda all\u00ed un galp\u00f3n lleno de alimentos que pertenec\u00eda a las filas argentinas: \u201ces de ustedes, pueden comer\u201d les dijeron los ingleses. \u201cAh\u00ed comimos de todo. Era un desenfreno, no pod\u00edamos caminar de tanto que hab\u00edamos comido. Chocolates, dulces, realmente fue un desborde que los ingleses no comprend\u00edan\u201d.<\/p>\n\n\n\n<figure class=\"wp-block-image size-large\"><img loading=\"lazy\" decoding=\"async\" width=\"1024\" height=\"683\" src=\"https:\/\/diariodigitalnea.com\/wp-content\/uploads\/2023\/04\/malv9-1024x683.jpg\" alt=\"\" class=\"wp-image-7103\" srcset=\"https:\/\/diariodigitalnea.com\/wp-content\/uploads\/2023\/04\/malv9-1024x683.jpg 1024w, https:\/\/diariodigitalnea.com\/wp-content\/uploads\/2023\/04\/malv9-300x200.jpg 300w, https:\/\/diariodigitalnea.com\/wp-content\/uploads\/2023\/04\/malv9-768x512.jpg 768w, https:\/\/diariodigitalnea.com\/wp-content\/uploads\/2023\/04\/malv9-900x600.jpg 900w, https:\/\/diariodigitalnea.com\/wp-content\/uploads\/2023\/04\/malv9.jpg 1200w\" sizes=\"(max-width: 1024px) 100vw, 1024px\" \/><\/figure>\n\n\n\n<p>Recuerda que al inicio de la guerra llegaban hasta cinco aviones con alimentos, y dem\u00e1s pertrechos, pero los \u00faltimos d\u00edas llegaba un vuelo cada dos o tres d\u00edas.<\/p>\n\n\n\n<p><\/p>\n\n\n\n<p>Luego de unos d\u00edas en el aeropuerto, a los prisioneros los empezaron a embarcar para la liberaci\u00f3n, pero a Coccato lo quer\u00edan dejar detenido, pues como sab\u00eda hablar ingl\u00e9s pensaban que ten\u00eda cargo militar, y la decisi\u00f3n era que los oficiales permanecieron detenidos tras la rendici\u00f3n.<\/p>\n\n\n\n<p><\/p>\n\n\n\n<p>Finalmente logr\u00f3 que entendieran que era \u201csoldado raso\u201d y pudo ser liberado.<\/p>\n\n\n\n<p><\/p>\n\n\n\n<p>Ese fr\u00edo regreso<br>El retorno desde Malvinas fue en el Buque Bah\u00eda Para\u00edso de la Cruz Roja. \u201cEra como un hotel de lujo, pudimos ba\u00f1arnos, nos lavaron la ropa, adem\u00e1s de darnos comida\u201d.<\/p>\n\n\n\n<p><\/p>\n\n\n\n<p>Llegaron a Puerto Belgrano \u201cy desde ese momento empezamos a sentir que nuestros superiores argentinos nos trataban como prisioneros, con mayor rigor respecto a los ingleses que tuvieron m\u00e1s consideraci\u00f3n que los mandos argentinos\u201d.<\/p>\n\n\n\n<p><\/p>\n\n\n\n<p>\u201cNos dijeron: ustedes no pueden hablar ni contar nada de lo que pas\u00f3. Nos amenazaron que no pod\u00edamos decir nada. Para m\u00ed ese fue el choque principal del d\u00eda despu\u00e9s de la guerra, la frialdad del regreso.<\/p>\n\n\n\n<p><\/p>\n\n\n\n<p>En avi\u00f3n fueron a Tierra del Fuego donde el 1 de junio le dieron la baja como soldado.<br>En el regreso a su ciudad de origen, el calor del recibimiento de sus familiares y conocidos no se condec\u00eda con la mirada del resto de la sociedad. \u201cNadie hablaba de Malvinas\u201d<\/p>\n\n\n\n<p><\/p>\n\n\n\n<p>Otra de sus aspiraciones tras la guerra era retomar los estudios, pero fue tambi\u00e9n una experiencia compleja.<\/p>\n\n\n\n<p><\/p>\n\n\n\n<p>\u201cTodo lo que ten\u00eda antes de ir al servicio militar y luego a Malvinas se relacionaba con el estudio. Al volver quer\u00eda retomar todo el v\u00ednculo perdido\u201d.<\/p>\n\n\n\n<p><\/p>\n\n\n\n<p>Pero a su regreso sus compa\u00f1eros del ingreso en el a\u00f1o 1980 ya estaban m\u00e1s avanzados, cursando el tercer a\u00f1o, o rindiendo materias de segundo.<\/p>\n\n\n\n<p>\u201cEstando en el servicio militar, en Tierra del Fuego, hab\u00eda podido venir a rendir una materia, por lo que los lazos no estaban tan cortados. Pero el regreso tambi\u00e9n fue dif\u00edcil en la facultad\u201d se\u00f1ala.<\/p>\n\n\n\n<p><\/p>\n\n\n\n<p>\u201cSi habl\u00e1bamos de la guerra \u00e9ramos vistos como unos locos de la guerra. Dol\u00eda mucho, y uno empezaba a acorazarse, por mucho tiempo me invadi\u00f3 el silencio de hablar del tema\u201d.<\/p>\n\n\n\n<p><\/p>\n\n\n\n<p>A la dificultad de volver a la Universidad por toda la carga emocional y los complejos de la guerra que perduraban en \u00e9l, se le sumaba adem\u00e1s las implicancias propias del proceso de retorno de la democracia, que tambi\u00e9n afectaba las relaciones en la Universidad.<\/p>\n\n\n\n<p><\/p>\n\n\n\n<p>\u201cPara m\u00ed el regreso a la Universidad fue transitar un proceso de reconstrucci\u00f3n democr\u00e1tica pero tambi\u00e9n de reconstrucci\u00f3n como persona\u201d se\u00f1ala y comenta que su padre y su madre hab\u00edan sido detenidos durante el Gobierno de Facto.<\/p>\n\n\n\n<figure class=\"wp-block-image size-full\"><img loading=\"lazy\" decoding=\"async\" width=\"879\" height=\"599\" src=\"https:\/\/diariodigitalnea.com\/wp-content\/uploads\/2023\/04\/malv3-1.jpg\" alt=\"\" class=\"wp-image-7104\" srcset=\"https:\/\/diariodigitalnea.com\/wp-content\/uploads\/2023\/04\/malv3-1.jpg 879w, https:\/\/diariodigitalnea.com\/wp-content\/uploads\/2023\/04\/malv3-1-300x204.jpg 300w, https:\/\/diariodigitalnea.com\/wp-content\/uploads\/2023\/04\/malv3-1-768x523.jpg 768w\" sizes=\"(max-width: 879px) 100vw, 879px\" \/><\/figure>\n\n\n\n<p>Pese a lo complejo que fue retomar los estudios universitarios, Coccato reconoce que seguir estudiando fue importante en su proceso de superaci\u00f3n personal tras la guerra.<\/p>\n\n\n\n<p><\/p>\n\n\n\n<p>Con los miedos e inseguridades que la guerra sembr\u00f3, tuvo que reinsertarse como pudo para continuar los estudios. Hizo muchas materias libres para evitar las clases.<\/p>\n\n\n\n<p><\/p>\n\n\n\n<p>\u201cNo fue un tiempo f\u00e1cil\u201d. Enfocarse en el estudio representaba mucho esfuerzo, \u201cremando contra una serie de circunstancias adversas\u201d.<\/p>\n\n\n\n<p><\/p>\n\n\n\n<p>Poco a poco fue superando los obst\u00e1culos.<\/p>\n\n\n\n<p>Tras m\u00e1s de cinco a\u00f1os de finalizada la guerra de Malvinas, en el a\u00f1o 1987, pudo recibirse de arquitecto.<\/p>\n\n\n\n<p><\/p>\n\n\n\n<p>Su carrera profesional estuvo marcada por la docencia, transitando adem\u00e1s la carrera de investigador, y en cargos directivos en la Facultad.<\/p>\n\n\n\n<p><\/p>\n\n\n\n<p>\u201cEn mi carrera siempre fui difusor de la causa Malvinas, porque sent\u00ed esa necesidad de romper el silencio que por a\u00f1os pes\u00f3 sobre el tema\u201d.<\/p>\n\n\n\n<p><\/p>\n\n\n\n<p>El regreso a Malvinas<br>En el a\u00f1o 2013 el Arquitecto Marcelo Coccato pudo regresar a Malvinas, y recorrer los lugares que lo cobijaron en las semanas del combate.<\/p>\n\n\n\n<p><\/p>\n\n\n\n<p>\u201cViajar a las islas, tras casi tres d\u00e9cadas, fue una experiencia conmovedora. Fue retornar a mis 18 a\u00f1os, a mi juventud, pero tambi\u00e9n a las im\u00e1genes crueles de la guerra\u201d indica.<\/p>\n\n\n\n<p><\/p>\n\n\n\n<p>El regresar a Malvinas era una decisi\u00f3n dif\u00edcil de tomar, desde lo emocional, \u201cpero ahora siento satisfacci\u00f3n de haberlo concretado porque me permiti\u00f3 dimensionar lo vivido, y cerrar muchas heridas.<\/p>\n\n\n\n<p><\/p>\n\n\n\n<p>\u201cAdem\u00e1s por el avance de una enfermedad que padezco. Si no lo hubiera hecho ese a\u00f1o no lo hubiera podido hacer m\u00e1s\u201d<br>Actualmente el arquitecto Marcelo Coccato se muestra presto a todo tipo de actividad relacionada con Malvinas.<\/p>\n\n\n\n<figure class=\"wp-block-image size-large\"><img loading=\"lazy\" decoding=\"async\" width=\"1024\" height=\"576\" src=\"https:\/\/diariodigitalnea.com\/wp-content\/uploads\/2023\/04\/malv8-1024x576.jpg\" alt=\"\" class=\"wp-image-7105\" srcset=\"https:\/\/diariodigitalnea.com\/wp-content\/uploads\/2023\/04\/malv8-1024x576.jpg 1024w, https:\/\/diariodigitalnea.com\/wp-content\/uploads\/2023\/04\/malv8-300x169.jpg 300w, https:\/\/diariodigitalnea.com\/wp-content\/uploads\/2023\/04\/malv8-768x432.jpg 768w, https:\/\/diariodigitalnea.com\/wp-content\/uploads\/2023\/04\/malv8.jpg 1200w\" sizes=\"(max-width: 1024px) 100vw, 1024px\" \/><\/figure>\n\n\n\n<p>\u201cSi bien vivimos un momento de mayor reconocimiento del tema Malvinas, a\u00fan resta mucho para que la lucha de quienes combatieron y quienes dejaron su vida en la guerra tome un real valor, y para seguir haciendo resonar el reclamo de soberan\u00eda\u201d.<\/p>\n\n\n\n<p><\/p>\n\n\n\n<p>\u201cSiempre resuena en m\u00ed esa sensaci\u00f3n de que tan lejos le queda Londres a quienes viven en Malvinas\u201d.<\/p>\n\n\n\n<p><\/p>\n\n\n\n<p>\u201cLas islas son argentinas, ese debe ser el reclamo constante\u201d.<\/p>\n\n\n\n<figure class=\"wp-block-image size-full\"><img loading=\"lazy\" decoding=\"async\" width=\"1024\" height=\"375\" src=\"http:\/\/diariodigitalnea.com\/wp-content\/uploads\/2022\/10\/CONSTRUCAL-CON-FABRICA.jpg\" alt=\"\" class=\"wp-image-2241\" srcset=\"https:\/\/diariodigitalnea.com\/wp-content\/uploads\/2022\/10\/CONSTRUCAL-CON-FABRICA.jpg 1024w, https:\/\/diariodigitalnea.com\/wp-content\/uploads\/2022\/10\/CONSTRUCAL-CON-FABRICA-300x110.jpg 300w, https:\/\/diariodigitalnea.com\/wp-content\/uploads\/2022\/10\/CONSTRUCAL-CON-FABRICA-768x281.jpg 768w\" sizes=\"(max-width: 1024px) 100vw, 1024px\" \/><figcaption>Publicidad: ConstruCal Cales hidratas y vivas para uso vial y construcci\u00f3n TEL: 3624602737<\/figcaption><\/figure>\n","protected":false},"excerpt":{"rendered":"<p>\u201cSeguir estudiando tras la guerra fue una v\u00eda para reinsertarme en la sociedad\u201d Marcelo Coccato era un joven estudiante que sufri\u00f3 la interrupci\u00f3n de su carrera en la Facultad de Arquitectura por la obligaci\u00f3n de hacer el servicio militar y a poco de finalizar ese periodo, se enterar\u00eda de que participar\u00eda en el conflicto b\u00e9lico [&hellip;]<\/p>\n","protected":false},"author":4,"featured_media":7099,"comment_status":"closed","ping_status":"closed","sticky":false,"template":"","format":"standard","meta":{"om_disable_all_campaigns":false,"_monsterinsights_skip_tracking":false,"_monsterinsights_sitenote_active":false,"_monsterinsights_sitenote_note":"","_monsterinsights_sitenote_category":0,"footnotes":""},"categories":[33,95,90],"tags":[2514,2513,2235,2340],"class_list":["post-7098","post","type-post","status-publish","format-standard","has-post-thumbnail","hentry","category-chaco","category-informacion-general","category-nacionales","tag-combatientes","tag-guerramalvinas","tag-heroes","tag-islas-malvinas"],"aioseo_notices":[],"amp_enabled":true,"_links":{"self":[{"href":"https:\/\/diariodigitalnea.com\/index.php\/wp-json\/wp\/v2\/posts\/7098","targetHints":{"allow":["GET"]}}],"collection":[{"href":"https:\/\/diariodigitalnea.com\/index.php\/wp-json\/wp\/v2\/posts"}],"about":[{"href":"https:\/\/diariodigitalnea.com\/index.php\/wp-json\/wp\/v2\/types\/post"}],"author":[{"embeddable":true,"href":"https:\/\/diariodigitalnea.com\/index.php\/wp-json\/wp\/v2\/users\/4"}],"replies":[{"embeddable":true,"href":"https:\/\/diariodigitalnea.com\/index.php\/wp-json\/wp\/v2\/comments?post=7098"}],"version-history":[{"count":2,"href":"https:\/\/diariodigitalnea.com\/index.php\/wp-json\/wp\/v2\/posts\/7098\/revisions"}],"predecessor-version":[{"id":7108,"href":"https:\/\/diariodigitalnea.com\/index.php\/wp-json\/wp\/v2\/posts\/7098\/revisions\/7108"}],"wp:featuredmedia":[{"embeddable":true,"href":"https:\/\/diariodigitalnea.com\/index.php\/wp-json\/wp\/v2\/media\/7099"}],"wp:attachment":[{"href":"https:\/\/diariodigitalnea.com\/index.php\/wp-json\/wp\/v2\/media?parent=7098"}],"wp:term":[{"taxonomy":"category","embeddable":true,"href":"https:\/\/diariodigitalnea.com\/index.php\/wp-json\/wp\/v2\/categories?post=7098"},{"taxonomy":"post_tag","embeddable":true,"href":"https:\/\/diariodigitalnea.com\/index.php\/wp-json\/wp\/v2\/tags?post=7098"}],"curies":[{"name":"wp","href":"https:\/\/api.w.org\/{rel}","templated":true}]}}