{"id":7082,"date":"2023-03-31T04:24:39","date_gmt":"2023-03-31T04:24:39","guid":{"rendered":"https:\/\/diariodigitalnea.com\/?p=7082"},"modified":"2023-03-31T04:25:02","modified_gmt":"2023-03-31T04:25:02","slug":"detuvieron-al-empresario-involucrado-en-la-muerte-de-la-mujer-que-cayo-desde-un-sexto-piso-en-retiro","status":"publish","type":"post","link":"https:\/\/diariodigitalnea.com\/index.php\/2023\/03\/31\/detuvieron-al-empresario-involucrado-en-la-muerte-de-la-mujer-que-cayo-desde-un-sexto-piso-en-retiro\/","title":{"rendered":"Detuvieron al empresario involucrado en la muerte de la mujer que cay\u00f3 desde un sexto piso"},"content":{"rendered":"\n<p>Tiene 52 a\u00f1os, fue imputado por homicidio y est\u00e1 incomunicado. Vecinos del edificio declararon en la causa y dijeron que escucharon gritos<\/p>\n\n\n\n<p>Francisco S\u00e1enz Valiente, un empresario de 52 a\u00f1os qued\u00f3 detenido por el caso de la mujer que muri\u00f3 luego de caer al vac\u00edo desde un sexto piso de un edificio de Retiro, indicaron fuentes del caso a Infobae. De acuerdo a la informaci\u00f3n, fue imputado por homicidio y qued\u00f3 incomunicado.<\/p>\n\n\n\n<p>Al mismo tiempo, la mujer que los acompa\u00f1aba, identificada como J.M.M., brasile\u00f1a de 37 a\u00f1os, hab\u00eda sido demorada, pero ser\u00e1 convocada como testigo. Las fuentes consultadas por este medio indicaron que habr\u00eda \u201cuna tercera mujer en la escena que se retir\u00f3 antes de que llegara la Polic\u00eda\u201d.<\/p>\n\n\n\n<p>De acuerdo a esas mismas fuentes, vecinos del edificio declararon que escucharon gritos. Tambi\u00e9n que vieron unas manos en la ventana en el momento en el que la mujer cae. Sin embargo, no pudieron observar nada m\u00e1s debido a que la unidad tiene cortinas fijas.<\/p>\n\n\n\n<p>Por otro lado, fuentes del caso indicaron que S\u00e1enz Valiente \u201cten\u00eda marcas en el cara\u201d, que podr\u00edan ser rasgu\u00f1os. Seg\u00fan habr\u00eda declarado, la mujer comenz\u00f3 a tener una crisis y comenz\u00f3 a correr por el departamento, dijo que intent\u00f3 detenerla, pero no pudo evitar que se lanzar\u00e1 por la ventana.<\/p>\n\n\n\n<figure class=\"wp-block-image size-full\"><img fetchpriority=\"high\" decoding=\"async\" width=\"768\" height=\"432\" src=\"http:\/\/diariodigitalnea.com\/wp-content\/uploads\/2023\/03\/empresario02.jpg\" alt=\"\" class=\"wp-image-7084\" srcset=\"https:\/\/diariodigitalnea.com\/wp-content\/uploads\/2023\/03\/empresario02.jpg 768w, https:\/\/diariodigitalnea.com\/wp-content\/uploads\/2023\/03\/empresario02-300x169.jpg 300w\" sizes=\"(max-width: 768px) 100vw, 768px\" \/><\/figure>\n\n\n\n<p>Al mismo tiempo, detallaron que en el departamento encontraron botellas de alcohol y copas. En tanto, la v\u00edctima a\u00fan no fue identificada. Creen que podr\u00eda ser extranjera, al igual que las otras dos mujeres que estaban en la casa del empresario.<\/p>\n\n\n\n<p>En la investigaci\u00f3n, en manos del fiscal Santiago Vismara, intervienen la Comisar\u00eda Vecinal 1 de la Polic\u00eda de la Ciudad y la Divisi\u00f3n de Homicidios. La causa est\u00e1 a cargo del Juzgado Nacional en lo Criminal y Correccional N\u00b031, que subroga Mart\u00edn Carlos Del Viso.<\/p>\n\n\n\n<p>Todo comenz\u00f3 esta ma\u00f1ana, tras un llamado al 911. Un m\u00f3vil de la Polic\u00eda de la Ciudad se desplaz\u00f3 hasta un edificio de Libertad al 1.500, en Retiro, ante la denuncia de que en un sexto piso hab\u00eda una persona alterada, inform\u00e1ndose inmediatamente que una mujer se hab\u00eda arrojado desde esa planta al vac\u00edo.<\/p>\n\n\n\n<p>Tambi\u00e9n concurri\u00f3 al lugar Bomberos de la Ciudad. Fue el personal de esta dependencia el que rescat\u00f3 del pulm\u00f3n del edificio a la mujer, a\u00fan con vida. La v\u00edctima fue inmovilizada y, luego, trasladada en una ambulancia del SAME al Hospital Fern\u00e1ndez, detallaron las fuentes.<\/p>\n\n\n\n<p>De acuerdo a las primeras informaciones, la mujer falleci\u00f3 durante el traslado al hospital porte\u00f1o.<\/p>\n\n\n\n<p>Personal policial acompa\u00f1\u00f3 al denunciante, que se encontraba en el sexto piso, en tanto que en la planta baja se encontraba otra mujer.<\/p>\n\n\n\n<p>En di\u00e1logo con TN, Alberto Crescenti, titular del SAME, dijo: \u201cNos lleg\u00f3 una alerta a la central 107 por una persona que hab\u00eda ca\u00eddo desde un sexto piso. Se despach\u00f3 una ambulancia que lleg\u00f3 a los pocos minutos, pero cuando accedi\u00f3 la profesional con el equipo, la mujer presentaba lesiones incompatibles con la vida. Fue trasladada al hospital, pero estaba muerta cuando subi\u00f3 a la ambulancia\u201d.<\/p>\n\n\n\n<p>Adem\u00e1s, Crescenti se\u00f1al\u00f3 que la v\u00edctima se encontraba en un patio interno del edificio al que la m\u00e9dica del SAME que asisti\u00f3 al lugar tuvo que ingresar atravesando una ventana. \u201cEra una mujer de aproximadamente 28 a 30 a\u00f1os\u201d, agreg\u00f3.<\/p>\n","protected":false},"excerpt":{"rendered":"<p>Tiene 52 a\u00f1os, fue imputado por homicidio y est\u00e1 incomunicado. Vecinos del edificio declararon en la causa y dijeron que escucharon gritos Francisco S\u00e1enz Valiente, un empresario de 52 a\u00f1os qued\u00f3 detenido por el caso de la mujer que muri\u00f3 luego de caer al vac\u00edo desde un sexto piso de un edificio de Retiro, indicaron [&hellip;]<\/p>\n","protected":false},"author":3,"featured_media":7083,"comment_status":"closed","ping_status":"closed","sticky":false,"template":"","format":"standard","meta":{"om_disable_all_campaigns":false,"_monsterinsights_skip_tracking":false,"_monsterinsights_sitenote_active":false,"_monsterinsights_sitenote_note":"","_monsterinsights_sitenote_category":0,"footnotes":""},"categories":[90,52],"tags":[455,586,2509],"class_list":["post-7082","post","type-post","status-publish","format-standard","has-post-thumbnail","hentry","category-nacionales","category-policiales","tag-empresario","tag-homicidio","tag-same"],"aioseo_notices":[],"amp_enabled":true,"_links":{"self":[{"href":"https:\/\/diariodigitalnea.com\/index.php\/wp-json\/wp\/v2\/posts\/7082","targetHints":{"allow":["GET"]}}],"collection":[{"href":"https:\/\/diariodigitalnea.com\/index.php\/wp-json\/wp\/v2\/posts"}],"about":[{"href":"https:\/\/diariodigitalnea.com\/index.php\/wp-json\/wp\/v2\/types\/post"}],"author":[{"embeddable":true,"href":"https:\/\/diariodigitalnea.com\/index.php\/wp-json\/wp\/v2\/users\/3"}],"replies":[{"embeddable":true,"href":"https:\/\/diariodigitalnea.com\/index.php\/wp-json\/wp\/v2\/comments?post=7082"}],"version-history":[{"count":2,"href":"https:\/\/diariodigitalnea.com\/index.php\/wp-json\/wp\/v2\/posts\/7082\/revisions"}],"predecessor-version":[{"id":7086,"href":"https:\/\/diariodigitalnea.com\/index.php\/wp-json\/wp\/v2\/posts\/7082\/revisions\/7086"}],"wp:featuredmedia":[{"embeddable":true,"href":"https:\/\/diariodigitalnea.com\/index.php\/wp-json\/wp\/v2\/media\/7083"}],"wp:attachment":[{"href":"https:\/\/diariodigitalnea.com\/index.php\/wp-json\/wp\/v2\/media?parent=7082"}],"wp:term":[{"taxonomy":"category","embeddable":true,"href":"https:\/\/diariodigitalnea.com\/index.php\/wp-json\/wp\/v2\/categories?post=7082"},{"taxonomy":"post_tag","embeddable":true,"href":"https:\/\/diariodigitalnea.com\/index.php\/wp-json\/wp\/v2\/tags?post=7082"}],"curies":[{"name":"wp","href":"https:\/\/api.w.org\/{rel}","templated":true}]}}