{"id":7069,"date":"2023-03-31T00:31:02","date_gmt":"2023-03-31T00:31:02","guid":{"rendered":"https:\/\/diariodigitalnea.com\/?p=7069"},"modified":"2023-03-31T00:31:03","modified_gmt":"2023-03-31T00:31:03","slug":"con-el-diablito-echeverri-como-figura-manana-debuta-la-seleccion-sub-17","status":"publish","type":"post","link":"https:\/\/diariodigitalnea.com\/index.php\/2023\/03\/31\/con-el-diablito-echeverri-como-figura-manana-debuta-la-seleccion-sub-17\/","title":{"rendered":"Con el \u00abDiablito\u00bb Echeverri como figura, ma\u00f1ana debuta la Selecci\u00f3n Sub-17"},"content":{"rendered":"\n<p>El partido correspondiente al grupo B se disputar\u00e1 desde las 21 en el estadio George Capwell de Guayaquil y ser\u00e1 televisado por TyC Sports. El jugador de River, oriundo de Villa R\u00edo Negro (Resistencia) es una de las mayores promesas del f\u00fatbol argentino.<\/p>\n\n\n\n<p><br>El seleccionado argentino sub 17 debutar\u00e1 ma\u00f1ana contra Venezuela en el torneo Sudamericano de Ecuador que brinda cuatro plazas para el Mundial de Per\u00fa.<\/p>\n\n\n\n<p><\/p>\n\n\n\n<p>El partido correspondiente al grupo B se disputar\u00e1 desde las 21 en el estadio George Capwell de Guayaquil y ser\u00e1 televisado por TyC Sports.<\/p>\n\n\n\n<p><\/p>\n\n\n\n<p>El equipo dirigido por Diego Placente defender\u00e1 el t\u00edtulo que conquist\u00f3 en la \u00faltima edici\u00f3n de 2019 y buscar\u00e1 una de las cuatro plazas para el Mundial de Per\u00fa, que se desarrollar\u00e1 desde el 10 de noviembre hasta el 2 de diciembre.<\/p>\n\n\n\n<figure class=\"wp-block-image size-full\"><img fetchpriority=\"high\" decoding=\"async\" width=\"917\" height=\"584\" src=\"https:\/\/diariodigitalnea.com\/wp-content\/uploads\/2023\/03\/eche2.jpg\" alt=\"\" class=\"wp-image-7075\" srcset=\"https:\/\/diariodigitalnea.com\/wp-content\/uploads\/2023\/03\/eche2.jpg 917w, https:\/\/diariodigitalnea.com\/wp-content\/uploads\/2023\/03\/eche2-300x191.jpg 300w, https:\/\/diariodigitalnea.com\/wp-content\/uploads\/2023\/03\/eche2-768x489.jpg 768w\" sizes=\"(max-width: 917px) 100vw, 917px\" \/><\/figure>\n\n\n\n<p>\u00abNuestro objetivo primero es pasar la primera fase y despu\u00e9s clasificar al Mundial, que es lo que vinimos a buscar\u00bb, apunt\u00f3 Placente en declaraciones al sitio oficial de la AFA.<\/p>\n\n\n\n<p><\/p>\n\n\n\n<p>El equipo tiene puesta la esperanza en el mediocampista de River Plate Claudio Echeverri, quien usar\u00e1 la camiseta n\u00famero 10.<\/p>\n\n\n\n<p><\/p>\n\n\n\n<p>El \u00abDiablito\u00bb es una de las mayores promesas del f\u00fatbol argentino e incluso ya tuvo la oportunidad de compartir un entrenamiento con el equipo dirigido por Lionel Scaloni en la \u00faltima doble fecha FIFA.<\/p>\n\n\n\n<figure class=\"wp-block-image size-large\"><img decoding=\"async\" width=\"1024\" height=\"625\" src=\"https:\/\/diariodigitalnea.com\/wp-content\/uploads\/2023\/03\/echeverri-1-1024x625.jpg\" alt=\"\" class=\"wp-image-7076\" srcset=\"https:\/\/diariodigitalnea.com\/wp-content\/uploads\/2023\/03\/echeverri-1-1024x625.jpg 1024w, https:\/\/diariodigitalnea.com\/wp-content\/uploads\/2023\/03\/echeverri-1-300x183.jpg 300w, https:\/\/diariodigitalnea.com\/wp-content\/uploads\/2023\/03\/echeverri-1-768x468.jpg 768w, https:\/\/diariodigitalnea.com\/wp-content\/uploads\/2023\/03\/echeverri-1.jpg 1300w\" sizes=\"(max-width: 1024px) 100vw, 1024px\" \/><figcaption>Echeverri entrenando con la selecci\u00f3n mayor<\/figcaption><\/figure>\n\n\n\n<p><br>El otro jugador a seguir es el arquero Lorenzo Luchino, quien se desempe\u00f1a en las inferiores de Sevilla, de Espa\u00f1a.<\/p>\n\n\n\n<p><\/p>\n\n\n\n<p>Los otros integrantes del grupo B ser\u00e1n Bolivia, Paraguay y Per\u00fa y de los cinco clasificar\u00e1n los primeros tres a la fase final.<\/p>\n\n\n\n<p><\/p>\n\n\n\n<p>El fixture de la Argentina continuar\u00e1 el domingo 2 ante Bolivia, luego el jueves 6 contra Per\u00fa y cerrar\u00e1 el s\u00e1bado frente a Paraguay. Todos ser\u00e1n en Guayaquil.<\/p>\n\n\n\n<p><\/p>\n\n\n\n<p>El torneo comenzar\u00e1 hoy con dos partidos: Colombia-Uruguay, que tendr\u00e1 a Andr\u00e9s Merlos como \u00e1rbitro junto a los asistentes Pablo Gonz\u00e1lez y Sebasti\u00e1n Raineri; y Ecuador-Brasil.<\/p>\n\n\n\n<p><\/p>\n\n\n\n<figure class=\"wp-block-image size-full\"><img decoding=\"async\" width=\"1024\" height=\"375\" src=\"http:\/\/diariodigitalnea.com\/wp-content\/uploads\/2022\/10\/CONSTRUCAL-CON-FABRICA.jpg\" alt=\"\" class=\"wp-image-2241\" srcset=\"https:\/\/diariodigitalnea.com\/wp-content\/uploads\/2022\/10\/CONSTRUCAL-CON-FABRICA.jpg 1024w, https:\/\/diariodigitalnea.com\/wp-content\/uploads\/2022\/10\/CONSTRUCAL-CON-FABRICA-300x110.jpg 300w, https:\/\/diariodigitalnea.com\/wp-content\/uploads\/2022\/10\/CONSTRUCAL-CON-FABRICA-768x281.jpg 768w\" sizes=\"(max-width: 1024px) 100vw, 1024px\" \/><figcaption>Publicidad: ConstruCal Cales hidratas y vivas para uso vial y construcci\u00f3n TEL: 3624602737<\/figcaption><\/figure>\n","protected":false},"excerpt":{"rendered":"<p>El partido correspondiente al grupo B se disputar\u00e1 desde las 21 en el estadio George Capwell de Guayaquil y ser\u00e1 televisado por TyC Sports. El jugador de River, oriundo de Villa R\u00edo Negro (Resistencia) es una de las mayores promesas del f\u00fatbol argentino. El seleccionado argentino sub 17 debutar\u00e1 ma\u00f1ana contra Venezuela en el torneo [&hellip;]<\/p>\n","protected":false},"author":4,"featured_media":7073,"comment_status":"closed","ping_status":"closed","sticky":false,"template":"","format":"standard","meta":{"om_disable_all_campaigns":false,"_monsterinsights_skip_tracking":false,"_monsterinsights_sitenote_active":false,"_monsterinsights_sitenote_note":"","_monsterinsights_sitenote_category":0,"footnotes":""},"categories":[33,6,90],"tags":[187,94,2508,11],"class_list":["post-7069","post","type-post","status-publish","format-standard","has-post-thumbnail","hentry","category-chaco","category-deporte","category-nacionales","tag-chaqueno","tag-deportes","tag-echeverri","tag-futbol"],"aioseo_notices":[],"amp_enabled":true,"_links":{"self":[{"href":"https:\/\/diariodigitalnea.com\/index.php\/wp-json\/wp\/v2\/posts\/7069","targetHints":{"allow":["GET"]}}],"collection":[{"href":"https:\/\/diariodigitalnea.com\/index.php\/wp-json\/wp\/v2\/posts"}],"about":[{"href":"https:\/\/diariodigitalnea.com\/index.php\/wp-json\/wp\/v2\/types\/post"}],"author":[{"embeddable":true,"href":"https:\/\/diariodigitalnea.com\/index.php\/wp-json\/wp\/v2\/users\/4"}],"replies":[{"embeddable":true,"href":"https:\/\/diariodigitalnea.com\/index.php\/wp-json\/wp\/v2\/comments?post=7069"}],"version-history":[{"count":1,"href":"https:\/\/diariodigitalnea.com\/index.php\/wp-json\/wp\/v2\/posts\/7069\/revisions"}],"predecessor-version":[{"id":7077,"href":"https:\/\/diariodigitalnea.com\/index.php\/wp-json\/wp\/v2\/posts\/7069\/revisions\/7077"}],"wp:featuredmedia":[{"embeddable":true,"href":"https:\/\/diariodigitalnea.com\/index.php\/wp-json\/wp\/v2\/media\/7073"}],"wp:attachment":[{"href":"https:\/\/diariodigitalnea.com\/index.php\/wp-json\/wp\/v2\/media?parent=7069"}],"wp:term":[{"taxonomy":"category","embeddable":true,"href":"https:\/\/diariodigitalnea.com\/index.php\/wp-json\/wp\/v2\/categories?post=7069"},{"taxonomy":"post_tag","embeddable":true,"href":"https:\/\/diariodigitalnea.com\/index.php\/wp-json\/wp\/v2\/tags?post=7069"}],"curies":[{"name":"wp","href":"https:\/\/api.w.org\/{rel}","templated":true}]}}