{"id":7064,"date":"2023-03-31T00:29:43","date_gmt":"2023-03-31T00:29:43","guid":{"rendered":"https:\/\/diariodigitalnea.com\/?p=7064"},"modified":"2023-03-31T00:29:44","modified_gmt":"2023-03-31T00:29:44","slug":"bailando-2023-marcelo-tinelli-revelo-a-que-figuras-de-gran-hermano-quiere-en-el-certamen","status":"publish","type":"post","link":"https:\/\/diariodigitalnea.com\/index.php\/2023\/03\/31\/bailando-2023-marcelo-tinelli-revelo-a-que-figuras-de-gran-hermano-quiere-en-el-certamen\/","title":{"rendered":"Bailando 2023: Marcelo Tinelli revel\u00f3 a qu\u00e9 figuras de Gran Hermano quiere en el certamen"},"content":{"rendered":"\n<p>Finalmente, Marcelo Tinelli lleg\u00f3 a la pantalla de Am\u00e9rica y declar\u00f3 que el Bailando volver\u00e1 a estar al aire a partir de julio del corriente a\u00f1o. Adem\u00e1s, cont\u00f3 que le gustar\u00eda contar con varias figuras de Gran Hermano.<\/p>\n\n\n\n<p>En una entrevista con \u00c1ngel De Brito confes\u00f3 que tiene ganas de volver a hacer lo que mejor le rindi\u00f3, que fue el Bailando. En ese contexto, todos comenzaron a arriesgar nombre.<\/p>\n\n\n\n<h2 class=\"wp-block-heading\">A qu\u00e9 participantes de Gran Hermano quiere Marcelo Tinelli<\/h2>\n\n\n\n<p>Marcelo Tinelli declar\u00f3 qui\u00e9nes son los personajes que le encantar\u00eda que lo acompa\u00f1aran en su nuevo ciclo. Al ser el tema del momento, \u00c1ngel de Brito le pregunt\u00f3 por Gran Hermano: \u00ab\u00bfTe gustar\u00eda tener participantes de Gran Hermano, Marcelo?\u00bb. Tinelli dijo que s\u00ed, que est\u00e1 dispuesto a llamar a los chicos del reality, pero tendr\u00edan que arreglar los contratos que tienen con Telefe.<\/p>\n\n\n\n<figure class=\"wp-block-gallery has-nested-images columns-default is-cropped wp-block-gallery-1 is-layout-flex wp-block-gallery-is-layout-flex\">\n<figure class=\"wp-block-image size-large\"><img fetchpriority=\"high\" decoding=\"async\" width=\"650\" height=\"400\" data-id=\"7071\" src=\"https:\/\/diariodigitalnea.com\/wp-content\/uploads\/2023\/03\/alfa.jpg\" alt=\"\" class=\"wp-image-7071\" srcset=\"https:\/\/diariodigitalnea.com\/wp-content\/uploads\/2023\/03\/alfa.jpg 650w, https:\/\/diariodigitalnea.com\/wp-content\/uploads\/2023\/03\/alfa-300x185.jpg 300w\" sizes=\"(max-width: 650px) 100vw, 650px\" \/><\/figure>\n\n\n\n<figure class=\"wp-block-image size-large\"><img decoding=\"async\" width=\"950\" height=\"534\" data-id=\"7072\" src=\"https:\/\/diariodigitalnea.com\/wp-content\/uploads\/2023\/03\/julieta.jpg\" alt=\"\" class=\"wp-image-7072\" srcset=\"https:\/\/diariodigitalnea.com\/wp-content\/uploads\/2023\/03\/julieta.jpg 950w, https:\/\/diariodigitalnea.com\/wp-content\/uploads\/2023\/03\/julieta-300x169.jpg 300w, https:\/\/diariodigitalnea.com\/wp-content\/uploads\/2023\/03\/julieta-768x432.jpg 768w\" sizes=\"(max-width: 950px) 100vw, 950px\" \/><\/figure>\n<\/figure>\n\n\n\n<p>\u00abA m\u00ed me encantar\u00eda tener a los participantes de Gran Hermano, algunos de los participantes me encantan. Alfa me gusta mucho. Tambi\u00e9n me encantan otros participantes. Juli puede ser, es una chica divina. Sab\u00eda que ma\u00f1ana va a estar en LAM y por eso tiraba el dato\u00bb, contest\u00f3 Marcelo Tinelli.<\/p>\n","protected":false},"excerpt":{"rendered":"<p>Finalmente, Marcelo Tinelli lleg\u00f3 a la pantalla de Am\u00e9rica y declar\u00f3 que el Bailando volver\u00e1 a estar al aire a partir de julio del corriente a\u00f1o. Adem\u00e1s, cont\u00f3 que le gustar\u00eda contar con varias figuras de Gran Hermano. En una entrevista con \u00c1ngel De Brito confes\u00f3 que tiene ganas de volver a hacer lo que [&hellip;]<\/p>\n","protected":false},"author":3,"featured_media":7070,"comment_status":"closed","ping_status":"closed","sticky":false,"template":"","format":"standard","meta":{"om_disable_all_campaigns":false,"_monsterinsights_skip_tracking":false,"_monsterinsights_sitenote_active":false,"_monsterinsights_sitenote_note":"","_monsterinsights_sitenote_category":0,"footnotes":""},"categories":[7],"tags":[847,2507,801,1452,652,814],"class_list":["post-7064","post","type-post","status-publish","format-standard","has-post-thumbnail","hentry","category-espectaculos","tag-alfa","tag-bailando-2023","tag-gran-hermano","tag-julieta-poggio","tag-marcelo-tinelli","tag-reality"],"aioseo_notices":[],"amp_enabled":true,"_links":{"self":[{"href":"https:\/\/diariodigitalnea.com\/index.php\/wp-json\/wp\/v2\/posts\/7064","targetHints":{"allow":["GET"]}}],"collection":[{"href":"https:\/\/diariodigitalnea.com\/index.php\/wp-json\/wp\/v2\/posts"}],"about":[{"href":"https:\/\/diariodigitalnea.com\/index.php\/wp-json\/wp\/v2\/types\/post"}],"author":[{"embeddable":true,"href":"https:\/\/diariodigitalnea.com\/index.php\/wp-json\/wp\/v2\/users\/3"}],"replies":[{"embeddable":true,"href":"https:\/\/diariodigitalnea.com\/index.php\/wp-json\/wp\/v2\/comments?post=7064"}],"version-history":[{"count":1,"href":"https:\/\/diariodigitalnea.com\/index.php\/wp-json\/wp\/v2\/posts\/7064\/revisions"}],"predecessor-version":[{"id":7074,"href":"https:\/\/diariodigitalnea.com\/index.php\/wp-json\/wp\/v2\/posts\/7064\/revisions\/7074"}],"wp:featuredmedia":[{"embeddable":true,"href":"https:\/\/diariodigitalnea.com\/index.php\/wp-json\/wp\/v2\/media\/7070"}],"wp:attachment":[{"href":"https:\/\/diariodigitalnea.com\/index.php\/wp-json\/wp\/v2\/media?parent=7064"}],"wp:term":[{"taxonomy":"category","embeddable":true,"href":"https:\/\/diariodigitalnea.com\/index.php\/wp-json\/wp\/v2\/categories?post=7064"},{"taxonomy":"post_tag","embeddable":true,"href":"https:\/\/diariodigitalnea.com\/index.php\/wp-json\/wp\/v2\/tags?post=7064"}],"curies":[{"name":"wp","href":"https:\/\/api.w.org\/{rel}","templated":true}]}}