{"id":7063,"date":"2023-03-31T00:07:30","date_gmt":"2023-03-31T00:07:30","guid":{"rendered":"https:\/\/diariodigitalnea.com\/?p=7063"},"modified":"2023-03-31T00:07:31","modified_gmt":"2023-03-31T00:07:31","slug":"la-pobreza-en-el-gran-resistencia-ya-es-del-54-y-en-seis-meses-sumo-a-18-700-personas","status":"publish","type":"post","link":"https:\/\/diariodigitalnea.com\/index.php\/2023\/03\/31\/la-pobreza-en-el-gran-resistencia-ya-es-del-54-y-en-seis-meses-sumo-a-18-700-personas\/","title":{"rendered":"La pobreza en el Gran Resistencia ya es del 54% y en seis meses sum\u00f3 a 18.700 personas"},"content":{"rendered":"\n<p>Los datos difundidos por el Indec muestran que la del Chaco es la capital m\u00e1s postergada socialmente de todo el pa\u00eds. El nivel de pobreza en el segundo semestre de 2022 fue cuatro puntos porcentuales superior al del primero. Tambi\u00e9n se increment\u00f3 la indigencia.<\/p>\n\n\n\n<p><br>Datos dolorosos fueron difundidos este jueves por el INDEC vinculados a la pobreza en el Gran Resistencia. En el segundo semestre del a\u00f1o 2022, de acuerdo con la Encuesta Permanente de Hogares de este instituto, la pobreza en el aglomerado urbano del Gran Resistencia alcanz\u00f3 al 54% de las personas, marcando un nuevo r\u00e9cord hist\u00f3rico para el aglomerado chaque\u00f1o y siendo el segundo nivel m\u00e1s alto del pa\u00eds, seg\u00fan repas\u00f3 la consultora Politik\u00f3n.<\/p>\n\n\n\n<p><\/p>\n\n\n\n<p>La cifra presenta una suba de 2 puntos porcentuales en relaci\u00f3n con igual semestre del a\u00f1o anterior y de 4,1 puntos contra el semestre anterior, explicada por un fuerte incremento de precios y de las canastas b\u00e1sicas que crecieron por encima de los ingresos de los hogares.<br>De este modo, hay 9.716 nuevas personas en situaci\u00f3n de pobreza respecto al segundo semestre del 2021 en el aglomerado chaque\u00f1o y 17.828 nuevos pobres en comparaci\u00f3n al primer semestre del 2022, seg\u00fan la consultora Politikon basado en datos del INDEC.<\/p>\n\n\n\n<figure class=\"wp-block-image size-large is-resized\"><img fetchpriority=\"high\" decoding=\"async\" src=\"https:\/\/diariodigitalnea.com\/wp-content\/uploads\/2023\/03\/pobre-1024x637.jpg\" alt=\"\" class=\"wp-image-7066\" width=\"970\" height=\"603\" srcset=\"https:\/\/diariodigitalnea.com\/wp-content\/uploads\/2023\/03\/pobre-1024x637.jpg 1024w, https:\/\/diariodigitalnea.com\/wp-content\/uploads\/2023\/03\/pobre-300x187.jpg 300w, https:\/\/diariodigitalnea.com\/wp-content\/uploads\/2023\/03\/pobre-768x478.jpg 768w, https:\/\/diariodigitalnea.com\/wp-content\/uploads\/2023\/03\/pobre.jpg 1029w\" sizes=\"(max-width: 970px) 100vw, 970px\" \/><\/figure>\n\n\n\n<p>Evoluci\u00f3n de la pobreza e indigencia en el Gran Resistencia<\/p>\n\n\n\n<p><\/p>\n\n\n\n<p>En el aglomerado chaque\u00f1o se registraron al segundo semestre de 2022 unas 227.239 personas en situaci\u00f3n de pobreza, que corresponden a 60.291 hogares. As\u00ed, la incidencia de la pobreza lleg\u00f3 al 54,0% de las personas y al 44,9% de hogares. Adem\u00e1s, se registraron 60.724 personas en situaci\u00f3n de indigencia en 15.787 hogares, por lo que la incidencia de la indigencia alcanz\u00f3 al 14,4% de las personas y 11,8% de los hogares.<\/p>\n\n\n\n<p><\/p>\n\n\n\n<p>As\u00ed, la tasa de la pobreza en persona es la segunda m\u00e1s alta del pa\u00eds (solo por debajo del aglomerado entrerriano de Concordia) y la de indigencia es la m\u00e1s alta.<\/p>\n\n\n\n<p><br>Analizando la evoluci\u00f3n de las tasas de pobreza e indigencia para el aglomerado chaque\u00f1o durante el per\u00edodo 2016-2022 (a partir de la nueva serie de medici\u00f3n iniciada en dicho a\u00f1o) se observa que la pobreza en el Gran Resistencia marc\u00f3 un r\u00e9cord en el segundo semestre del 2020 (llegando al 53,6% de las personas) y luego fue disminuyendo durante el 2020. Si bien dio un leve salto hacia el segundo semestre 2021, volvi\u00f3 a disminuir -tambi\u00e9n levemente- sus niveles a inicios del 2022 a partir de una fuerte suba del empleo y la recuperaci\u00f3n parcial de salarios.<\/p>\n\n\n\n<p><\/p>\n\n\n\n<p>Sin embargo, el fuerte incremento de precios registrado en el segundo semestre del 2022 arrastr\u00f3 tambi\u00e9n, y en mayor nivel, a los valores de las canastas b\u00e1sicas, determinantes estas de las l\u00edneas de pobreza e indigencia. En el aglomerado del Gran Resistencia, el ingreso medio per c\u00e1pita familiar creci\u00f3 91% interanual y 39,5% semestral, pero el valor de la canasta b\u00e1sica alimentaria creci\u00f3 en 91,2% y 42,8% respectivamente, situaci\u00f3n que indefectiblemente genera un salto en la incidencia de pobreza en el aglomerado chaque\u00f1o, de igual forma que se dio a nivel pa\u00eds.<\/p>\n\n\n\n<p><\/p>\n\n\n\n<p>En la comparaci\u00f3n contra igual semestre pero del a\u00f1o 2021 (interanual) la tasa de pobreza en el Gran Resistencia se ampli\u00f3 en 2 puntos porcentuales. Esto representa que hay 9.716 nuevos pobres en comparaci\u00f3n a un a\u00f1o atr\u00e1s, pero la variaci\u00f3n semestral fue peor: la pobreza creci\u00f3 en 4,1 punto porcentuales y por ello se generaron 17.828 nuevos pobres en los \u00faltimos seis meses.<\/p>\n\n\n\n<figure class=\"wp-block-image size-full is-resized\"><img decoding=\"async\" src=\"https:\/\/diariodigitalnea.com\/wp-content\/uploads\/2023\/03\/pobre2.jpg\" alt=\"\" class=\"wp-image-7067\" width=\"973\" height=\"664\" srcset=\"https:\/\/diariodigitalnea.com\/wp-content\/uploads\/2023\/03\/pobre2.jpg 936w, https:\/\/diariodigitalnea.com\/wp-content\/uploads\/2023\/03\/pobre2-300x205.jpg 300w, https:\/\/diariodigitalnea.com\/wp-content\/uploads\/2023\/03\/pobre2-768x524.jpg 768w\" sizes=\"(max-width: 973px) 100vw, 973px\" \/><\/figure>\n\n\n\n<p>En t\u00e9rminos hist\u00f3ricos, el 54% de personas en situaci\u00f3n de pobreza configura para el Gran Resistencia un nuevo r\u00e9cord hist\u00f3rico.<br>En el NEA, las personas en situaci\u00f3n de pobreza representaron el 43,6%. Dentro de la regi\u00f3n, Formosa exhibi\u00f3 el menor nivel de personas en situaci\u00f3n de pobreza (34,4%) mientras que el Gran Resistencia contin\u00faa mostrando la mayor tasa de pobreza de la regi\u00f3n. Detr\u00e1s se ubicaron Corrientes (45,2%) y Posadas (36,7%).<\/p>\n\n\n\n<p><\/p>\n\n\n\n<p>Respecto a la indigencia en la regi\u00f3n, el registro de 14,4% del Gran Resistencia la posiciona tambi\u00e9n como el aglomerado con la mayor tasa en el NEA y en el pa\u00eds; en la regi\u00f3n, Posadas exhibe la menor (4,8%).<\/p>\n\n\n\n<p><\/p>\n\n\n\n<p>Como se indic\u00f3 previamente, en el plano nacional el Gran Resistencia exhibe la segunda mayor tasa de pobreza del pa\u00eds, quedando solo por debajo de Concordia (55,2%) mientras que CABA con 16,1% cierra el ranking de aglomerados.<\/p>\n\n\n\n<p><\/p>\n\n\n\n<p>Adem\u00e1s, a nivel nacional, Gran Resistencia tiene la mayor tasa de indigencia del pa\u00eds al tiempo que el Gran San Juan exhibe la menor (1,9%)<\/p>\n\n\n\n<p><\/p>\n\n\n\n<p>En relaci\u00f3n con los ingresos, el aglomerado del Gran Resistencia mostr\u00f3 el menor ingreso medio per c\u00e1pita familiar en el NEA con $ 35.278,7, pero a su vez tuvo el mayor incremento en la regi\u00f3n de ese ingreso: 91% interanual y 39,5%.<\/p>\n\n\n\n<p><\/p>\n\n\n\n<p>Sin embargo, la Canasta B\u00e1sica Alimentaria en la regi\u00f3n se increment\u00f3 91,2% interanual y 42,8% semestral, mientras que el Canasta B\u00e1sica Total lo hizo en 85,3% y 43,6% respectivamente, lo que genera indefectiblemente una suba en los niveles de pobreza ante un escenario de ca\u00edda real de los ingresos.<\/p>\n\n\n\n<figure class=\"wp-block-image size-full\"><img decoding=\"async\" width=\"1024\" height=\"375\" src=\"http:\/\/diariodigitalnea.com\/wp-content\/uploads\/2022\/10\/CONSTRUCAL-CON-FABRICA.jpg\" alt=\"\" class=\"wp-image-2241\" srcset=\"https:\/\/diariodigitalnea.com\/wp-content\/uploads\/2022\/10\/CONSTRUCAL-CON-FABRICA.jpg 1024w, https:\/\/diariodigitalnea.com\/wp-content\/uploads\/2022\/10\/CONSTRUCAL-CON-FABRICA-300x110.jpg 300w, https:\/\/diariodigitalnea.com\/wp-content\/uploads\/2022\/10\/CONSTRUCAL-CON-FABRICA-768x281.jpg 768w\" sizes=\"(max-width: 1024px) 100vw, 1024px\" \/><figcaption>Publicidad: ConstruCal Cales hidratas y vivas para uso vial y construcci\u00f3n TEL: 3624602737<\/figcaption><\/figure>\n","protected":false},"excerpt":{"rendered":"<p>Los datos difundidos por el Indec muestran que la del Chaco es la capital m\u00e1s postergada socialmente de todo el pa\u00eds. El nivel de pobreza en el segundo semestre de 2022 fue cuatro puntos porcentuales superior al del primero. Tambi\u00e9n se increment\u00f3 la indigencia. Datos dolorosos fueron difundidos este jueves por el INDEC vinculados a [&hellip;]<\/p>\n","protected":false},"author":4,"featured_media":7065,"comment_status":"closed","ping_status":"closed","sticky":false,"template":"","format":"standard","meta":{"om_disable_all_campaigns":false,"_monsterinsights_skip_tracking":false,"_monsterinsights_sitenote_active":false,"_monsterinsights_sitenote_note":"","_monsterinsights_sitenote_category":0,"footnotes":""},"categories":[33,5,95],"tags":[74,516,40],"class_list":["post-7063","post","type-post","status-publish","format-standard","has-post-thumbnail","hentry","category-chaco","category-economia","category-informacion-general","tag-chaco","tag-pobreza","tag-resistencia"],"aioseo_notices":[],"amp_enabled":true,"_links":{"self":[{"href":"https:\/\/diariodigitalnea.com\/index.php\/wp-json\/wp\/v2\/posts\/7063","targetHints":{"allow":["GET"]}}],"collection":[{"href":"https:\/\/diariodigitalnea.com\/index.php\/wp-json\/wp\/v2\/posts"}],"about":[{"href":"https:\/\/diariodigitalnea.com\/index.php\/wp-json\/wp\/v2\/types\/post"}],"author":[{"embeddable":true,"href":"https:\/\/diariodigitalnea.com\/index.php\/wp-json\/wp\/v2\/users\/4"}],"replies":[{"embeddable":true,"href":"https:\/\/diariodigitalnea.com\/index.php\/wp-json\/wp\/v2\/comments?post=7063"}],"version-history":[{"count":1,"href":"https:\/\/diariodigitalnea.com\/index.php\/wp-json\/wp\/v2\/posts\/7063\/revisions"}],"predecessor-version":[{"id":7068,"href":"https:\/\/diariodigitalnea.com\/index.php\/wp-json\/wp\/v2\/posts\/7063\/revisions\/7068"}],"wp:featuredmedia":[{"embeddable":true,"href":"https:\/\/diariodigitalnea.com\/index.php\/wp-json\/wp\/v2\/media\/7065"}],"wp:attachment":[{"href":"https:\/\/diariodigitalnea.com\/index.php\/wp-json\/wp\/v2\/media?parent=7063"}],"wp:term":[{"taxonomy":"category","embeddable":true,"href":"https:\/\/diariodigitalnea.com\/index.php\/wp-json\/wp\/v2\/categories?post=7063"},{"taxonomy":"post_tag","embeddable":true,"href":"https:\/\/diariodigitalnea.com\/index.php\/wp-json\/wp\/v2\/tags?post=7063"}],"curies":[{"name":"wp","href":"https:\/\/api.w.org\/{rel}","templated":true}]}}