{"id":7060,"date":"2023-03-30T17:18:18","date_gmt":"2023-03-30T17:18:18","guid":{"rendered":"https:\/\/diariodigitalnea.com\/?p=7060"},"modified":"2023-03-30T17:18:19","modified_gmt":"2023-03-30T17:18:19","slug":"el-tata-martino-le-dijo-no-a-boca","status":"publish","type":"post","link":"https:\/\/diariodigitalnea.com\/index.php\/2023\/03\/30\/el-tata-martino-le-dijo-no-a-boca\/","title":{"rendered":"El \u2018Tata\u2018 Martino le dijo no a Boca"},"content":{"rendered":"\n<p>El rosarino Gerardo \u2018Tata\u2018 Martino rechaz\u00f3 hoy la propuesta que le formul\u00f3 Boca Juniors para convertirse en el nuevo entrenador del equipo en reemplazo de Hugo Ibarra, despedido el martes \u00faltimo.<\/p>\n\n\n\n<p>Seg\u00fan inform\u00f3 a T\u00e9lam una fuente allegada al Consejo de F\u00fatbol de Boca, el \u2018Tata\u2018 Martino agradeci\u00f3 el inter\u00e9s de Boca por contratarlo y les respondi\u00f3 que \u2018por el momento la respuesta es no\u2018.Martino tom\u00f3 contacto con un integrante del Consejo de F\u00fatbol boquense a las 11 y les comunic\u00f3 su negativa a asumir la conducci\u00f3n del equipo.<\/p>\n\n\n\n<p>Luego de la negativa de Martino -la tercera en los \u00faltimos a\u00f1os-, en Boca acelerar\u00e1n las gestiones para contratar a otro entrenador para dirigir el equipo que el jueves 6 de abril debutar\u00e1 en la Copa Libertadores ante Monagas, en Venezuela.<\/p>\n\n\n\n<p>Mientras tanto, el s\u00e1bado ante Barracas Central por la novena fecha de la Liga Profesional de F\u00fatbol (LPF) el equipo ser\u00e1 dirigido por Mariano Herr\u00f3n en forma interina.<\/p>\n\n\n\n<p>Una vez que Martino dijo que no, en Boca ir\u00e1n a la carga por Jos\u00e9 Pekerman, sin trabajo tras haberse desvinculado del seleccionado de Venezuela, y en segundo lugar Diego Mart\u00ednez, el actual DT de Tigre, reconocieron a T\u00e9lam desde el Consejo de F\u00fatbol de Boca.<\/p>\n","protected":false},"excerpt":{"rendered":"<p>El rosarino Gerardo \u2018Tata\u2018 Martino rechaz\u00f3 hoy la propuesta que le formul\u00f3 Boca Juniors para convertirse en el nuevo entrenador del equipo en reemplazo de Hugo Ibarra, despedido el martes \u00faltimo. Seg\u00fan inform\u00f3 a T\u00e9lam una fuente allegada al Consejo de F\u00fatbol de Boca, el \u2018Tata\u2018 Martino agradeci\u00f3 el inter\u00e9s de Boca por contratarlo y [&hellip;]<\/p>\n","protected":false},"author":3,"featured_media":7061,"comment_status":"closed","ping_status":"closed","sticky":false,"template":"","format":"standard","meta":{"om_disable_all_campaigns":false,"_monsterinsights_skip_tracking":false,"_monsterinsights_sitenote_active":false,"_monsterinsights_sitenote_note":"","_monsterinsights_sitenote_category":0,"footnotes":""},"categories":[6],"tags":[254,2498],"class_list":["post-7060","post","type-post","status-publish","format-standard","has-post-thumbnail","hentry","category-deporte","tag-boca-juniors","tag-tata-martino"],"aioseo_notices":[],"amp_enabled":true,"_links":{"self":[{"href":"https:\/\/diariodigitalnea.com\/index.php\/wp-json\/wp\/v2\/posts\/7060","targetHints":{"allow":["GET"]}}],"collection":[{"href":"https:\/\/diariodigitalnea.com\/index.php\/wp-json\/wp\/v2\/posts"}],"about":[{"href":"https:\/\/diariodigitalnea.com\/index.php\/wp-json\/wp\/v2\/types\/post"}],"author":[{"embeddable":true,"href":"https:\/\/diariodigitalnea.com\/index.php\/wp-json\/wp\/v2\/users\/3"}],"replies":[{"embeddable":true,"href":"https:\/\/diariodigitalnea.com\/index.php\/wp-json\/wp\/v2\/comments?post=7060"}],"version-history":[{"count":1,"href":"https:\/\/diariodigitalnea.com\/index.php\/wp-json\/wp\/v2\/posts\/7060\/revisions"}],"predecessor-version":[{"id":7062,"href":"https:\/\/diariodigitalnea.com\/index.php\/wp-json\/wp\/v2\/posts\/7060\/revisions\/7062"}],"wp:featuredmedia":[{"embeddable":true,"href":"https:\/\/diariodigitalnea.com\/index.php\/wp-json\/wp\/v2\/media\/7061"}],"wp:attachment":[{"href":"https:\/\/diariodigitalnea.com\/index.php\/wp-json\/wp\/v2\/media?parent=7060"}],"wp:term":[{"taxonomy":"category","embeddable":true,"href":"https:\/\/diariodigitalnea.com\/index.php\/wp-json\/wp\/v2\/categories?post=7060"},{"taxonomy":"post_tag","embeddable":true,"href":"https:\/\/diariodigitalnea.com\/index.php\/wp-json\/wp\/v2\/tags?post=7060"}],"curies":[{"name":"wp","href":"https:\/\/api.w.org\/{rel}","templated":true}]}}