{"id":7030,"date":"2023-03-29T04:00:00","date_gmt":"2023-03-29T04:00:00","guid":{"rendered":"https:\/\/diariodigitalnea.com\/?p=7030"},"modified":"2023-03-29T04:00:18","modified_gmt":"2023-03-29T04:00:18","slug":"boca-se-quedo-sin-director-tecnico-echaron-a-hugo-ibarra-pero-ya-hay-un-nombre-que-suena-fuerte","status":"publish","type":"post","link":"https:\/\/diariodigitalnea.com\/index.php\/2023\/03\/29\/boca-se-quedo-sin-director-tecnico-echaron-a-hugo-ibarra-pero-ya-hay-un-nombre-que-suena-fuerte\/","title":{"rendered":"Boca se qued\u00f3 sin director t\u00e9cnico: echaron a Hugo Ibarra pero ya hay un nombre que suena fuerte"},"content":{"rendered":"\n<p>Lo confirm\u00f3 \u201cChicho\u201d Serna luego de una reuni\u00f3n en el predio xeneize en Ezeiza. Mariano Herr\u00f3n y Blas Giunta toman el mando de manera interina.<\/p>\n\n\n\n<p>Este martes sorprendi\u00f3 la suspensi\u00f3n del entrenamiento vespertino de Boca en su predio de Ezeiza y horas m\u00e1s tarde, tras una reuni\u00f3n, se confirm\u00f3 la salida de Hugo Ibarra como entrenador del primer equipo xeneize. Mariano Herr\u00f3n y Blas Giunta asumir\u00e1n el rol de manera interina.<\/p>\n\n\n\n<p>El club prescindi\u00f3 del director t\u00e9cnico y se dispone a buscar un reemplazante de manera urgentes, considerando el inminente comienzo de la Copa Libertadores. El encargado de anunciar el despido fue Mauricio \u201cChicho\u201d Serna, miembro del Consejo de F\u00fatbol.<\/p>\n\n\n\n<p>\u201cEste cuerpo t\u00e9cnico no sigue m\u00e1s. Estar\u00e1 hasta ma\u00f1ana que se despide de los jugadores. Son nuestros amigos, los queremos mucho, pero estamos ac\u00e1 para tomar decisiones. Estos d\u00edas ten\u00edamos la decisi\u00f3n tomada, pero lo normal era que volviera nuestro vicepresidente de Europa\u201d, dijo Serna. Con Ibarra se ir\u00e1n Leandro Graci\u00e1n y Roberto \u2018Tito\u2019 Pompei.<\/p>\n\n\n\n<p>Juan Rom\u00e1n Riquelme, vicepresidente del club, regres\u00f3 de Espa\u00f1a y, junto con los otros integrantes del Consejo de F\u00fatbol, tuvo un encuentro con el ahora excuerpo t\u00e9cnico. Entonces, le anunciaron la decisi\u00f3n. Este mi\u00e9rcoles se despedir\u00e1 de los jugadores.<\/p>\n\n\n\n<p><strong>QUI\u00c9N PODR\u00cdA REEMPLAZARLO<\/strong><\/p>\n\n\n\n<p>El principal candidato es Gerardo \u2018Tata\u2019 Martino, que se encuentra en el pa\u00eds luego de haber dirigido a la Selecci\u00f3n de M\u00e9xico en el Mundial de Qatar 2022.<\/p>\n\n\n\n<figure class=\"wp-block-image size-full\"><img fetchpriority=\"high\" decoding=\"async\" width=\"919\" height=\"725\" src=\"http:\/\/diariodigitalnea.com\/wp-content\/uploads\/2023\/03\/tata01.jpg\" alt=\"\" class=\"wp-image-7032\" srcset=\"https:\/\/diariodigitalnea.com\/wp-content\/uploads\/2023\/03\/tata01.jpg 919w, https:\/\/diariodigitalnea.com\/wp-content\/uploads\/2023\/03\/tata01-300x237.jpg 300w, https:\/\/diariodigitalnea.com\/wp-content\/uploads\/2023\/03\/tata01-768x606.jpg 768w, https:\/\/diariodigitalnea.com\/wp-content\/uploads\/2023\/03\/tata01-220x175.jpg 220w\" sizes=\"(max-width: 919px) 100vw, 919px\" \/><\/figure>\n\n\n\n<p>Si Martino no acepta, Riquelme y el Consejo de F\u00fatbol analizar\u00e1n otras opciones. Seg\u00fan trascendi\u00f3, la idea de la dirigencia es correrse de la pol\u00edtica de contratar entrenadores del ri\u00f1\u00f3n del club y buscar uno que tenga m\u00e1s rodaje y experiencia.<\/p>\n\n\n\n<figure class=\"wp-block-image size-full\"><img decoding=\"async\" width=\"1024\" height=\"375\" src=\"http:\/\/diariodigitalnea.com\/wp-content\/uploads\/2022\/10\/CONSTRUCAL-CON-FABRICA.jpg\" alt=\"\" class=\"wp-image-2241\" srcset=\"https:\/\/diariodigitalnea.com\/wp-content\/uploads\/2022\/10\/CONSTRUCAL-CON-FABRICA.jpg 1024w, https:\/\/diariodigitalnea.com\/wp-content\/uploads\/2022\/10\/CONSTRUCAL-CON-FABRICA-300x110.jpg 300w, https:\/\/diariodigitalnea.com\/wp-content\/uploads\/2022\/10\/CONSTRUCAL-CON-FABRICA-768x281.jpg 768w\" sizes=\"(max-width: 1024px) 100vw, 1024px\" \/><figcaption>Publicidad: ConstruCal Cales hidratas y vivas para uso vial y construcci\u00f3n TEL: 3624602737<\/figcaption><\/figure>\n","protected":false},"excerpt":{"rendered":"<p>Lo confirm\u00f3 \u201cChicho\u201d Serna luego de una reuni\u00f3n en el predio xeneize en Ezeiza. Mariano Herr\u00f3n y Blas Giunta toman el mando de manera interina. Este martes sorprendi\u00f3 la suspensi\u00f3n del entrenamiento vespertino de Boca en su predio de Ezeiza y horas m\u00e1s tarde, tras una reuni\u00f3n, se confirm\u00f3 la salida de Hugo Ibarra como [&hellip;]<\/p>\n","protected":false},"author":3,"featured_media":7031,"comment_status":"closed","ping_status":"closed","sticky":false,"template":"","format":"standard","meta":{"om_disable_all_campaigns":false,"_monsterinsights_skip_tracking":false,"_monsterinsights_sitenote_active":false,"_monsterinsights_sitenote_note":"","_monsterinsights_sitenote_category":0,"footnotes":""},"categories":[6],"tags":[254,2499,2239,2498],"class_list":["post-7030","post","type-post","status-publish","format-standard","has-post-thumbnail","hentry","category-deporte","tag-boca-juniors","tag-director-tecnico","tag-hugo-ibarra","tag-tata-martino"],"aioseo_notices":[],"amp_enabled":true,"_links":{"self":[{"href":"https:\/\/diariodigitalnea.com\/index.php\/wp-json\/wp\/v2\/posts\/7030","targetHints":{"allow":["GET"]}}],"collection":[{"href":"https:\/\/diariodigitalnea.com\/index.php\/wp-json\/wp\/v2\/posts"}],"about":[{"href":"https:\/\/diariodigitalnea.com\/index.php\/wp-json\/wp\/v2\/types\/post"}],"author":[{"embeddable":true,"href":"https:\/\/diariodigitalnea.com\/index.php\/wp-json\/wp\/v2\/users\/3"}],"replies":[{"embeddable":true,"href":"https:\/\/diariodigitalnea.com\/index.php\/wp-json\/wp\/v2\/comments?post=7030"}],"version-history":[{"count":1,"href":"https:\/\/diariodigitalnea.com\/index.php\/wp-json\/wp\/v2\/posts\/7030\/revisions"}],"predecessor-version":[{"id":7033,"href":"https:\/\/diariodigitalnea.com\/index.php\/wp-json\/wp\/v2\/posts\/7030\/revisions\/7033"}],"wp:featuredmedia":[{"embeddable":true,"href":"https:\/\/diariodigitalnea.com\/index.php\/wp-json\/wp\/v2\/media\/7031"}],"wp:attachment":[{"href":"https:\/\/diariodigitalnea.com\/index.php\/wp-json\/wp\/v2\/media?parent=7030"}],"wp:term":[{"taxonomy":"category","embeddable":true,"href":"https:\/\/diariodigitalnea.com\/index.php\/wp-json\/wp\/v2\/categories?post=7030"},{"taxonomy":"post_tag","embeddable":true,"href":"https:\/\/diariodigitalnea.com\/index.php\/wp-json\/wp\/v2\/tags?post=7030"}],"curies":[{"name":"wp","href":"https:\/\/api.w.org\/{rel}","templated":true}]}}