{"id":7015,"date":"2023-03-29T00:33:52","date_gmt":"2023-03-29T00:33:52","guid":{"rendered":"https:\/\/diariodigitalnea.com\/?p=7015"},"modified":"2023-03-29T00:33:53","modified_gmt":"2023-03-29T00:33:53","slug":"padrinazgo-campana-para-ayudar-a-perros-en-transito-con-sus-vacunas","status":"publish","type":"post","link":"https:\/\/diariodigitalnea.com\/index.php\/2023\/03\/29\/padrinazgo-campana-para-ayudar-a-perros-en-transito-con-sus-vacunas\/","title":{"rendered":"Padrinazgo: campa\u00f1a para ayudar a perros en tr\u00e1nsito con sus vacunas"},"content":{"rendered":"\n<p>La fundaci\u00f3n animalista Huellas Caninas convoc\u00f3 en redes sociales a una nueva campa\u00f1a de padrinazgo de las vacunas para que perros callejeros puedan estar vacunados esta temporada de temperaturas bajas.<\/p>\n\n\n\n<p><\/p>\n\n\n\n<p>\u00abSe vienen los d\u00edas frescos y no es novedad para nadie que los perris que son peque\u00f1os, est\u00e1n de tr\u00e1nsito, con propietarios de bajo recursos, se encuentran vulnerables o con bajas defensas. Esto puede llevarlos a enfermarse, por lo que empezamos una campa\u00f1a de b\u00fasqueda de padrinos o madrinas para sus vacunas (qu\u00edntuples)\u00bb, comentaron.<\/p>\n\n\n\n<figure class=\"wp-block-image size-full\"><img fetchpriority=\"high\" decoding=\"async\" width=\"873\" height=\"578\" src=\"https:\/\/diariodigitalnea.com\/wp-content\/uploads\/2023\/03\/perr1.jpg\" alt=\"\" class=\"wp-image-7017\" srcset=\"https:\/\/diariodigitalnea.com\/wp-content\/uploads\/2023\/03\/perr1.jpg 873w, https:\/\/diariodigitalnea.com\/wp-content\/uploads\/2023\/03\/perr1-300x199.jpg 300w, https:\/\/diariodigitalnea.com\/wp-content\/uploads\/2023\/03\/perr1-768x508.jpg 768w\" sizes=\"(max-width: 873px) 100vw, 873px\" \/><\/figure>\n\n\n\n<p><br>La convocatoria consiste en cubrir el monto total de una vacuna o un porcentaje, \u00ablo que puedas\u00bb. Cada vacuna tiene un costo de $3000. \u00abTenemos ocho cachorros, y para vacunarlos en es un gran presupuesto\u00bb, se\u00f1alan.<\/p>\n\n\n\n<p><\/p>\n\n\n\n<p>Para colaborar, los interesados pueden acercarse a la veterinaria Tarag\u00fc\u00ed (Comandante Fontana 415, Resistencia) e informar que realizar\u00e1n el aporte para una vacuna en la cuenta de Huellas Caninas. El horario es de 8.30 a 12 y de 17 a 20.<\/p>\n\n\n\n<figure class=\"wp-block-image size-full\"><img decoding=\"async\" width=\"928\" height=\"596\" src=\"https:\/\/diariodigitalnea.com\/wp-content\/uploads\/2023\/03\/perro8.jpg\" alt=\"\" class=\"wp-image-7018\" srcset=\"https:\/\/diariodigitalnea.com\/wp-content\/uploads\/2023\/03\/perro8.jpg 928w, https:\/\/diariodigitalnea.com\/wp-content\/uploads\/2023\/03\/perro8-300x193.jpg 300w, https:\/\/diariodigitalnea.com\/wp-content\/uploads\/2023\/03\/perro8-768x493.jpg 768w\" sizes=\"(max-width: 928px) 100vw, 928px\" \/><\/figure>\n\n\n\n<p>Otra opci\u00f3n es la transferencia al alias URNA. COSMOS. JUJUY, o al CBU: 0110429930042906630115.<\/p>\n\n\n\n<p>\u00abEn nombre de estos peques que se necesitan vacunar, les damos las gracias por adelantado\u00bb, concluyen.<\/p>\n\n\n\n<figure class=\"wp-block-image size-full\"><img decoding=\"async\" width=\"1024\" height=\"375\" src=\"http:\/\/diariodigitalnea.com\/wp-content\/uploads\/2022\/10\/CONSTRUCAL-CON-FABRICA.jpg\" alt=\"\" class=\"wp-image-2241\" srcset=\"https:\/\/diariodigitalnea.com\/wp-content\/uploads\/2022\/10\/CONSTRUCAL-CON-FABRICA.jpg 1024w, https:\/\/diariodigitalnea.com\/wp-content\/uploads\/2022\/10\/CONSTRUCAL-CON-FABRICA-300x110.jpg 300w, https:\/\/diariodigitalnea.com\/wp-content\/uploads\/2022\/10\/CONSTRUCAL-CON-FABRICA-768x281.jpg 768w\" sizes=\"(max-width: 1024px) 100vw, 1024px\" \/><figcaption>Publicidad: ConstruCal Cales hidratas y vivas para uso vial y construcci\u00f3n TEL: 3624602737<\/figcaption><\/figure>\n","protected":false},"excerpt":{"rendered":"<p>La fundaci\u00f3n animalista Huellas Caninas convoc\u00f3 en redes sociales a una nueva campa\u00f1a de padrinazgo de las vacunas para que perros callejeros puedan estar vacunados esta temporada de temperaturas bajas. \u00abSe vienen los d\u00edas frescos y no es novedad para nadie que los perris que son peque\u00f1os, est\u00e1n de tr\u00e1nsito, con propietarios de bajo recursos, [&hellip;]<\/p>\n","protected":false},"author":4,"featured_media":7016,"comment_status":"closed","ping_status":"closed","sticky":false,"template":"","format":"standard","meta":{"om_disable_all_campaigns":false,"_monsterinsights_skip_tracking":false,"_monsterinsights_sitenote_active":false,"_monsterinsights_sitenote_note":"","_monsterinsights_sitenote_category":0,"footnotes":""},"categories":[33,95,149],"tags":[139,2495,131],"class_list":["post-7015","post","type-post","status-publish","format-standard","has-post-thumbnail","hentry","category-chaco","category-informacion-general","category-medio-ambiente","tag-animales","tag-padrinazgo","tag-perros"],"aioseo_notices":[],"amp_enabled":true,"_links":{"self":[{"href":"https:\/\/diariodigitalnea.com\/index.php\/wp-json\/wp\/v2\/posts\/7015","targetHints":{"allow":["GET"]}}],"collection":[{"href":"https:\/\/diariodigitalnea.com\/index.php\/wp-json\/wp\/v2\/posts"}],"about":[{"href":"https:\/\/diariodigitalnea.com\/index.php\/wp-json\/wp\/v2\/types\/post"}],"author":[{"embeddable":true,"href":"https:\/\/diariodigitalnea.com\/index.php\/wp-json\/wp\/v2\/users\/4"}],"replies":[{"embeddable":true,"href":"https:\/\/diariodigitalnea.com\/index.php\/wp-json\/wp\/v2\/comments?post=7015"}],"version-history":[{"count":1,"href":"https:\/\/diariodigitalnea.com\/index.php\/wp-json\/wp\/v2\/posts\/7015\/revisions"}],"predecessor-version":[{"id":7019,"href":"https:\/\/diariodigitalnea.com\/index.php\/wp-json\/wp\/v2\/posts\/7015\/revisions\/7019"}],"wp:featuredmedia":[{"embeddable":true,"href":"https:\/\/diariodigitalnea.com\/index.php\/wp-json\/wp\/v2\/media\/7016"}],"wp:attachment":[{"href":"https:\/\/diariodigitalnea.com\/index.php\/wp-json\/wp\/v2\/media?parent=7015"}],"wp:term":[{"taxonomy":"category","embeddable":true,"href":"https:\/\/diariodigitalnea.com\/index.php\/wp-json\/wp\/v2\/categories?post=7015"},{"taxonomy":"post_tag","embeddable":true,"href":"https:\/\/diariodigitalnea.com\/index.php\/wp-json\/wp\/v2\/tags?post=7015"}],"curies":[{"name":"wp","href":"https:\/\/api.w.org\/{rel}","templated":true}]}}