{"id":7003,"date":"2023-03-28T22:41:09","date_gmt":"2023-03-28T22:41:09","guid":{"rendered":"https:\/\/diariodigitalnea.com\/?p=7003"},"modified":"2023-03-28T22:41:10","modified_gmt":"2023-03-28T22:41:10","slug":"nuevo-guino-de-eeuu-a-argentina-invitaron-a-cafiero-a-una-reunion-con-el-presidente-de-ucrania","status":"publish","type":"post","link":"https:\/\/diariodigitalnea.com\/index.php\/2023\/03\/28\/nuevo-guino-de-eeuu-a-argentina-invitaron-a-cafiero-a-una-reunion-con-el-presidente-de-ucrania\/","title":{"rendered":"Nuevo gui\u00f1o de EEUU a Argentina: invitaron a Cafiero a una reuni\u00f3n con el presidente de Ucrania"},"content":{"rendered":"\n<p>El canciller Cafiero fue el \u00fanico representante latinoamericano presente. En el encuentro debatieron \u00abdistintas iniciativas\u00bb para terminar la guerra.<\/p>\n\n\n\n<p><br>A la espera de la reuni\u00f3n bilateral que mantendr\u00e1 el Presidente Alberto Fern\u00e1ndez con su par estadounidense Joe Biden este mi\u00e9rcoles a las 16, el l\u00edder norteamericano envi\u00f3 un gui\u00f1o de respaldo al invitar al cancillcer Santiago Cafiero a una reuni\u00f3n virtual con el presidente de Ucrania, Volodimir Zelenski.<\/p>\n\n\n\n<figure class=\"wp-block-image size-full\"><img fetchpriority=\"high\" decoding=\"async\" width=\"987\" height=\"635\" src=\"https:\/\/diariodigitalnea.com\/wp-content\/uploads\/2023\/03\/biden-alb.jpg\" alt=\"\" class=\"wp-image-7006\" srcset=\"https:\/\/diariodigitalnea.com\/wp-content\/uploads\/2023\/03\/biden-alb.jpg 987w, https:\/\/diariodigitalnea.com\/wp-content\/uploads\/2023\/03\/biden-alb-300x193.jpg 300w, https:\/\/diariodigitalnea.com\/wp-content\/uploads\/2023\/03\/biden-alb-768x494.jpg 768w\" sizes=\"(max-width: 987px) 100vw, 987px\" \/><\/figure>\n\n\n\n<p>La reuni\u00f3n, seg\u00fan inform\u00f3 Canciller\u00eda, ten\u00eda el objetivo de \u00abdebatir distintas iniciativas para poner fin a la guerra entre Rusia y Ucrania, y establecer una paz duradera en este pa\u00eds\u00bb.<\/p>\n\n\n\n<p><\/p>\n\n\n\n<p>Cafiero fue el \u00fanico canciller latinoamericano que particip\u00f3 del encuentro, lo que significa para el Gobierno una se\u00f1al de respaldo por parte de la administraci\u00f3n Biden.<\/p>\n\n\n\n<figure class=\"wp-block-image size-full\"><img decoding=\"async\" width=\"901\" height=\"626\" src=\"https:\/\/diariodigitalnea.com\/wp-content\/uploads\/2023\/03\/biden-caf.jpg\" alt=\"\" class=\"wp-image-7005\" srcset=\"https:\/\/diariodigitalnea.com\/wp-content\/uploads\/2023\/03\/biden-caf.jpg 901w, https:\/\/diariodigitalnea.com\/wp-content\/uploads\/2023\/03\/biden-caf-300x208.jpg 300w, https:\/\/diariodigitalnea.com\/wp-content\/uploads\/2023\/03\/biden-caf-768x534.jpg 768w\" sizes=\"(max-width: 901px) 100vw, 901px\" \/><\/figure>\n\n\n\n<p>En su intervenci\u00f3n, el representante argentino se\u00f1al\u00f3 que \u00abel mundo quiere la paz en Ucrania, una paz que sea sostenible\u00bb. Adem\u00e1s, cit\u00f3 al papa Francisco cuando dijo: \u00abNo olvidemos al pueblo ucraniano, que contin\u00faa sufriendo por los cr\u00edmenes de la guerra\u00bb.<\/p>\n\n\n\n<p><\/p>\n\n\n\n<p>El encuentro entre Alberto Fern\u00e1ndez y Biden ser\u00e1 a \u00abagenda abierta\u00bb, y el foco ser\u00e1n los 200 a\u00f1os de relaci\u00f3n diplom\u00e1tica entre ambos pa\u00edses.<\/p>\n\n\n\n<figure class=\"wp-block-image size-full\"><img decoding=\"async\" width=\"1024\" height=\"375\" src=\"http:\/\/diariodigitalnea.com\/wp-content\/uploads\/2022\/10\/CONSTRUCAL-CON-FABRICA.jpg\" alt=\"\" class=\"wp-image-2241\" srcset=\"https:\/\/diariodigitalnea.com\/wp-content\/uploads\/2022\/10\/CONSTRUCAL-CON-FABRICA.jpg 1024w, https:\/\/diariodigitalnea.com\/wp-content\/uploads\/2022\/10\/CONSTRUCAL-CON-FABRICA-300x110.jpg 300w, https:\/\/diariodigitalnea.com\/wp-content\/uploads\/2022\/10\/CONSTRUCAL-CON-FABRICA-768x281.jpg 768w\" sizes=\"(max-width: 1024px) 100vw, 1024px\" \/><figcaption>Publicidad: ConstruCal Cales hidratas y vivas para uso vial y construcci\u00f3n TEL: 3624602737<\/figcaption><\/figure>\n","protected":false},"excerpt":{"rendered":"<p>El canciller Cafiero fue el \u00fanico representante latinoamericano presente. En el encuentro debatieron \u00abdistintas iniciativas\u00bb para terminar la guerra. A la espera de la reuni\u00f3n bilateral que mantendr\u00e1 el Presidente Alberto Fern\u00e1ndez con su par estadounidense Joe Biden este mi\u00e9rcoles a las 16, el l\u00edder norteamericano envi\u00f3 un gui\u00f1o de respaldo al invitar al cancillcer [&hellip;]<\/p>\n","protected":false},"author":4,"featured_media":7004,"comment_status":"closed","ping_status":"closed","sticky":false,"template":"","format":"standard","meta":{"om_disable_all_campaigns":false,"_monsterinsights_skip_tracking":false,"_monsterinsights_sitenote_active":false,"_monsterinsights_sitenote_note":"","_monsterinsights_sitenote_category":0,"footnotes":""},"categories":[9,4],"tags":[685,2492,1073],"class_list":["post-7003","post","type-post","status-publish","format-standard","has-post-thumbnail","hentry","category-internacionales","category-politica","tag-alberto-fernandez-2","tag-cafiero","tag-joe-biden"],"aioseo_notices":[],"amp_enabled":true,"_links":{"self":[{"href":"https:\/\/diariodigitalnea.com\/index.php\/wp-json\/wp\/v2\/posts\/7003","targetHints":{"allow":["GET"]}}],"collection":[{"href":"https:\/\/diariodigitalnea.com\/index.php\/wp-json\/wp\/v2\/posts"}],"about":[{"href":"https:\/\/diariodigitalnea.com\/index.php\/wp-json\/wp\/v2\/types\/post"}],"author":[{"embeddable":true,"href":"https:\/\/diariodigitalnea.com\/index.php\/wp-json\/wp\/v2\/users\/4"}],"replies":[{"embeddable":true,"href":"https:\/\/diariodigitalnea.com\/index.php\/wp-json\/wp\/v2\/comments?post=7003"}],"version-history":[{"count":1,"href":"https:\/\/diariodigitalnea.com\/index.php\/wp-json\/wp\/v2\/posts\/7003\/revisions"}],"predecessor-version":[{"id":7007,"href":"https:\/\/diariodigitalnea.com\/index.php\/wp-json\/wp\/v2\/posts\/7003\/revisions\/7007"}],"wp:featuredmedia":[{"embeddable":true,"href":"https:\/\/diariodigitalnea.com\/index.php\/wp-json\/wp\/v2\/media\/7004"}],"wp:attachment":[{"href":"https:\/\/diariodigitalnea.com\/index.php\/wp-json\/wp\/v2\/media?parent=7003"}],"wp:term":[{"taxonomy":"category","embeddable":true,"href":"https:\/\/diariodigitalnea.com\/index.php\/wp-json\/wp\/v2\/categories?post=7003"},{"taxonomy":"post_tag","embeddable":true,"href":"https:\/\/diariodigitalnea.com\/index.php\/wp-json\/wp\/v2\/tags?post=7003"}],"curies":[{"name":"wp","href":"https:\/\/api.w.org\/{rel}","templated":true}]}}