{"id":6830,"date":"2023-03-24T00:22:36","date_gmt":"2023-03-24T00:22:36","guid":{"rendered":"https:\/\/diariodigitalnea.com\/?p=6830"},"modified":"2023-03-24T00:22:37","modified_gmt":"2023-03-24T00:22:37","slug":"este-sabado-25-en-el-tiro-federal-eco-ciudad-recicla-ofrecera-nueva-jornada-de-acopio","status":"publish","type":"post","link":"https:\/\/diariodigitalnea.com\/index.php\/2023\/03\/24\/este-sabado-25-en-el-tiro-federal-eco-ciudad-recicla-ofrecera-nueva-jornada-de-acopio\/","title":{"rendered":"Este s\u00e1bado 25, en el Tiro Federal, \u201cEco Ciudad Recicla\u201d ofrecer\u00e1 nueva jornada de acopio"},"content":{"rendered":"\n<p>El programa municipal \u201cEco Ciudad Recicla\u201d llegar\u00e1 este s\u00e1bado 25 de marzo al Parque Urbano Tiro Federal con su sexta jornada del a\u00f1o destinada al acopio de residuos reciclables.<\/p>\n\n\n\n<p>De esta manera, en el horario de 8 a 12, m\u00e1s de 100 instituciones podr\u00e1n acercar su material reciclable con el objetivo de sumar puntos que les permitan canjearlos luego por elementos para desarrollar mejor sus actividades y potenciar los servicios de sus respectivas sedes.\u00a0<\/p>\n\n\n\n<figure class=\"wp-block-image size-large\"><img fetchpriority=\"high\" decoding=\"async\" width=\"1024\" height=\"1024\" src=\"http:\/\/diariodigitalnea.com\/wp-content\/uploads\/2023\/03\/Eco-ciudad-25-1024x1024.jpg\" alt=\"\" class=\"wp-image-6831\" srcset=\"https:\/\/diariodigitalnea.com\/wp-content\/uploads\/2023\/03\/Eco-ciudad-25-1024x1024.jpg 1024w, https:\/\/diariodigitalnea.com\/wp-content\/uploads\/2023\/03\/Eco-ciudad-25-300x300.jpg 300w, https:\/\/diariodigitalnea.com\/wp-content\/uploads\/2023\/03\/Eco-ciudad-25-150x150.jpg 150w, https:\/\/diariodigitalnea.com\/wp-content\/uploads\/2023\/03\/Eco-ciudad-25-768x768.jpg 768w, https:\/\/diariodigitalnea.com\/wp-content\/uploads\/2023\/03\/Eco-ciudad-25-1536x1536.jpg 1536w, https:\/\/diariodigitalnea.com\/wp-content\/uploads\/2023\/03\/Eco-ciudad-25-200x200.jpg 200w, https:\/\/diariodigitalnea.com\/wp-content\/uploads\/2023\/03\/Eco-ciudad-25.jpg 1600w\" sizes=\"(max-width: 1024px) 100vw, 1024px\" \/><\/figure>\n\n\n\n<p>Al espacio p\u00fablico de avenida Castelli 2100 acudir\u00e1n las personas que representan a entidades educativas, culturales, deportivas, religiosas y comunitarias, quienes gracias al acompa\u00f1amiento de sus vecinos y vecinas recolectaron pl\u00e1sticos PET, aluminio, cart\u00f3n y vidrio con destino de reutilizaci\u00f3n.<\/p>\n\n\n\n<p>Vale recordar que las personas interesadas en sumarse a la iniciativa deber\u00e1n conformar una instituci\u00f3n, designar un referente y luego tramitar su registro mediante el contacto 362-4 611141.<\/p>\n","protected":false},"excerpt":{"rendered":"<p>El programa municipal \u201cEco Ciudad Recicla\u201d llegar\u00e1 este s\u00e1bado 25 de marzo al Parque Urbano Tiro Federal con su sexta jornada del a\u00f1o destinada al acopio de residuos reciclables. De esta manera, en el horario de 8 a 12, m\u00e1s de 100 instituciones podr\u00e1n acercar su material reciclable con el objetivo de sumar puntos que [&hellip;]<\/p>\n","protected":false},"author":3,"featured_media":6832,"comment_status":"closed","ping_status":"closed","sticky":false,"template":"","format":"standard","meta":{"om_disable_all_campaigns":false,"_monsterinsights_skip_tracking":false,"_monsterinsights_sitenote_active":false,"_monsterinsights_sitenote_note":"","_monsterinsights_sitenote_category":0,"footnotes":""},"categories":[33,149],"tags":[150,151,58,270,368],"class_list":["post-6830","post","type-post","status-publish","format-standard","has-post-thumbnail","hentry","category-chaco","category-medio-ambiente","tag-eco-ciudad-recicla","tag-medio-ambiente","tag-municipalidad-de-resistencia","tag-parque-tiro-federal","tag-reciclaje"],"aioseo_notices":[],"amp_enabled":true,"_links":{"self":[{"href":"https:\/\/diariodigitalnea.com\/index.php\/wp-json\/wp\/v2\/posts\/6830","targetHints":{"allow":["GET"]}}],"collection":[{"href":"https:\/\/diariodigitalnea.com\/index.php\/wp-json\/wp\/v2\/posts"}],"about":[{"href":"https:\/\/diariodigitalnea.com\/index.php\/wp-json\/wp\/v2\/types\/post"}],"author":[{"embeddable":true,"href":"https:\/\/diariodigitalnea.com\/index.php\/wp-json\/wp\/v2\/users\/3"}],"replies":[{"embeddable":true,"href":"https:\/\/diariodigitalnea.com\/index.php\/wp-json\/wp\/v2\/comments?post=6830"}],"version-history":[{"count":1,"href":"https:\/\/diariodigitalnea.com\/index.php\/wp-json\/wp\/v2\/posts\/6830\/revisions"}],"predecessor-version":[{"id":6833,"href":"https:\/\/diariodigitalnea.com\/index.php\/wp-json\/wp\/v2\/posts\/6830\/revisions\/6833"}],"wp:featuredmedia":[{"embeddable":true,"href":"https:\/\/diariodigitalnea.com\/index.php\/wp-json\/wp\/v2\/media\/6832"}],"wp:attachment":[{"href":"https:\/\/diariodigitalnea.com\/index.php\/wp-json\/wp\/v2\/media?parent=6830"}],"wp:term":[{"taxonomy":"category","embeddable":true,"href":"https:\/\/diariodigitalnea.com\/index.php\/wp-json\/wp\/v2\/categories?post=6830"},{"taxonomy":"post_tag","embeddable":true,"href":"https:\/\/diariodigitalnea.com\/index.php\/wp-json\/wp\/v2\/tags?post=6830"}],"curies":[{"name":"wp","href":"https:\/\/api.w.org\/{rel}","templated":true}]}}