{"id":6808,"date":"2023-03-23T15:04:41","date_gmt":"2023-03-23T15:04:41","guid":{"rendered":"https:\/\/diariodigitalnea.com\/?p=6808"},"modified":"2023-03-23T15:04:42","modified_gmt":"2023-03-23T15:04:42","slug":"seleccion-argentina-vs-panama-horario-formaciones-y-tv","status":"publish","type":"post","link":"https:\/\/diariodigitalnea.com\/index.php\/2023\/03\/23\/seleccion-argentina-vs-panama-horario-formaciones-y-tv\/","title":{"rendered":"Selecci\u00f3n argentina vs Panam\u00e1: horario, formaciones y TV"},"content":{"rendered":"\n<p>La Selecci\u00f3n argentina disputa este jueves el primero de los amistosos que sirven como festejo por la Copa del Mundo obtenida en el Mundial de Qatar 2022.<\/p>\n\n\n\n<p>La Selecci\u00f3n Argentina de f\u00fatbol campe\u00f3n del Mundial de Qatar 2022 festeja este jueves por primera vez en un estadio la tercera estrella con una gran fiesta y un partido amistoso ante Panam\u00e1.<\/p>\n\n\n\n<p>El renovado estadio Monumental, con capacidad para m\u00e1s de 83.000 espectadores, ser\u00e1 la sede del encuentro que comenzar\u00e1 a las 20:30 y ser\u00e1 televisado por la TV P\u00fablica y TyC Sports.<\/p>\n\n\n\n<p>Sin embargo, los festejos del equipo Campe\u00f3n del Mundo comenzar\u00e1n a las 16 y terminar\u00e1n despu\u00e9s del partido, con la esperada entrega del trofeo que el capit\u00e1n Lionel Messi ofrecer\u00e1 al p\u00fablico.<\/p>\n\n\n\n<p>Tres meses despu\u00e9s de la hist\u00f3rica final en el Mundial de Qatar 2022 contra Francia, la Selecci\u00f3n argentina que dirige Lionel Scaloni se presentar\u00e1 ante el p\u00fablico argentino por primera vez con la camiseta de las tres estrellas sobre el escudo de la AFA, en medio de una gran expectativa.<\/p>\n\n\n\n<figure class=\"wp-block-image size-full\"><img fetchpriority=\"high\" decoding=\"async\" width=\"610\" height=\"457\" src=\"http:\/\/diariodigitalnea.com\/wp-content\/uploads\/2023\/03\/arg3.jpg\" alt=\"\" class=\"wp-image-6811\" srcset=\"https:\/\/diariodigitalnea.com\/wp-content\/uploads\/2023\/03\/arg3.jpg 610w, https:\/\/diariodigitalnea.com\/wp-content\/uploads\/2023\/03\/arg3-300x225.jpg 300w\" sizes=\"(max-width: 610px) 100vw, 610px\" \/><\/figure>\n\n\n\n<p>La segunda oportunidad de ver a los campeones del Mundo ser\u00e1 el martes 28 en el estadio Madre de Ciudades, en Santiago del Estero, en donde la Argentina recibir\u00e1 a Curazao.<\/p>\n\n\n\n<p>M\u00e1s de un mill\u00f3n y medio de personas intentaron conseguir las aproximadamente 40.000 entradas que se pusieron a la venta la semana pasada. La otra mitad de los tickets fueron destinados a familiares y amigos del plantel, y a los compromisos comerciales de la AFA con sus patrocinadores.<\/p>\n\n\n\n<p>Los \u00abh\u00e9roes\u00bb de Qatar se reencontrar\u00e1n con los fan\u00e1ticos \u00abalbicelestes\u00bb, ganadores del premio \u00abThe Best\u00bb de la FIFA a la mejor hinchada, despu\u00e9s de la hist\u00f3rica movilizaci\u00f3n popular del pasado 20 de diciembre en las calles de la ciudad de Buenos Aires y el conurbano bonaerense.<\/p>\n\n\n\n<p>M\u00e1s de cinco millones de personas salieron entonces a festejar la tercera estrella, que cort\u00f3 la racha de 36 a\u00f1os sin t\u00edtulos mundiales desde M\u00e9xico 1986. Despu\u00e9s de los festejos, la mayor\u00eda de los 26 futbolistas que participaron de la conquista volvieron r\u00e1pidamente a sus respectivos clubes en el exterior y no pudieron disfrutar tanto del cari\u00f1o eterno del p\u00fablico.<\/p>\n\n\n\n<p>Por lo tanto, desde la AFA decidieron que la primera ventana 2023 de la FIFA se para jugar dos partidos en Argentina para continuar con la celebraci\u00f3n. As\u00ed las cosas, Panam\u00e1 ser\u00e1 el invitado a una fiesta ajena que tendr\u00e1 un partido de f\u00fatbol como excusa.<\/p>\n\n\n\n<p>El seleccionado perteneciente a la Concacaf incluso viaj\u00f3 a Buenos Aires con un plantel alternativo y sin su entrenador principal (Thomas Christiansen), quien se qued\u00f3 en Panam\u00e1 para preparar otro partido con los habituales convocados.<\/p>\n\n\n\n<figure class=\"wp-block-image size-full\"><img decoding=\"async\" width=\"610\" height=\"460\" src=\"http:\/\/diariodigitalnea.com\/wp-content\/uploads\/2023\/03\/arg2.jpg\" alt=\"\" class=\"wp-image-6810\" srcset=\"https:\/\/diariodigitalnea.com\/wp-content\/uploads\/2023\/03\/arg2.jpg 610w, https:\/\/diariodigitalnea.com\/wp-content\/uploads\/2023\/03\/arg2-300x226.jpg 300w\" sizes=\"(max-width: 610px) 100vw, 610px\" \/><\/figure>\n\n\n\n<p><strong>Posibles formaciones<\/strong><\/p>\n\n\n\n<p><strong>Argentina:<\/strong><\/p>\n\n\n\n<p>Emiliano Dibu Mart\u00ednez; Nahuel Molina, Cristian Romero, Nicol\u00e1s Otamendi y Nicol\u00e1s Tagliafico; Rodrigo De Paul, Enzo Fern\u00e1ndez y Alexis Mac Allister; Lionel Messi, Juli\u00e1n \u00c1lvarez y \u00c1ngel Di Mar\u00eda. DT: Lionel Scaloni.<\/p>\n\n\n\n<p><strong>Panam\u00e1:<\/strong><\/p>\n\n\n\n<p>Jos\u00e9 Guerra; Iv\u00e1n Anderson, Edgardo Fari\u00f1a, Gilberto Hern\u00e1ndez, Richard Peralta y Kevin Galv\u00e1n; Cristian Quintero, Jos\u00e9 Murillo, Jorge Serrano, Mart\u00edn Mor\u00e1n; y Alfredo Stephens. DT: Julio C\u00e9sar Dely Vald\u00e9s.<\/p>\n\n\n\n<p><strong>Hora:<\/strong> 20:30.<\/p>\n\n\n\n<p><strong>Estadio: <\/strong>Monumental.<\/p>\n\n\n\n<p><strong>\u00c1rbitro: <\/strong>Christian Ferreyra (Uruguay).<\/p>\n\n\n\n<p><strong>TV: <\/strong>TV P\u00fablica y TyC Sports.<\/p>\n","protected":false},"excerpt":{"rendered":"<p>La Selecci\u00f3n argentina disputa este jueves el primero de los amistosos que sirven como festejo por la Copa del Mundo obtenida en el Mundial de Qatar 2022. La Selecci\u00f3n Argentina de f\u00fatbol campe\u00f3n del Mundial de Qatar 2022 festeja este jueves por primera vez en un estadio la tercera estrella con una gran fiesta y [&hellip;]<\/p>\n","protected":false},"author":3,"featured_media":6809,"comment_status":"closed","ping_status":"closed","sticky":false,"template":"","format":"standard","meta":{"om_disable_all_campaigns":false,"_monsterinsights_skip_tracking":false,"_monsterinsights_sitenote_active":false,"_monsterinsights_sitenote_note":"","_monsterinsights_sitenote_category":0,"footnotes":""},"categories":[6],"tags":[1563,745,2448,241],"class_list":["post-6808","post","type-post","status-publish","format-standard","has-post-thumbnail","hentry","category-deporte","tag-la-scaloneta","tag-monumental","tag-panama","tag-seleccion-argentina"],"aioseo_notices":[],"amp_enabled":true,"_links":{"self":[{"href":"https:\/\/diariodigitalnea.com\/index.php\/wp-json\/wp\/v2\/posts\/6808","targetHints":{"allow":["GET"]}}],"collection":[{"href":"https:\/\/diariodigitalnea.com\/index.php\/wp-json\/wp\/v2\/posts"}],"about":[{"href":"https:\/\/diariodigitalnea.com\/index.php\/wp-json\/wp\/v2\/types\/post"}],"author":[{"embeddable":true,"href":"https:\/\/diariodigitalnea.com\/index.php\/wp-json\/wp\/v2\/users\/3"}],"replies":[{"embeddable":true,"href":"https:\/\/diariodigitalnea.com\/index.php\/wp-json\/wp\/v2\/comments?post=6808"}],"version-history":[{"count":1,"href":"https:\/\/diariodigitalnea.com\/index.php\/wp-json\/wp\/v2\/posts\/6808\/revisions"}],"predecessor-version":[{"id":6812,"href":"https:\/\/diariodigitalnea.com\/index.php\/wp-json\/wp\/v2\/posts\/6808\/revisions\/6812"}],"wp:featuredmedia":[{"embeddable":true,"href":"https:\/\/diariodigitalnea.com\/index.php\/wp-json\/wp\/v2\/media\/6809"}],"wp:attachment":[{"href":"https:\/\/diariodigitalnea.com\/index.php\/wp-json\/wp\/v2\/media?parent=6808"}],"wp:term":[{"taxonomy":"category","embeddable":true,"href":"https:\/\/diariodigitalnea.com\/index.php\/wp-json\/wp\/v2\/categories?post=6808"},{"taxonomy":"post_tag","embeddable":true,"href":"https:\/\/diariodigitalnea.com\/index.php\/wp-json\/wp\/v2\/tags?post=6808"}],"curies":[{"name":"wp","href":"https:\/\/api.w.org\/{rel}","templated":true}]}}