{"id":6794,"date":"2023-03-21T23:30:25","date_gmt":"2023-03-21T23:30:25","guid":{"rendered":"https:\/\/diariodigitalnea.com\/?p=6794"},"modified":"2023-03-21T23:30:25","modified_gmt":"2023-03-21T23:30:25","slug":"fanaticos-religiosos-destruyeron-una-muestra-de-arte-feminista-al-grito-de-viva-la-virgen","status":"publish","type":"post","link":"https:\/\/diariodigitalnea.com\/index.php\/2023\/03\/21\/fanaticos-religiosos-destruyeron-una-muestra-de-arte-feminista-al-grito-de-viva-la-virgen\/","title":{"rendered":"Fan\u00e1ticos religiosos destruyeron una muestra de arte feminista al grito de \u00abViva la virgen\u00bb"},"content":{"rendered":"\n<p>Unas 50 personas ingresaron a la sala donde se encontraba la exposici\u00f3n y destrozaron todas las obras al grito de \u00abViva Cristo Rey\u00bb y \u00abViva la Virgen\u00bb.<\/p>\n\n\n\n<p><br>Un grupo de fan\u00e1ticos religiosos ingres\u00f3 al Rectorado de la Universidad Nacional de Cuyo (UNCuyo) en la tarde de este lunes 20 de marzo y destruy\u00f3 las obras pertenecientes a la muestra de arte feminista 8M Manifiestos Visuales, las cuales fueron cuestionadas por la Iglesia Cat\u00f3lica.<\/p>\n\n\n\n<p><\/p>\n\n\n\n<p>De esta manera, tras haber realizado un rezo (guiado al parecer por un di\u00e1cono) al grito de \u00abViva Cristo Rey\u00bb y \u00abViva la Virgen\u00bb unas 50 personas irrumpieron en el lugar y comenzaron a destruir la exposici\u00f3n que fue calificada por la Arquidi\u00f3cesis de Mendoza como \u00abviolencia simb\u00f3lica sobre los signos religiosos\u00bb.<\/p>\n\n\n\n<p><\/p>\n\n\n\n<p>Seg\u00fan inform\u00f3 el Diario UNO, el secretario de Extensi\u00f3n y Articulaci\u00f3n de la Facultad de Artes y Dise\u00f1o, Sergio Rosas, asegur\u00f3 que los responsables del ataque a la muestra fueron \u00abcat\u00f3licos autoconvocados\u00bb. \u00abSe citaron ellos mismos desde las 17 por la web. Tenemos el registro y pueden ser individualizados\u00bb, detall\u00f3.<\/p>\n\n\n\n<figure class=\"wp-block-image size-full\"><img fetchpriority=\"high\" decoding=\"async\" width=\"932\" height=\"575\" src=\"https:\/\/diariodigitalnea.com\/wp-content\/uploads\/2023\/03\/art2.jpg\" alt=\"\" class=\"wp-image-6796\" srcset=\"https:\/\/diariodigitalnea.com\/wp-content\/uploads\/2023\/03\/art2.jpg 932w, https:\/\/diariodigitalnea.com\/wp-content\/uploads\/2023\/03\/art2-300x185.jpg 300w, https:\/\/diariodigitalnea.com\/wp-content\/uploads\/2023\/03\/art2-768x474.jpg 768w\" sizes=\"(max-width: 932px) 100vw, 932px\" \/><\/figure>\n\n\n\n<p><\/p>\n\n\n\n<p>\u00abLlegu\u00e9 cuando estaba todo roto y empec\u00e9 a filmar. Una mujer me dijo que no grabara nada porque hab\u00eda ni\u00f1os\u00bb, relat\u00f3 Rosas en di\u00e1logo con Canal 7 e incluso denunci\u00f3 agresiones que habr\u00eda sufrido en aquel momento: \u00abotros me dec\u00edan &#8216;puto, carancho, zurdo, ya sabemos d\u00f3nde viv\u00eds'\u00bb.<br>Por su parte, Fernando Ram\u00edrez, un alumno de Artes, registr\u00f3 los hechos con su celular y le relat\u00f3 los hechos al periodista Juli\u00e1n Chabert: \u00abSal\u00ed de clase y vi a un grupo de gente reunida. Me acerqu\u00e9 pensando que ven\u00edan a ver la muestra. Empezaron a rezar y ah\u00ed me di cuenta de que pasaba algo raro\u00bb.<\/p>\n\n\n\n<p><\/p>\n\n\n\n<p>\u00abUno los dirig\u00eda y dec\u00eda que esto era una blasfemia y una provocaci\u00f3n. Bast\u00f3 que uno comenzara a romper y se sumaron todos. Atacaron una obra y despu\u00e9s rompieron todo. Dec\u00edan que San Mart\u00edn hab\u00eda dicho que deb\u00edan ser torturados los que incitaran a la violencia\u00bb, detall\u00f3 el estudiante.<\/p>\n\n\n\n<figure class=\"wp-block-image size-full\"><img decoding=\"async\" width=\"892\" height=\"549\" src=\"https:\/\/diariodigitalnea.com\/wp-content\/uploads\/2023\/03\/art13.jpg\" alt=\"\" class=\"wp-image-6797\" srcset=\"https:\/\/diariodigitalnea.com\/wp-content\/uploads\/2023\/03\/art13.jpg 892w, https:\/\/diariodigitalnea.com\/wp-content\/uploads\/2023\/03\/art13-300x185.jpg 300w, https:\/\/diariodigitalnea.com\/wp-content\/uploads\/2023\/03\/art13-768x473.jpg 768w\" sizes=\"(max-width: 892px) 100vw, 892px\" \/><\/figure>\n\n\n\n<p>En este sentido, Fern\u00e1ndez afirm\u00f3 que \u00abse fueron y amenazaban desde afuera\u00bb y precis\u00f3 que \u00abera gente de todas las edades, incluso ni\u00f1os\u00bb, aunque aclar\u00f3 que los menores no formaron parte de la destrucci\u00f3n de la muestra.<\/p>\n\n\n\n<p><\/p>\n\n\n\n<p>El grupo apel\u00f3 a San Mart\u00edn para justificar sus actos y tambi\u00e9n reclamaron que quienes realizaron la exposici\u00f3n \u00abse amparan en la libertad de expresi\u00f3n que pregonan desde los medios de comunicaci\u00f3n y ofenden a nuestro Se\u00f1or y a nuestra Madre\u00bb.<\/p>\n\n\n\n<p><\/p>\n\n\n\n<p>\u00abEl general San Mart\u00edn ordenada castigar con azotes a los que blasfemaban a la Virgen Mar\u00eda, incluso traspasarles la lengua con un hierro candente\u2026de manera que exigimos a las autoridades que retiren la muestra blasfema\u00bb, argumentaron los fieles<br>Luego apelaron al \u00abexorcismo para quitar el demonio de la blasfemia\u00bb, realizaron un rezo en lat\u00edn y comenzaron a atacar las obras de arte. \u00abLos cat\u00f3licos no toleramos este tipo de ofensas\u00bb, sentenci\u00f3 el grupo.<\/p>\n\n\n\n<p><br>La pol\u00e9mica muestra de arte feminista<\/p>\n\n\n\n<p><br>El pasado 7 de marzo se inaugur\u00f3 en el Espacio de Arte Luis Quesada, ubicado dentro del Rectorado de la Universidad Nacional de Cuyo, una exposici\u00f3n art\u00edstica llamada 8M Manifiestos Visuales. En ella participaron 36 estudiantes, docentes y graduadas de la Facultad de Artes y Dise\u00f1o.<\/p>\n\n\n\n<figure class=\"wp-block-image size-full\"><img decoding=\"async\" width=\"956\" height=\"633\" src=\"https:\/\/diariodigitalnea.com\/wp-content\/uploads\/2023\/03\/art1.jpg\" alt=\"\" class=\"wp-image-6798\" srcset=\"https:\/\/diariodigitalnea.com\/wp-content\/uploads\/2023\/03\/art1.jpg 956w, https:\/\/diariodigitalnea.com\/wp-content\/uploads\/2023\/03\/art1-300x199.jpg 300w, https:\/\/diariodigitalnea.com\/wp-content\/uploads\/2023\/03\/art1-768x509.jpg 768w\" sizes=\"(max-width: 956px) 100vw, 956px\" \/><\/figure>\n\n\n\n<p>Seg\u00fan explicaron los creadores de la muestra, su objetivo era exponer obras con \u00abuna mirada cr\u00edtica sobre la sociedad patriarcal y reivindicar las conquistas de derechos\u00bb para as\u00ed hacer un llamado a la \u00abreflexi\u00f3n, promoci\u00f3n, y proyecci\u00f3n\u00bb en busca de una \u00abtransformaci\u00f3n social y pol\u00edtica\u00bb.<\/p>\n\n\n\n<p><\/p>\n\n\n\n<p>Entre las obras exhibidas, se pod\u00edan encontrar im\u00e1genes controversiales, como el cuerpo de una mujer mujer desnuda con la cabeza cubierta martirizada en una cruz o lo que parece ser una vagina rodeada de un manto similar al de la virgen.<\/p>\n\n\n\n<p><\/p>\n\n\n\n<p>En consecuencia, la Arquidi\u00f3cesis de Mendoza manifest\u00f3 su malestar con respecto a la exposici\u00f3n y la calificaron como \u00abuna violencia simb\u00f3lica sobre signos religiosos cristianos, no solamente cat\u00f3licos\u00bb. Asimismo, la acusaron de reproducir dichos s\u00edmbolos \u00abde manera ofensiva y grosera\u00bb.<\/p>\n\n\n\n<p><\/p>\n\n\n\n<p>\u00abLa muestra que provoca nuestra tristeza e indignaci\u00f3n, contiene elementos que, desde lo caricaturesco, ejercen una violencia simb\u00f3lica sobre signos religiosos cristianos, no solamente cat\u00f3licos, traicionando el camino que queremos recorrer de respeto y plena vigencia de todos los derechos humanos, incluidos los religiosos\u00bb, agregaron.<\/p>\n\n\n\n<figure class=\"wp-block-embed is-type-video is-provider-youtube wp-block-embed-youtube wp-embed-aspect-16-9 wp-has-aspect-ratio\"><div class=\"wp-block-embed__wrapper\">\n<iframe title=\"Destruyen muestra #8M en #UNdeCuyo\" width=\"1200\" height=\"675\" src=\"https:\/\/www.youtube.com\/embed\/VjByTYxEnLw?feature=oembed\" frameborder=\"0\" allow=\"accelerometer; autoplay; clipboard-write; encrypted-media; gyroscope; picture-in-picture; web-share\" allowfullscreen><\/iframe>\n<\/div><\/figure>\n\n\n\n<p>Tras los ataques a la muestra, Cristina Eliana P\u00e9rez, reconocida artista pl\u00e1stica cuya obra fue destruida, le dijo a Radio Nihuil: \u00abNos quieren silenciar, no quieren que nuestras voces se escuchen. No podemos tolerar la intolerancia\u00bb.<\/p>\n\n\n\n<p><\/p>\n\n\n\n<p>\u00abSoy investigadora art\u00edstica, no es improvisaci\u00f3n. Viajo, expongo en el mundo. No me interesa ofender a la Iglesia, yo soy creyente. Me interesa que se debata\u00bb, se\u00f1al\u00f3 P\u00e9rez y concluy\u00f3: \u00abNo vulneran una obra, vulneran un pensamiento. Cristo fue crucificado por su pensamiento. \u00bfQu\u00e9 quieren hacer con nosotras?\u00bb.<\/p>\n\n\n\n<figure class=\"wp-block-image size-full\"><img loading=\"lazy\" decoding=\"async\" width=\"1024\" height=\"375\" src=\"http:\/\/diariodigitalnea.com\/wp-content\/uploads\/2022\/10\/CONSTRUCAL-CON-FABRICA.jpg\" alt=\"\" class=\"wp-image-2241\" srcset=\"https:\/\/diariodigitalnea.com\/wp-content\/uploads\/2022\/10\/CONSTRUCAL-CON-FABRICA.jpg 1024w, https:\/\/diariodigitalnea.com\/wp-content\/uploads\/2022\/10\/CONSTRUCAL-CON-FABRICA-300x110.jpg 300w, https:\/\/diariodigitalnea.com\/wp-content\/uploads\/2022\/10\/CONSTRUCAL-CON-FABRICA-768x281.jpg 768w\" sizes=\"(max-width: 1024px) 100vw, 1024px\" \/><figcaption>Publicidad: ConstruCal Cales hidratas y vivas para uso vial y construcci\u00f3n TEL: 3624602737<\/figcaption><\/figure>\n","protected":false},"excerpt":{"rendered":"<p>Unas 50 personas ingresaron a la sala donde se encontraba la exposici\u00f3n y destrozaron todas las obras al grito de \u00abViva Cristo Rey\u00bb y \u00abViva la Virgen\u00bb. Un grupo de fan\u00e1ticos religiosos ingres\u00f3 al Rectorado de la Universidad Nacional de Cuyo (UNCuyo) en la tarde de este lunes 20 de marzo y destruy\u00f3 las obras [&hellip;]<\/p>\n","protected":false},"author":4,"featured_media":6795,"comment_status":"closed","ping_status":"closed","sticky":false,"template":"","format":"standard","meta":{"om_disable_all_campaigns":false,"_monsterinsights_skip_tracking":false,"_monsterinsights_sitenote_active":false,"_monsterinsights_sitenote_note":"","_monsterinsights_sitenote_category":0,"footnotes":""},"categories":[53,7,95,90],"tags":[2443,2442,2441,2444],"class_list":["post-6794","post","type-post","status-publish","format-standard","has-post-thumbnail","hentry","category-cultura","category-espectaculos","category-informacion-general","category-nacionales","tag-destruyen","tag-feminista","tag-iglesia","tag-obras-de-arte"],"aioseo_notices":[],"amp_enabled":true,"_links":{"self":[{"href":"https:\/\/diariodigitalnea.com\/index.php\/wp-json\/wp\/v2\/posts\/6794","targetHints":{"allow":["GET"]}}],"collection":[{"href":"https:\/\/diariodigitalnea.com\/index.php\/wp-json\/wp\/v2\/posts"}],"about":[{"href":"https:\/\/diariodigitalnea.com\/index.php\/wp-json\/wp\/v2\/types\/post"}],"author":[{"embeddable":true,"href":"https:\/\/diariodigitalnea.com\/index.php\/wp-json\/wp\/v2\/users\/4"}],"replies":[{"embeddable":true,"href":"https:\/\/diariodigitalnea.com\/index.php\/wp-json\/wp\/v2\/comments?post=6794"}],"version-history":[{"count":1,"href":"https:\/\/diariodigitalnea.com\/index.php\/wp-json\/wp\/v2\/posts\/6794\/revisions"}],"predecessor-version":[{"id":6799,"href":"https:\/\/diariodigitalnea.com\/index.php\/wp-json\/wp\/v2\/posts\/6794\/revisions\/6799"}],"wp:featuredmedia":[{"embeddable":true,"href":"https:\/\/diariodigitalnea.com\/index.php\/wp-json\/wp\/v2\/media\/6795"}],"wp:attachment":[{"href":"https:\/\/diariodigitalnea.com\/index.php\/wp-json\/wp\/v2\/media?parent=6794"}],"wp:term":[{"taxonomy":"category","embeddable":true,"href":"https:\/\/diariodigitalnea.com\/index.php\/wp-json\/wp\/v2\/categories?post=6794"},{"taxonomy":"post_tag","embeddable":true,"href":"https:\/\/diariodigitalnea.com\/index.php\/wp-json\/wp\/v2\/tags?post=6794"}],"curies":[{"name":"wp","href":"https:\/\/api.w.org\/{rel}","templated":true}]}}