{"id":6701,"date":"2023-03-18T03:19:58","date_gmt":"2023-03-18T03:19:58","guid":{"rendered":"https:\/\/diariodigitalnea.com\/?p=6701"},"modified":"2023-03-18T03:19:59","modified_gmt":"2023-03-18T03:19:59","slug":"cual-es-la-propuesta-laboral-que-wanda-nara-tiene-pensada-para-marcos-y-julieta","status":"publish","type":"post","link":"https:\/\/diariodigitalnea.com\/index.php\/2023\/03\/18\/cual-es-la-propuesta-laboral-que-wanda-nara-tiene-pensada-para-marcos-y-julieta\/","title":{"rendered":"Cu\u00e1l es la propuesta laboral que Wanda Nara tiene pensada para Marcos y Julieta"},"content":{"rendered":"\n<p>Tras su paso por \u00abGran Hermano\u00bb, la conductora de \u00abMasterChef\u00bb sac\u00f3 a relucir su rol de empresaria a trav\u00e9s de varios posteos en los que hizo referencia al encuentro con los \u00abhermanitos\u00bb del jueves a la noche. Enterate de todo en la nota.<\/p>\n\n\n\n<p>Que Wanda Nara genera una revoluci\u00f3n alrededor suyo en cada cosa que hace no es una sorpresa. Ocurre en su vida personal, generalmente compartida a trav\u00e9s de sus redes sociales, y en proyectos como la conducci\u00f3n de \u00bb MasterChef\u00bb, ciclo que arranca este lunes, por ejemplo.<\/p>\n\n\n\n<figure class=\"wp-block-image size-full\"><img fetchpriority=\"high\" decoding=\"async\" width=\"970\" height=\"546\" src=\"http:\/\/diariodigitalnea.com\/wp-content\/uploads\/2023\/03\/wanda.jpg\" alt=\"\" class=\"wp-image-6704\" srcset=\"https:\/\/diariodigitalnea.com\/wp-content\/uploads\/2023\/03\/wanda.jpg 970w, https:\/\/diariodigitalnea.com\/wp-content\/uploads\/2023\/03\/wanda-300x169.jpg 300w, https:\/\/diariodigitalnea.com\/wp-content\/uploads\/2023\/03\/wanda-768x432.jpg 768w\" sizes=\"(max-width: 970px) 100vw, 970px\" \/><\/figure>\n\n\n\n<p>En las \u00faltimas horas mezcl\u00f3 un poco de ambas, es decir virtualidad y trabajo, al subir un par de historias a Instragram en las que hizo referencia a su paso del jueves a la noche por \u00bb Gran Hermano\u00bb y no perdi\u00f3 la chance de mencionar que ya tiene en mente una oferta laboral para dos de los participantes: Marcos y Julieta.<\/p>\n\n\n\n<p>S\u00ed. R\u00e1pida para los negocios como pocas, la conductora y empresaria aprovech\u00f3 la chance de haber participado por un rato del programa m\u00e1s visto de la televisi\u00f3n argentina para mostrar en sociedad productos de Wanda Nara Cosmetics, su marca, y dejarles a los \u00abhermanitos\u00bb algunos de ellos a modo de regalo.&nbsp;<\/p>\n\n\n\n<p>Pero como si la ya s\u00f3lo aparici\u00f3n al aire del \u00abchivo\u00bb no fuera suficiente, este viernes acompa\u00f1\u00f3 distintos posteos en los que se la ve\u00eda en la casa junto a los cuatro finalistas y a Donato de Santis, Dami\u00e1n Betular y Germ\u00e1n Martitegui, sus compa\u00f1eros en el ciclo culinario, con el anuncio de una propuesta laboral impactante para los \u00abmodelos\u00bb del reality.<\/p>\n\n\n\n<figure class=\"wp-block-gallery has-nested-images columns-default is-cropped wp-block-gallery-1 is-layout-flex wp-block-gallery-is-layout-flex\">\n<figure class=\"wp-block-image size-large\"><img decoding=\"async\" width=\"362\" height=\"646\" data-id=\"6703\" src=\"http:\/\/diariodigitalnea.com\/wp-content\/uploads\/2023\/03\/02.jpg\" alt=\"\" class=\"wp-image-6703\" srcset=\"https:\/\/diariodigitalnea.com\/wp-content\/uploads\/2023\/03\/02.jpg 362w, https:\/\/diariodigitalnea.com\/wp-content\/uploads\/2023\/03\/02-168x300.jpg 168w\" sizes=\"(max-width: 362px) 100vw, 362px\" \/><\/figure>\n\n\n\n<figure class=\"wp-block-image size-large\"><img decoding=\"async\" width=\"496\" height=\"866\" data-id=\"6702\" src=\"http:\/\/diariodigitalnea.com\/wp-content\/uploads\/2023\/03\/01.jpg\" alt=\"\" class=\"wp-image-6702\" srcset=\"https:\/\/diariodigitalnea.com\/wp-content\/uploads\/2023\/03\/01.jpg 496w, https:\/\/diariodigitalnea.com\/wp-content\/uploads\/2023\/03\/01-172x300.jpg 172w\" sizes=\"(max-width: 496px) 100vw, 496px\" \/><\/figure>\n<\/figure>\n\n\n\n<p>\u00abNunca vi alguien que se maquille tanto y tan bien. Tengo ganas de proponerle tutoriales con @wandanaracosmetics\u201d, escribi\u00f3 la hermana de Zaira Nara sobre Julieta. Luego, en lo que respecta a Marcos, Wanda comparti\u00f3 un video en el que el joven salte\u00f1o con los presentes que ella hab\u00eda dejado y la siguiente frase: \u201c\u00bfFuturo modelo de @wandanaracosmetics?\u201d.<\/p>\n\n\n\n<p>Lo cierto es que \u00abEl Primo\u00bb es el \u00fanico que tiene garantizado una semana m\u00e1s en la casa y el pase a la gran final, ya que obtuvo la prueba del l\u00edder y se asegur\u00f3 no participar de la \u00faltima gala de eliminaci\u00f3n que tiene a Romina, Nacho y Julieta como contrincantes y se resolver\u00e1 este domingo con la votaci\u00f3n de la gente.<\/p>\n","protected":false},"excerpt":{"rendered":"<p>Tras su paso por \u00abGran Hermano\u00bb, la conductora de \u00abMasterChef\u00bb sac\u00f3 a relucir su rol de empresaria a trav\u00e9s de varios posteos en los que hizo referencia al encuentro con los \u00abhermanitos\u00bb del jueves a la noche. Enterate de todo en la nota. Que Wanda Nara genera una revoluci\u00f3n alrededor suyo en cada cosa que [&hellip;]<\/p>\n","protected":false},"author":3,"featured_media":6705,"comment_status":"closed","ping_status":"closed","sticky":false,"template":"","format":"standard","meta":{"om_disable_all_campaigns":false,"_monsterinsights_skip_tracking":false,"_monsterinsights_sitenote_active":false,"_monsterinsights_sitenote_note":"","_monsterinsights_sitenote_category":0,"footnotes":""},"categories":[7],"tags":[801,1452,2214,2411,2410,487],"class_list":["post-6701","post","type-post","status-publish","format-standard","has-post-thumbnail","hentry","category-espectaculos","tag-gran-hermano","tag-julieta-poggio","tag-marcos-ginocchio","tag-modelos","tag-propuesta-laboral","tag-wanda-nara"],"aioseo_notices":[],"amp_enabled":true,"_links":{"self":[{"href":"https:\/\/diariodigitalnea.com\/index.php\/wp-json\/wp\/v2\/posts\/6701","targetHints":{"allow":["GET"]}}],"collection":[{"href":"https:\/\/diariodigitalnea.com\/index.php\/wp-json\/wp\/v2\/posts"}],"about":[{"href":"https:\/\/diariodigitalnea.com\/index.php\/wp-json\/wp\/v2\/types\/post"}],"author":[{"embeddable":true,"href":"https:\/\/diariodigitalnea.com\/index.php\/wp-json\/wp\/v2\/users\/3"}],"replies":[{"embeddable":true,"href":"https:\/\/diariodigitalnea.com\/index.php\/wp-json\/wp\/v2\/comments?post=6701"}],"version-history":[{"count":1,"href":"https:\/\/diariodigitalnea.com\/index.php\/wp-json\/wp\/v2\/posts\/6701\/revisions"}],"predecessor-version":[{"id":6706,"href":"https:\/\/diariodigitalnea.com\/index.php\/wp-json\/wp\/v2\/posts\/6701\/revisions\/6706"}],"wp:featuredmedia":[{"embeddable":true,"href":"https:\/\/diariodigitalnea.com\/index.php\/wp-json\/wp\/v2\/media\/6705"}],"wp:attachment":[{"href":"https:\/\/diariodigitalnea.com\/index.php\/wp-json\/wp\/v2\/media?parent=6701"}],"wp:term":[{"taxonomy":"category","embeddable":true,"href":"https:\/\/diariodigitalnea.com\/index.php\/wp-json\/wp\/v2\/categories?post=6701"},{"taxonomy":"post_tag","embeddable":true,"href":"https:\/\/diariodigitalnea.com\/index.php\/wp-json\/wp\/v2\/tags?post=6701"}],"curies":[{"name":"wp","href":"https:\/\/api.w.org\/{rel}","templated":true}]}}