{"id":6524,"date":"2023-03-09T12:25:30","date_gmt":"2023-03-09T12:25:30","guid":{"rendered":"https:\/\/diariodigitalnea.com\/?p=6524"},"modified":"2023-03-09T12:25:32","modified_gmt":"2023-03-09T12:25:32","slug":"siniestro-fatal-en-virasoro-cuatro-personas-murieron-en-un-choque-entre-un-auto-y-un-camion","status":"publish","type":"post","link":"https:\/\/diariodigitalnea.com\/index.php\/2023\/03\/09\/siniestro-fatal-en-virasoro-cuatro-personas-murieron-en-un-choque-entre-un-auto-y-un-camion\/","title":{"rendered":"Siniestro fatal en Virasoro: cuatro personas murieron en un choque entre un auto y un cami\u00f3n"},"content":{"rendered":"\n<p>El tr\u00e1gico hecho ocurri\u00f3 en la tarde del mi\u00e9rcoles sobre sobre Ruta Nacional 14 a unos 10 km al Norte de Gobernador Virasoro, cuando un cami\u00f3n y un autom\u00f3vil que circulaban en el mismo sentido colisionaron. Producto del fuerte impacto fallecieron cuatro personas.<\/p>\n\n\n\n<p>Eduardo Aguirre, due\u00f1o de Radio S\u00f3nica de Virasoro cont\u00f3 que el hecho ocurri\u00f3 pasadas las 19 horas de este mi\u00e9rcoles 08 de marzo, sobre Ruta Nacional 14 en el Paraje San Alonso a unos 200 metros al norte de su empalme con la Ruta Nacional 120.<\/p>\n\n\n\n<figure class=\"wp-block-image size-full\"><img fetchpriority=\"high\" decoding=\"async\" width=\"700\" height=\"525\" src=\"http:\/\/diariodigitalnea.com\/wp-content\/uploads\/2023\/03\/siniestro.jpg\" alt=\"\" class=\"wp-image-6526\" srcset=\"https:\/\/diariodigitalnea.com\/wp-content\/uploads\/2023\/03\/siniestro.jpg 700w, https:\/\/diariodigitalnea.com\/wp-content\/uploads\/2023\/03\/siniestro-300x225.jpg 300w\" sizes=\"(max-width: 700px) 100vw, 700px\" \/><\/figure>\n\n\n\n<p>En ese lugar colision\u00f3 un cami\u00f3n marca Scania que transportaba mandioca y paltas, proveniente de la provincia de Misiones, contra un autom\u00f3vil marca Peugeot 207 color negro.<\/p>\n\n\n\n<figure class=\"wp-block-image size-full\"><img decoding=\"async\" width=\"700\" height=\"525\" src=\"http:\/\/diariodigitalnea.com\/wp-content\/uploads\/2023\/03\/siniestro2.jpg\" alt=\"\" class=\"wp-image-6527\" srcset=\"https:\/\/diariodigitalnea.com\/wp-content\/uploads\/2023\/03\/siniestro2.jpg 700w, https:\/\/diariodigitalnea.com\/wp-content\/uploads\/2023\/03\/siniestro2-300x225.jpg 300w\" sizes=\"(max-width: 700px) 100vw, 700px\" \/><\/figure>\n\n\n\n<p>De a acuerdo a los datos suministrados por Aguirre, ambos veh\u00edculos circulaban en la misma direcci\u00f3n \u201cpor eso es motivo de investigaci\u00f3n la causa del accidente\u201d.<\/p>\n\n\n\n<p>Como consecuencia del fuerte impacto cuatro personas fallecieron, el conductor del cami\u00f3n y tres ocupantes del rodado de menor porte; estos \u00faltimos son oriundos de Virasoro.<\/p>\n\n\n\n<figure class=\"wp-block-image size-full\"><img decoding=\"async\" width=\"700\" height=\"525\" src=\"http:\/\/diariodigitalnea.com\/wp-content\/uploads\/2023\/03\/siniestro3.jpg\" alt=\"\" class=\"wp-image-6528\" srcset=\"https:\/\/diariodigitalnea.com\/wp-content\/uploads\/2023\/03\/siniestro3.jpg 700w, https:\/\/diariodigitalnea.com\/wp-content\/uploads\/2023\/03\/siniestro3-300x225.jpg 300w\" sizes=\"(max-width: 700px) 100vw, 700px\" \/><\/figure>\n\n\n\n<p>\u00a0\u201cEn la localidad hay conmoci\u00f3n porque eran personas conocidas, es una ciudad que no muy grande por ende nos conocemos todos por lo que es muy doloroso. Impact\u00f3 la gravedad del accidente porque el cami\u00f3n se llev\u00f3 puesto al auto y los dos veh\u00edculos terminaron en el carril contrario\u201d, detall\u00f3 el titular Radio S\u00f3nica.<\/p>\n\n\n\n<figure class=\"wp-block-embed is-type-video is-provider-youtube wp-block-embed-youtube wp-embed-aspect-16-9 wp-has-aspect-ratio\"><div class=\"wp-block-embed__wrapper\">\n<iframe title=\"Siniestro fatal en Virasoro: Cuatro muertos\" width=\"1200\" height=\"675\" src=\"https:\/\/www.youtube.com\/embed\/nyoU08mtr9g?feature=oembed\" frameborder=\"0\" allow=\"accelerometer; autoplay; clipboard-write; encrypted-media; gyroscope; picture-in-picture; web-share\" allowfullscreen><\/iframe>\n<\/div><\/figure>\n","protected":false},"excerpt":{"rendered":"<p>El tr\u00e1gico hecho ocurri\u00f3 en la tarde del mi\u00e9rcoles sobre sobre Ruta Nacional 14 a unos 10 km al Norte de Gobernador Virasoro, cuando un cami\u00f3n y un autom\u00f3vil que circulaban en el mismo sentido colisionaron. Producto del fuerte impacto fallecieron cuatro personas. Eduardo Aguirre, due\u00f1o de Radio S\u00f3nica de Virasoro cont\u00f3 que el hecho [&hellip;]<\/p>\n","protected":false},"author":3,"featured_media":6525,"comment_status":"closed","ping_status":"closed","sticky":false,"template":"","format":"standard","meta":{"om_disable_all_campaigns":false,"_monsterinsights_skip_tracking":false,"_monsterinsights_sitenote_active":false,"_monsterinsights_sitenote_note":"","_monsterinsights_sitenote_category":0,"footnotes":""},"categories":[34,52],"tags":[726,756,202,2353],"class_list":["post-6524","post","type-post","status-publish","format-standard","has-post-thumbnail","hentry","category-corrientes","category-policiales","tag-choque","tag-siniestro-vial","tag-tragedia","tag-virasoro"],"aioseo_notices":[],"amp_enabled":true,"_links":{"self":[{"href":"https:\/\/diariodigitalnea.com\/index.php\/wp-json\/wp\/v2\/posts\/6524","targetHints":{"allow":["GET"]}}],"collection":[{"href":"https:\/\/diariodigitalnea.com\/index.php\/wp-json\/wp\/v2\/posts"}],"about":[{"href":"https:\/\/diariodigitalnea.com\/index.php\/wp-json\/wp\/v2\/types\/post"}],"author":[{"embeddable":true,"href":"https:\/\/diariodigitalnea.com\/index.php\/wp-json\/wp\/v2\/users\/3"}],"replies":[{"embeddable":true,"href":"https:\/\/diariodigitalnea.com\/index.php\/wp-json\/wp\/v2\/comments?post=6524"}],"version-history":[{"count":1,"href":"https:\/\/diariodigitalnea.com\/index.php\/wp-json\/wp\/v2\/posts\/6524\/revisions"}],"predecessor-version":[{"id":6529,"href":"https:\/\/diariodigitalnea.com\/index.php\/wp-json\/wp\/v2\/posts\/6524\/revisions\/6529"}],"wp:featuredmedia":[{"embeddable":true,"href":"https:\/\/diariodigitalnea.com\/index.php\/wp-json\/wp\/v2\/media\/6525"}],"wp:attachment":[{"href":"https:\/\/diariodigitalnea.com\/index.php\/wp-json\/wp\/v2\/media?parent=6524"}],"wp:term":[{"taxonomy":"category","embeddable":true,"href":"https:\/\/diariodigitalnea.com\/index.php\/wp-json\/wp\/v2\/categories?post=6524"},{"taxonomy":"post_tag","embeddable":true,"href":"https:\/\/diariodigitalnea.com\/index.php\/wp-json\/wp\/v2\/tags?post=6524"}],"curies":[{"name":"wp","href":"https:\/\/api.w.org\/{rel}","templated":true}]}}