{"id":6444,"date":"2023-02-25T21:24:38","date_gmt":"2023-02-25T21:24:38","guid":{"rendered":"https:\/\/diariodigitalnea.com\/?p=6444"},"modified":"2023-02-25T21:24:39","modified_gmt":"2023-02-25T21:24:39","slug":"federacion-sitech-rechaza-la-oferta-y-no-inicia-las-clases","status":"publish","type":"post","link":"https:\/\/diariodigitalnea.com\/index.php\/2023\/02\/25\/federacion-sitech-rechaza-la-oferta-y-no-inicia-las-clases\/","title":{"rendered":"Federaci\u00f3n Sitech rechaza la oferta y no inicia las clases"},"content":{"rendered":"\n<p>Desde el gremio que conduce Eduardo Mijno informaron que, realizaron un congreso de consulta a docentes, y acordaron no aceptar la propuesta salarial.<\/p>\n\n\n\n<p><br>Federaci\u00f3n Sitech, en su Congreso Extraordinario realizado en la localidad de Quitilipi, defini\u00f3 el no inicio de clases el pr\u00f3ximo mi\u00e9rcoles 1 de marzo, con una medida de fuerza y movilizaci\u00f3n en cada una de las localidades. En Resistencia, ser\u00e1 en el M\u00e1stil Mayor de la avenida 9 de Julio, desde las 9.30 horas.<\/p>\n\n\n\n<p><br>\u201cLa legalidad y legitimidad de la medida se apoya en la consulta realizada a la docencia en general, ya que la lucha es patrimonio de los trabajadores de la educaci\u00f3n y no de los afiliados a un sindicato. En este sentido, 341 escuelas rechazaron, casi por unanimidad, la oferta salarial del Gobierno, en contraposici\u00f3n a seis escuelas que aceptaron la propuesta, quedando en resguardo de este sindicato el mandato de cada una de las escuelas\u201d, indicaron.<\/p>\n\n\n\n<p><\/p>\n\n\n\n<p>\u201cLa disconformidad de los docentes, que fue debatida en cada una de las escuelas, tiene que ver con la insuficiente recomposici\u00f3n por sobre la cl\u00e1usula gatillo, quedando ese 5% para el mes de junio y los 200 puntos para el mes de septiembre, muy lejos del 60% de recomposici\u00f3n salarial reclamada por este sindicato\u201d, aclararon.<\/p>\n\n\n\n<p><\/p>\n\n\n\n<p>A su vez, mencionaron que el Gobierno no dio respuesta no solo en la cuesti\u00f3n salarial, sino que \u201cignor\u00f3 todo lo planteado y requerido por este sindicato, como la devoluci\u00f3n de los haberes descontados por d\u00edas de paro; la continuidad del Congreso Pedag\u00f3gico- Docente en que se debe discutir la crisis de la escuela p\u00fablica en general, la subvenci\u00f3n a las escuelas de gesti\u00f3n privada, la reglamentaci\u00f3n de la Escuelas de Gesti\u00f3n Social, los concursos para el nivel secundario y superior y el negociado de los post\u00edtulos\u201d, puntualizaron.<\/p>\n\n\n\n<p><\/p>\n\n\n\n<p>En este sentido, el Congreso de Federaci\u00f3n Sitech defini\u00f3 un plan de acci\u00f3n gremial fundado principalmente en la movilizaci\u00f3n e invitan a la docencia para que el d\u00eda mi\u00e9rcoles 1 de marzo se expresen, hagan visible el conflicto y su disconformidad sobre a la oferta del Gobierno.<\/p>\n\n\n\n<figure class=\"wp-block-image size-large\"><img fetchpriority=\"high\" decoding=\"async\" width=\"1024\" height=\"586\" src=\"https:\/\/diariodigitalnea.com\/wp-content\/uploads\/2023\/02\/site2-1024x586.jpg\" alt=\"\" class=\"wp-image-6446\" srcset=\"https:\/\/diariodigitalnea.com\/wp-content\/uploads\/2023\/02\/site2-1024x586.jpg 1024w, https:\/\/diariodigitalnea.com\/wp-content\/uploads\/2023\/02\/site2-300x172.jpg 300w, https:\/\/diariodigitalnea.com\/wp-content\/uploads\/2023\/02\/site2-768x440.jpg 768w, https:\/\/diariodigitalnea.com\/wp-content\/uploads\/2023\/02\/site2.jpg 1300w\" sizes=\"(max-width: 1024px) 100vw, 1024px\" \/><\/figure>\n\n\n\n<p>LA COORDINADORA DOCENTE ACEPT\u00d3 LA PROPUESTA SALARIAL<\/p>\n\n\n\n<p><br>En un comunicado difundido a primeras horas del s\u00e1bado, los sindicatos docentes integrantes de la Coordinadora Docente anunciaron la aceptaci\u00f3n de la propuesta salarial, hecha desde el Ejecutivo provincial. \u00abDesde nuestro sector vamos a continuar encarando el reclamo salarial con responsabilidad y seriedad\u00bb, indicaron.<\/p>\n\n\n\n<p><br>Desde la Coordinadora Docente, integrada por AMET-FIUD-UDA-ACHABI se resolvi\u00f3, luego de la consulta a sus afiliados, la aceptaci\u00f3n de la propuesta salarial del Gobierno con aplicaci\u00f3n desde el sueldo de marzo.<\/p>\n\n\n\n<p><br>\u201cHay una evidente valoraci\u00f3n de la propuesta en la mayor\u00eda de los docentes y que se traduce en la aceptaci\u00f3n con las consideraciones que planteamos en las reuniones, que son mantener abierta la discusi\u00f3n salarial, en tanto las condiciones inflacionarias lo ameriten, y no renunciar a exigir cualquier mejora que se pueda lograr de aqu\u00ed en m\u00e1s, en el marco de ese di\u00e1logo abierto que se est\u00e1 acordando, como por ejemplo trabajar en el adelantamiento de los montos y mejorar la cantidad de puntos ofrecidos\u201d, expresaron.<\/p>\n\n\n\n<p><br>\u201cSi bien el escenario actual es muy dif\u00edcil para todos, haber garantizado la cl\u00e1usula gatillo nos da una herramienta que nos mantiene peleando contra la inflaci\u00f3n y que cada tres meses significa, como viene sucediendo, una recuperaci\u00f3n del sueldo. En el caso de este primer incremento ser\u00e1 con un otorgamiento de un 20% al b\u00e1sico con el impacto que tiene en la calidad del salario y llega al sector docente pasivo tambi\u00e9n\u201d, indicaron.<br>\u201cTambi\u00e9n hay que rescatar de la propuesta el car\u00e1cter acumulativo de los incrementos lo que se traduce en algunos puntos porcentuales m\u00e1s de aumento al pasar los trimestres, porque el c\u00e1lculo se produce con la base del \u00faltimo valor y no del que exist\u00eda cuando se anunci\u00f3\u201d, a\u00f1adieron desde el sector.<\/p>\n\n\n\n<p><br>\u201cDesde nuestro sector vamos a continuar encarando el reclamo salarial con responsabilidad y seriedad, como lo hicimos siempre, sin levantar banderas irreconciliables y con ganas de llevar soluciones a los docentes. Nuestro reconocimiento a todos los afiliados que analizaron, se pronunciaron, y finalmente respetan la decisi\u00f3n democr\u00e1tica de la mayor\u00eda\u201d, concluyeron.<\/p>\n\n\n\n<figure class=\"wp-block-image size-full\"><img decoding=\"async\" width=\"1024\" height=\"375\" src=\"http:\/\/diariodigitalnea.com\/wp-content\/uploads\/2022\/10\/CONSTRUCAL-CON-FABRICA.jpg\" alt=\"\" class=\"wp-image-2241\" srcset=\"https:\/\/diariodigitalnea.com\/wp-content\/uploads\/2022\/10\/CONSTRUCAL-CON-FABRICA.jpg 1024w, https:\/\/diariodigitalnea.com\/wp-content\/uploads\/2022\/10\/CONSTRUCAL-CON-FABRICA-300x110.jpg 300w, https:\/\/diariodigitalnea.com\/wp-content\/uploads\/2022\/10\/CONSTRUCAL-CON-FABRICA-768x281.jpg 768w\" sizes=\"(max-width: 1024px) 100vw, 1024px\" \/><figcaption>Publicidad: ConstruCal Cales hidratas y vivas para uso vial y construcci\u00f3n TEL: 3624602737<\/figcaption><\/figure>\n","protected":false},"excerpt":{"rendered":"<p>Desde el gremio que conduce Eduardo Mijno informaron que, realizaron un congreso de consulta a docentes, y acordaron no aceptar la propuesta salarial. Federaci\u00f3n Sitech, en su Congreso Extraordinario realizado en la localidad de Quitilipi, defini\u00f3 el no inicio de clases el pr\u00f3ximo mi\u00e9rcoles 1 de marzo, con una medida de fuerza y movilizaci\u00f3n en [&hellip;]<\/p>\n","protected":false},"author":4,"featured_media":6445,"comment_status":"closed","ping_status":"closed","sticky":false,"template":"","format":"standard","meta":{"om_disable_all_campaigns":false,"_monsterinsights_skip_tracking":false,"_monsterinsights_sitenote_active":false,"_monsterinsights_sitenote_note":"","_monsterinsights_sitenote_category":0,"footnotes":""},"categories":[33,95],"tags":[563,2321],"class_list":["post-6444","post","type-post","status-publish","format-standard","has-post-thumbnail","hentry","category-chaco","category-informacion-general","tag-paro","tag-sitech"],"aioseo_notices":[],"amp_enabled":true,"_links":{"self":[{"href":"https:\/\/diariodigitalnea.com\/index.php\/wp-json\/wp\/v2\/posts\/6444","targetHints":{"allow":["GET"]}}],"collection":[{"href":"https:\/\/diariodigitalnea.com\/index.php\/wp-json\/wp\/v2\/posts"}],"about":[{"href":"https:\/\/diariodigitalnea.com\/index.php\/wp-json\/wp\/v2\/types\/post"}],"author":[{"embeddable":true,"href":"https:\/\/diariodigitalnea.com\/index.php\/wp-json\/wp\/v2\/users\/4"}],"replies":[{"embeddable":true,"href":"https:\/\/diariodigitalnea.com\/index.php\/wp-json\/wp\/v2\/comments?post=6444"}],"version-history":[{"count":1,"href":"https:\/\/diariodigitalnea.com\/index.php\/wp-json\/wp\/v2\/posts\/6444\/revisions"}],"predecessor-version":[{"id":6447,"href":"https:\/\/diariodigitalnea.com\/index.php\/wp-json\/wp\/v2\/posts\/6444\/revisions\/6447"}],"wp:featuredmedia":[{"embeddable":true,"href":"https:\/\/diariodigitalnea.com\/index.php\/wp-json\/wp\/v2\/media\/6445"}],"wp:attachment":[{"href":"https:\/\/diariodigitalnea.com\/index.php\/wp-json\/wp\/v2\/media?parent=6444"}],"wp:term":[{"taxonomy":"category","embeddable":true,"href":"https:\/\/diariodigitalnea.com\/index.php\/wp-json\/wp\/v2\/categories?post=6444"},{"taxonomy":"post_tag","embeddable":true,"href":"https:\/\/diariodigitalnea.com\/index.php\/wp-json\/wp\/v2\/tags?post=6444"}],"curies":[{"name":"wp","href":"https:\/\/api.w.org\/{rel}","templated":true}]}}