{"id":6418,"date":"2023-02-24T15:25:10","date_gmt":"2023-02-24T15:25:10","guid":{"rendered":"https:\/\/diariodigitalnea.com\/?p=6418"},"modified":"2023-02-24T15:25:10","modified_gmt":"2023-02-24T15:25:10","slug":"el-intendente-de-colonia-elisa-volco-con-su-auto-en-ruta-11-tuvo-que-ser-internado","status":"publish","type":"post","link":"https:\/\/diariodigitalnea.com\/index.php\/2023\/02\/24\/el-intendente-de-colonia-elisa-volco-con-su-auto-en-ruta-11-tuvo-que-ser-internado\/","title":{"rendered":"El Intendente de Colonia Elisa volc\u00f3 con su auto en ruta 11: tuvo que ser internado"},"content":{"rendered":"\n<p>Pedro Le\u00f3n Maidana de 40 a\u00f1os, Intendente del Municipio de Colonia Elisa, volc\u00f3 con su autom\u00f3vil Toyota Corolla este viernes a la madrugada y fue trasladado de inmediato hacia el hospital Perrando por las lesiones.<\/p>\n\n\n\n<p>El siniestro se produjo a las 5:25\u00a0 en la Ruta Nacional N\u00b0 11 en el kil\u00f3metro 965 a la altura de Basail.<\/p>\n\n\n\n<figure class=\"wp-block-image size-large\"><img fetchpriority=\"high\" decoding=\"async\" width=\"1024\" height=\"721\" src=\"http:\/\/diariodigitalnea.com\/wp-content\/uploads\/2023\/02\/camioneta-1024x721.jpg\" alt=\"\" class=\"wp-image-6419\" srcset=\"https:\/\/diariodigitalnea.com\/wp-content\/uploads\/2023\/02\/camioneta-1024x721.jpg 1024w, https:\/\/diariodigitalnea.com\/wp-content\/uploads\/2023\/02\/camioneta-300x211.jpg 300w, https:\/\/diariodigitalnea.com\/wp-content\/uploads\/2023\/02\/camioneta-768x541.jpg 768w, https:\/\/diariodigitalnea.com\/wp-content\/uploads\/2023\/02\/camioneta.jpg 1276w\" sizes=\"(max-width: 1024px) 100vw, 1024px\" \/><\/figure>\n\n\n\n<p>Producto del accidente el Intendente fue trasladado hasta el hospital Perrando donde ingres\u00f3 con el diagn\u00f3stico \u201ctraumatismo cerrado de t\u00f3rax\u00bb. En tanto el auto qued\u00f3 al costado de la banquina con su ruedas hacia arriba.<\/p>\n\n\n\n<p>En el incidente vial intervino la Comisar\u00eda de Basail y los peritos de la Divisi\u00f3n Criminalistica.<\/p>\n","protected":false},"excerpt":{"rendered":"<p>Pedro Le\u00f3n Maidana de 40 a\u00f1os, Intendente del Municipio de Colonia Elisa, volc\u00f3 con su autom\u00f3vil Toyota Corolla este viernes a la madrugada y fue trasladado de inmediato hacia el hospital Perrando por las lesiones. El siniestro se produjo a las 5:25\u00a0 en la Ruta Nacional N\u00b0 11 en el kil\u00f3metro 965 a la altura [&hellip;]<\/p>\n","protected":false},"author":3,"featured_media":6420,"comment_status":"closed","ping_status":"closed","sticky":false,"template":"","format":"standard","meta":{"om_disable_all_campaigns":false,"_monsterinsights_skip_tracking":false,"_monsterinsights_sitenote_active":false,"_monsterinsights_sitenote_note":"","_monsterinsights_sitenote_category":0,"footnotes":""},"categories":[33,52],"tags":[2310,2309,462,599,2231,869],"class_list":["post-6418","post","type-post","status-publish","format-standard","has-post-thumbnail","hentry","category-chaco","category-policiales","tag-basail","tag-colonia-elisa","tag-hospital-perrando","tag-intendente","tag-ruta-nacional-n-11","tag-vuelco"],"aioseo_notices":[],"amp_enabled":true,"_links":{"self":[{"href":"https:\/\/diariodigitalnea.com\/index.php\/wp-json\/wp\/v2\/posts\/6418","targetHints":{"allow":["GET"]}}],"collection":[{"href":"https:\/\/diariodigitalnea.com\/index.php\/wp-json\/wp\/v2\/posts"}],"about":[{"href":"https:\/\/diariodigitalnea.com\/index.php\/wp-json\/wp\/v2\/types\/post"}],"author":[{"embeddable":true,"href":"https:\/\/diariodigitalnea.com\/index.php\/wp-json\/wp\/v2\/users\/3"}],"replies":[{"embeddable":true,"href":"https:\/\/diariodigitalnea.com\/index.php\/wp-json\/wp\/v2\/comments?post=6418"}],"version-history":[{"count":1,"href":"https:\/\/diariodigitalnea.com\/index.php\/wp-json\/wp\/v2\/posts\/6418\/revisions"}],"predecessor-version":[{"id":6421,"href":"https:\/\/diariodigitalnea.com\/index.php\/wp-json\/wp\/v2\/posts\/6418\/revisions\/6421"}],"wp:featuredmedia":[{"embeddable":true,"href":"https:\/\/diariodigitalnea.com\/index.php\/wp-json\/wp\/v2\/media\/6420"}],"wp:attachment":[{"href":"https:\/\/diariodigitalnea.com\/index.php\/wp-json\/wp\/v2\/media?parent=6418"}],"wp:term":[{"taxonomy":"category","embeddable":true,"href":"https:\/\/diariodigitalnea.com\/index.php\/wp-json\/wp\/v2\/categories?post=6418"},{"taxonomy":"post_tag","embeddable":true,"href":"https:\/\/diariodigitalnea.com\/index.php\/wp-json\/wp\/v2\/tags?post=6418"}],"curies":[{"name":"wp","href":"https:\/\/api.w.org\/{rel}","templated":true}]}}