{"id":6399,"date":"2023-02-23T02:28:00","date_gmt":"2023-02-23T02:28:00","guid":{"rendered":"https:\/\/diariodigitalnea.com\/?p=6399"},"modified":"2023-02-23T02:28:01","modified_gmt":"2023-02-23T02:28:01","slug":"dos-argentinas-murieron-en-un-choque-en-el-sur-de-brasil","status":"publish","type":"post","link":"https:\/\/diariodigitalnea.com\/index.php\/2023\/02\/23\/dos-argentinas-murieron-en-un-choque-en-el-sur-de-brasil\/","title":{"rendered":"Dos argentinas murieron en un choque en el sur de Brasil"},"content":{"rendered":"\n<p>El siniestro fue entre dos autos en los que viajaban turistas argentinos. Las v\u00edctimas son una nena y una mujer. Otras cuatro personas resultaron heridas.<\/p>\n\n\n\n<p>Una nena de cinco a\u00f1os y una mujer murieron, en tanto que otras cuatro personas resultaron heridas al chocar de frente dos autos en los que viajaban turistas argentinos en el sur de Brasil.<\/p>\n\n\n\n<p>Las dos v\u00edctimas fatales eran oriundas de la provincia de Santa Fe. Una de la ciudad de San Lorenzo y la otra de Carcara\u00f1a, seg\u00fan inform\u00f3 Rosario 3.<\/p>\n\n\n\n<p>Adem\u00e1s, otras cuatro personas resultaron heridas, dos de ellas ni\u00f1os.<\/p>\n\n\n\n<p>El siniestro ocurri\u00f3 en el kil\u00f3metro 488 de la ruta BR-290, que une Uruguaiana, en la frontera con la Argentina, y Porto Alegre, en la costa del estado de Rio Grande do Sul.<\/p>\n\n\n\n<p>El choque fue en la ma\u00f1ana del martes, a la altura de la ciudad de Rosario do Sul, a unos 250 kil\u00f3metros de la frontera con la Argentina.<\/p>\n\n\n\n<figure class=\"wp-block-image size-full\"><img fetchpriority=\"high\" decoding=\"async\" width=\"966\" height=\"573\" src=\"http:\/\/diariodigitalnea.com\/wp-content\/uploads\/2023\/02\/brasil-1.jpg\" alt=\"\" class=\"wp-image-6400\" srcset=\"https:\/\/diariodigitalnea.com\/wp-content\/uploads\/2023\/02\/brasil-1.jpg 966w, https:\/\/diariodigitalnea.com\/wp-content\/uploads\/2023\/02\/brasil-1-300x178.jpg 300w, https:\/\/diariodigitalnea.com\/wp-content\/uploads\/2023\/02\/brasil-1-768x456.jpg 768w\" sizes=\"(max-width: 966px) 100vw, 966px\" \/><\/figure>\n\n\n\n<p>A causa del impacto, murieron una nena de cinco a\u00f1os y una mujer de profesi\u00f3n bioqu\u00edmica.<\/p>\n\n\n\n<p>En tanto, su marido y sus dos hijos de 5 y 7 a\u00f1os resultaron heridos y se encuentran internados, as\u00ed como una mujer de 32 a\u00f1os.<\/p>\n\n\n\n<p>Seg\u00fan inform\u00f3 la Polic\u00eda Federal de Carreteras (PRF), el choque ocurri\u00f3 cuando un Volkswagen Spacefox que se dirig\u00eda desde la frontera hacia la costa invadi\u00f3 el carril contrario y choc\u00f3 de frente con un Ford Focus.<\/p>\n\n\n\n<p>La mujer fallecida fue identificada como Lorena Parente, que se desempe\u00f1aba como bioqu\u00edmica en el Hospital Granaderos a Caballo de San Lorenzo.<\/p>\n\n\n\n<p>Sus dos hijos y su marido permanecen internados en el hospital Nossa Senhora Auxiliadora de Rosario do Sul.<\/p>\n\n\n\n<p>En tanto, la nena de cinco a\u00f1os falleci\u00f3 tras ser atendida en el hospital, a causa de las heridas sufridas en el siniestro.<\/p>\n\n\n\n<figure class=\"wp-block-image size-full\"><img decoding=\"async\" width=\"1024\" height=\"375\" src=\"http:\/\/diariodigitalnea.com\/wp-content\/uploads\/2022\/10\/CONSTRUCAL-CON-FABRICA.jpg\" alt=\"\" class=\"wp-image-2241\" srcset=\"https:\/\/diariodigitalnea.com\/wp-content\/uploads\/2022\/10\/CONSTRUCAL-CON-FABRICA.jpg 1024w, https:\/\/diariodigitalnea.com\/wp-content\/uploads\/2022\/10\/CONSTRUCAL-CON-FABRICA-300x110.jpg 300w, https:\/\/diariodigitalnea.com\/wp-content\/uploads\/2022\/10\/CONSTRUCAL-CON-FABRICA-768x281.jpg 768w\" sizes=\"(max-width: 1024px) 100vw, 1024px\" \/><figcaption>Publicidad: ConstruCal Cales hidratas y vivas para uso vial y construcci\u00f3n TEL: 3624602737<\/figcaption><\/figure>\n","protected":false},"excerpt":{"rendered":"<p>El siniestro fue entre dos autos en los que viajaban turistas argentinos. Las v\u00edctimas son una nena y una mujer. Otras cuatro personas resultaron heridas. Una nena de cinco a\u00f1os y una mujer murieron, en tanto que otras cuatro personas resultaron heridas al chocar de frente dos autos en los que viajaban turistas argentinos en [&hellip;]<\/p>\n","protected":false},"author":3,"featured_media":6401,"comment_status":"closed","ping_status":"closed","sticky":false,"template":"","format":"standard","meta":{"om_disable_all_campaigns":false,"_monsterinsights_skip_tracking":false,"_monsterinsights_sitenote_active":false,"_monsterinsights_sitenote_note":"","_monsterinsights_sitenote_category":0,"footnotes":""},"categories":[9,52],"tags":[350,2304,756,697],"class_list":["post-6399","post","type-post","status-publish","format-standard","has-post-thumbnail","hentry","category-internacionales","category-policiales","tag-brasil","tag-rutas-brasileras","tag-siniestro-vial","tag-turistas"],"aioseo_notices":[],"amp_enabled":true,"_links":{"self":[{"href":"https:\/\/diariodigitalnea.com\/index.php\/wp-json\/wp\/v2\/posts\/6399","targetHints":{"allow":["GET"]}}],"collection":[{"href":"https:\/\/diariodigitalnea.com\/index.php\/wp-json\/wp\/v2\/posts"}],"about":[{"href":"https:\/\/diariodigitalnea.com\/index.php\/wp-json\/wp\/v2\/types\/post"}],"author":[{"embeddable":true,"href":"https:\/\/diariodigitalnea.com\/index.php\/wp-json\/wp\/v2\/users\/3"}],"replies":[{"embeddable":true,"href":"https:\/\/diariodigitalnea.com\/index.php\/wp-json\/wp\/v2\/comments?post=6399"}],"version-history":[{"count":1,"href":"https:\/\/diariodigitalnea.com\/index.php\/wp-json\/wp\/v2\/posts\/6399\/revisions"}],"predecessor-version":[{"id":6402,"href":"https:\/\/diariodigitalnea.com\/index.php\/wp-json\/wp\/v2\/posts\/6399\/revisions\/6402"}],"wp:featuredmedia":[{"embeddable":true,"href":"https:\/\/diariodigitalnea.com\/index.php\/wp-json\/wp\/v2\/media\/6401"}],"wp:attachment":[{"href":"https:\/\/diariodigitalnea.com\/index.php\/wp-json\/wp\/v2\/media?parent=6399"}],"wp:term":[{"taxonomy":"category","embeddable":true,"href":"https:\/\/diariodigitalnea.com\/index.php\/wp-json\/wp\/v2\/categories?post=6399"},{"taxonomy":"post_tag","embeddable":true,"href":"https:\/\/diariodigitalnea.com\/index.php\/wp-json\/wp\/v2\/tags?post=6399"}],"curies":[{"name":"wp","href":"https:\/\/api.w.org\/{rel}","templated":true}]}}