{"id":6390,"date":"2023-02-23T01:04:41","date_gmt":"2023-02-23T01:04:41","guid":{"rendered":"https:\/\/diariodigitalnea.com\/?p=6390"},"modified":"2023-02-23T01:05:32","modified_gmt":"2023-02-23T01:05:32","slug":"resistencia-volvio-a-reclamar-el-accionar-de-la-justicia-ante-una-nueva-jornada-de-cortes-de-calle-en-la-ciudad","status":"publish","type":"post","link":"https:\/\/diariodigitalnea.com\/index.php\/2023\/02\/23\/resistencia-volvio-a-reclamar-el-accionar-de-la-justicia-ante-una-nueva-jornada-de-cortes-de-calle-en-la-ciudad\/","title":{"rendered":"Resistencia volvi\u00f3 a reclamar el accionar de la justicia ante una nueva jornada de cortes"},"content":{"rendered":"\n<p>El Gobierno de la ciudad de Resistencia realiz\u00f3 una nueva presentaci\u00f3n ante la Justicia para exigir que se garantice el derecho a la libre circulaci\u00f3n en la capital chaque\u00f1a, teniendo en cuenta las interrupciones sistem\u00e1ticas en el tr\u00e1nsito vehicular que se reiteran en todas las jornadas, sobre todo en la zona c\u00e9ntrica.<\/p>\n\n\n\n<p>En lo que va del a\u00f1o, la Municipalidad de Resistencia ya present\u00f3 25 denuncias con el objetivo de normalizar el caos vehicular, producto de los innumerables cortes. La gesti\u00f3n municipal solicita la celeridad de la Justicia y de las instituciones que deben intervenir para que se resuelvan en el momento y se garantice la libre circulaci\u00f3n. Los cortes de tr\u00e1nsito afectan el acceso a la salud, a los tr\u00e1mites, dificultan el trabajo de particulares y de comerciantes de la ciudad.<\/p>\n\n\n\n<p>En la denuncia se describe que alrededor de 20 personas cortaron el tr\u00e1nsito en la intersecci\u00f3n de avenida Sarmiento y Marcelo T. de Alvear; otros 30 individuos se ubicaron en el cruce de la avenida 9 de Julio y calle G\u00fcemes; mismo accionar repitieron otros 20 sujetos que cortaron la avenida Italia a la altura de la 9 de Julio, 50 manifestantes se concentraron en Yrigoyen y G\u00fcemes, misma cantidad de personas se ubicaron sobre la avenida Las Heras, bien en frente a la empresa SAMEEP), mientras que ocho carros de tracci\u00f3n a sangre interrumpieron la circulaci\u00f3n en otro punto de la avenida 9 de Julio.<\/p>\n\n\n\n<figure class=\"wp-block-image size-full\"><img fetchpriority=\"high\" decoding=\"async\" width=\"647\" height=\"435\" src=\"http:\/\/diariodigitalnea.com\/wp-content\/uploads\/2023\/02\/cortes.jpg\" alt=\"\" class=\"wp-image-6395\" srcset=\"https:\/\/diariodigitalnea.com\/wp-content\/uploads\/2023\/02\/cortes.jpg 647w, https:\/\/diariodigitalnea.com\/wp-content\/uploads\/2023\/02\/cortes-300x202.jpg 300w\" sizes=\"(max-width: 647px) 100vw, 647px\" \/><\/figure>\n\n\n\n<p>Asimismo, se afirma que \u201clas agrupaciones mencionadas ocuparon las calles de la Ciudad impidiendo el libre tr\u00e1nsito vehicular y de personas con diferentes petitorios, generando total obstrucci\u00f3n de dichas arterias\u201d, y se agrega que estas acciones en simultaneo tienen \u201cel claro fin de generar un total caos vehicular con total, par\u00e1lisis de la circulaci\u00f3n del transporte de pasajeros p\u00fablico y privado\u201d.<\/p>\n\n\n\n<p>El escrito judicial remarca que \u201ca los comerciantes se les ocasiona un grave da\u00f1o a sus actividades, al verse significativamente disminuida asistencia de clientes a sus locales y, por ende, afectando sus ingresos y rentabilidad; provocando adem\u00e1s una evidente y manifiesta alteraci\u00f3n del orden p\u00fablico y de la paz social\u201d.<\/p>\n\n\n\n<p>En una misma sinton\u00eda, se manifiesta que \u201ceste tipo de actos, que se dicen \u2018reclamos sociales\u2019, son origen de una gran cantidad de il\u00edcitos mayores\u201d, y se considera que \u201cno se desconocen los derechos a estas agrupaciones a la libre expresi\u00f3n, protesta, reclamos o manifestaci\u00f3n ante las autoridades\u201d, pero dentro de \u201cun \u00e1mbito de igualdad\u201d para garantizar la circulaci\u00f3n libre de todos los habitantes de Resistencia, ya que \u201cquien obstruye una v\u00eda p\u00fablica comete \u2018delito\u2019, pues no permite el normal funcionamiento de las m\u00faltiples actividades que se desarrollan en el microcentro\u201d.<\/p>\n\n\n\n<p>Por \u00faltimo, desde la Municipalidad de Resistencia se brega por \u201cel bien com\u00fan y el inter\u00e9s general que debe primar por sobre el de un sector de la sociedad\u201d.<\/p>\n","protected":false},"excerpt":{"rendered":"<p>El Gobierno de la ciudad de Resistencia realiz\u00f3 una nueva presentaci\u00f3n ante la Justicia para exigir que se garantice el derecho a la libre circulaci\u00f3n en la capital chaque\u00f1a, teniendo en cuenta las interrupciones sistem\u00e1ticas en el tr\u00e1nsito vehicular que se reiteran en todas las jornadas, sobre todo en la zona c\u00e9ntrica. En lo que [&hellip;]<\/p>\n","protected":false},"author":3,"featured_media":6394,"comment_status":"closed","ping_status":"closed","sticky":false,"template":"","format":"standard","meta":{"om_disable_all_campaigns":false,"_monsterinsights_skip_tracking":false,"_monsterinsights_sitenote_active":false,"_monsterinsights_sitenote_note":"","_monsterinsights_sitenote_category":0,"footnotes":""},"categories":[33],"tags":[2303,612,58,40],"class_list":["post-6390","post","type-post","status-publish","format-standard","has-post-thumbnail","hentry","category-chaco","tag-cortes-de-calles","tag-justicia","tag-municipalidad-de-resistencia","tag-resistencia"],"aioseo_notices":[],"amp_enabled":true,"_links":{"self":[{"href":"https:\/\/diariodigitalnea.com\/index.php\/wp-json\/wp\/v2\/posts\/6390","targetHints":{"allow":["GET"]}}],"collection":[{"href":"https:\/\/diariodigitalnea.com\/index.php\/wp-json\/wp\/v2\/posts"}],"about":[{"href":"https:\/\/diariodigitalnea.com\/index.php\/wp-json\/wp\/v2\/types\/post"}],"author":[{"embeddable":true,"href":"https:\/\/diariodigitalnea.com\/index.php\/wp-json\/wp\/v2\/users\/3"}],"replies":[{"embeddable":true,"href":"https:\/\/diariodigitalnea.com\/index.php\/wp-json\/wp\/v2\/comments?post=6390"}],"version-history":[{"count":2,"href":"https:\/\/diariodigitalnea.com\/index.php\/wp-json\/wp\/v2\/posts\/6390\/revisions"}],"predecessor-version":[{"id":6398,"href":"https:\/\/diariodigitalnea.com\/index.php\/wp-json\/wp\/v2\/posts\/6390\/revisions\/6398"}],"wp:featuredmedia":[{"embeddable":true,"href":"https:\/\/diariodigitalnea.com\/index.php\/wp-json\/wp\/v2\/media\/6394"}],"wp:attachment":[{"href":"https:\/\/diariodigitalnea.com\/index.php\/wp-json\/wp\/v2\/media?parent=6390"}],"wp:term":[{"taxonomy":"category","embeddable":true,"href":"https:\/\/diariodigitalnea.com\/index.php\/wp-json\/wp\/v2\/categories?post=6390"},{"taxonomy":"post_tag","embeddable":true,"href":"https:\/\/diariodigitalnea.com\/index.php\/wp-json\/wp\/v2\/tags?post=6390"}],"curies":[{"name":"wp","href":"https:\/\/api.w.org\/{rel}","templated":true}]}}