{"id":6359,"date":"2023-02-22T13:27:12","date_gmt":"2023-02-22T13:27:12","guid":{"rendered":"https:\/\/diariodigitalnea.com\/?p=6359"},"modified":"2023-02-22T13:27:13","modified_gmt":"2023-02-22T13:27:13","slug":"siguen-los-incendios-en-la-provincia-registraron-14-focos-y-el-fuego-avanza-sobre-los-esteros-del-ibera","status":"publish","type":"post","link":"https:\/\/diariodigitalnea.com\/index.php\/2023\/02\/22\/siguen-los-incendios-en-la-provincia-registraron-14-focos-y-el-fuego-avanza-sobre-los-esteros-del-ibera\/","title":{"rendered":"Siguen los incendios en la provincia: registraron 14 focos y el fuego avanza sobre los Esteros del Iber\u00e1"},"content":{"rendered":"\n<p>El viento complica el trabajo de los bomberos mientras la Justicia investiga la posibilidad de que las llamas hayan sido iniciadas de manera intencional<\/p>\n\n\n\n<p>Los incendios contin\u00faan afectado a la provincia de Corrientes. Durante este martes, se registraron 14 focos en diferentes puntos del territorio correntino y algunos de ellos avanzan sobre los Esteros del Iber\u00e1, que ya se encuentran en \u201cestado cr\u00edtico\u201d.<\/p>\n\n\n\n<p>El Comando Operativo de Emergencias (COE) inform\u00f3 que las zonas en las que se identificaron focos activos fueron las ciudades de Ramada Paso, Lomas de Galarza, Mburucuy\u00e1, Plasma Grande, Santa Rosa, Concepci\u00f3n, San Lorenzo, Colonia, Pando, Mercedes, Esquina, Guavirav\u00ed y Pueblo Libertador.<\/p>\n\n\n\n<p>Seg\u00fan precis\u00f3 en un comunicado la COE, de esos focos, solo cinco se encuentran activos, uno fue sofocado y los ocho restantes se encuentran en observaci\u00f3n. En ese sentido, contin\u00faa amenazando a los Esteros del Iber\u00e1, zona protegida que ya se vio afectada por los constantes focos \u00edgneos.<\/p>\n\n\n\n<figure class=\"wp-block-image size-full\"><img fetchpriority=\"high\" decoding=\"async\" width=\"768\" height=\"432\" src=\"http:\/\/diariodigitalnea.com\/wp-content\/uploads\/2023\/02\/incendio01.jpg\" alt=\"\" class=\"wp-image-6360\" srcset=\"https:\/\/diariodigitalnea.com\/wp-content\/uploads\/2023\/02\/incendio01.jpg 768w, https:\/\/diariodigitalnea.com\/wp-content\/uploads\/2023\/02\/incendio01-300x169.jpg 300w\" sizes=\"(max-width: 768px) 100vw, 768px\" \/><\/figure>\n\n\n\n<p>En el norte del \u00e1rea protegida, se registraron incendios de grandes dimensiones; sobre todo, en la localidad de San Miguel. Pese a los intentos de los bomberos, el viento complica el trabajo.<\/p>\n\n\n\n<p>\u201cEl domingo los vientos del sector sudeste afectaron con una gran masa de humo a localidades linderas a las zonas m\u00e1s afectadas por el fuego, como Mburucuy\u00e1 y Santa Rosa\u201d, cont\u00f3 a T\u00e9lam la agrimensora y especialista en meteorolog\u00eda Mar\u00eda Alejandra Ojeda.<\/p>\n\n\n\n<p>De hecho, el humo se comienza a hacer sentir en otras provincias cercanas como Santa Fe, por lo que las autoridades santafesinas alertaron a la poblaci\u00f3n por la presencia de humo que generar\u00eda una visibilidad reducida, con enfriamiento nocturno.<\/p>\n\n\n\n<p>De diciembre 2022 a febrero de este a\u00f1o, se registraron 31.000 hect\u00e1reas quemadas en Corrientes. Por esto mismo, el COE declar\u00f3 hace dos semanas a la zona de los Esteros del Iber\u00e1 en un \u201cestado cr\u00edtico\u201d. Una de las zonas que m\u00e1s preocupaci\u00f3n genera es la isla San Alonso, donde se realizan trabajos de reproducci\u00f3n de yaguaret\u00e9s en un intento de evitar su extinci\u00f3n.<\/p>\n\n\n\n<p>En relaci\u00f3n con la velocidad de expansi\u00f3n de las llamas, la COE asegur\u00f3 que \u201cel comportamiento de propagaci\u00f3n del fuego en terreno de pastura baja se estima de diez hect\u00e1reas cada 30 minutos\u201d. De esta manera, las autoridades trabajan de forma conjunta entre diferentes \u00e1reas del sector p\u00fablico y privado para lograr hacer frente a las llamas.<\/p>\n\n\n\n<figure class=\"wp-block-image size-full\"><img decoding=\"async\" width=\"768\" height=\"432\" src=\"http:\/\/diariodigitalnea.com\/wp-content\/uploads\/2023\/02\/incendio3.jpg\" alt=\"\" class=\"wp-image-6362\" srcset=\"https:\/\/diariodigitalnea.com\/wp-content\/uploads\/2023\/02\/incendio3.jpg 768w, https:\/\/diariodigitalnea.com\/wp-content\/uploads\/2023\/02\/incendio3-300x169.jpg 300w\" sizes=\"(max-width: 768px) 100vw, 768px\" \/><\/figure>\n\n\n\n<p>Durante el fin de semana, un pueblo entero del sur de la provincia se qued\u00f3 sin electricidad por dos incendios que da\u00f1aron las l\u00edneas de media tensi\u00f3n y al menos seis postes. Los bomberos pudieron combatir las llamas, pero pudieron reestablecer el suministro de energ\u00eda.<\/p>\n\n\n\n<p>Los incendios de 2022 consumieron el 12 por ciento de la superficie total de la provincia. M\u00e1s all\u00e1 de que Corrientes es la provincia m\u00e1s afectada por los focos \u00edgneos, durante este martes 21 de febrero otras siete provincias presentaron incendios forestales. De hecho, Entre R\u00edos, Formosa y Chubut mantienen focos activos.<\/p>\n\n\n\n<h2 class=\"wp-block-heading\">Los incendios ser\u00edan intencionales<\/h2>\n\n\n\n<p>Frente a esto, los ciudadanos correntinos se encuentran en alerta para evitar que se inicie alg\u00fan otro foco. Por esto mismo, notificaron al personal de bomberos sobre dos hombres que iniciaban fuego intencionalmente en Santo Tom\u00e9.<\/p>\n\n\n\n<p>Ambos hombres fueron captados en una motocicleta mientras incendiaban un pastizal en varios puntos de la Ruta Provincial N\u00b094. As\u00ed, extendieron el fuego desde el kil\u00f3metro 6 hasta el 34.<\/p>\n\n\n\n<p><\/p>\n\n\n\n<p>En consecuencia, los bomberos acudieron inmediatamente al lugar y pudieron controlar el incendio. Aunque no fueron detenidos, la Polic\u00eda de Corrientes realiza un amplio operativo para poder dar con los responsables de los incendios mientras que la Justicia investiga.<\/p>\n\n\n\n<figure class=\"wp-block-image size-full\"><img decoding=\"async\" width=\"1024\" height=\"375\" src=\"http:\/\/diariodigitalnea.com\/wp-content\/uploads\/2022\/10\/CONSTRUCAL-CON-FABRICA.jpg\" alt=\"\" class=\"wp-image-2241\" srcset=\"https:\/\/diariodigitalnea.com\/wp-content\/uploads\/2022\/10\/CONSTRUCAL-CON-FABRICA.jpg 1024w, https:\/\/diariodigitalnea.com\/wp-content\/uploads\/2022\/10\/CONSTRUCAL-CON-FABRICA-300x110.jpg 300w, https:\/\/diariodigitalnea.com\/wp-content\/uploads\/2022\/10\/CONSTRUCAL-CON-FABRICA-768x281.jpg 768w\" sizes=\"(max-width: 1024px) 100vw, 1024px\" \/><figcaption>Publicidad: ConstruCal Cales hidratas y vivas para uso vial y construcci\u00f3n TEL: 3624602737<\/figcaption><\/figure>\n","protected":false},"excerpt":{"rendered":"<p>El viento complica el trabajo de los bomberos mientras la Justicia investiga la posibilidad de que las llamas hayan sido iniciadas de manera intencional Los incendios contin\u00faan afectado a la provincia de Corrientes. Durante este martes, se registraron 14 focos en diferentes puntos del territorio correntino y algunos de ellos avanzan sobre los Esteros del [&hellip;]<\/p>\n","protected":false},"author":3,"featured_media":6361,"comment_status":"closed","ping_status":"closed","sticky":false,"template":"","format":"standard","meta":{"om_disable_all_campaigns":false,"_monsterinsights_skip_tracking":false,"_monsterinsights_sitenote_active":false,"_monsterinsights_sitenote_note":"","_monsterinsights_sitenote_category":0,"footnotes":""},"categories":[34],"tags":[1381,63,302,359,2289],"class_list":["post-6359","post","type-post","status-publish","format-standard","has-post-thumbnail","hentry","category-corrientes","tag-contaminacion","tag-corrientes","tag-esteros-del-ibera","tag-incendios","tag-incendios-forestales"],"aioseo_notices":[],"amp_enabled":true,"_links":{"self":[{"href":"https:\/\/diariodigitalnea.com\/index.php\/wp-json\/wp\/v2\/posts\/6359","targetHints":{"allow":["GET"]}}],"collection":[{"href":"https:\/\/diariodigitalnea.com\/index.php\/wp-json\/wp\/v2\/posts"}],"about":[{"href":"https:\/\/diariodigitalnea.com\/index.php\/wp-json\/wp\/v2\/types\/post"}],"author":[{"embeddable":true,"href":"https:\/\/diariodigitalnea.com\/index.php\/wp-json\/wp\/v2\/users\/3"}],"replies":[{"embeddable":true,"href":"https:\/\/diariodigitalnea.com\/index.php\/wp-json\/wp\/v2\/comments?post=6359"}],"version-history":[{"count":1,"href":"https:\/\/diariodigitalnea.com\/index.php\/wp-json\/wp\/v2\/posts\/6359\/revisions"}],"predecessor-version":[{"id":6363,"href":"https:\/\/diariodigitalnea.com\/index.php\/wp-json\/wp\/v2\/posts\/6359\/revisions\/6363"}],"wp:featuredmedia":[{"embeddable":true,"href":"https:\/\/diariodigitalnea.com\/index.php\/wp-json\/wp\/v2\/media\/6361"}],"wp:attachment":[{"href":"https:\/\/diariodigitalnea.com\/index.php\/wp-json\/wp\/v2\/media?parent=6359"}],"wp:term":[{"taxonomy":"category","embeddable":true,"href":"https:\/\/diariodigitalnea.com\/index.php\/wp-json\/wp\/v2\/categories?post=6359"},{"taxonomy":"post_tag","embeddable":true,"href":"https:\/\/diariodigitalnea.com\/index.php\/wp-json\/wp\/v2\/tags?post=6359"}],"curies":[{"name":"wp","href":"https:\/\/api.w.org\/{rel}","templated":true}]}}