{"id":6342,"date":"2023-02-21T22:36:24","date_gmt":"2023-02-21T22:36:24","guid":{"rendered":"https:\/\/diariodigitalnea.com\/?p=6342"},"modified":"2023-02-21T22:36:25","modified_gmt":"2023-02-21T22:36:25","slug":"abrieron-mas-compuertas-de-itaipu-y-el-rio-parana-se-acerca-a-los-5-metros-de-altura","status":"publish","type":"post","link":"https:\/\/diariodigitalnea.com\/index.php\/2023\/02\/21\/abrieron-mas-compuertas-de-itaipu-y-el-rio-parana-se-acerca-a-los-5-metros-de-altura\/","title":{"rendered":"Abrieron m\u00e1s compuertas de Itaip\u00fa y el r\u00edo Paran\u00e1 se acerca a los 5 metros de altura"},"content":{"rendered":"\n<p>No tomaban esta medida desde 2016. Las canaletas abiertas en Itaip\u00fa lograron verter 12 millones de litros de agua por segundo. El caudal transita una etapa de recuperaci\u00f3n en un repunte \u201cmulticausal\u201d.<\/p>\n\n\n\n<p><\/p>\n\n\n\n<p>El r\u00edo Paran\u00e1 marc\u00f3 los 4,32 metros de altura ayer en la ciudad de Corrientes, seg\u00fan el Centro de Informaciones Meteorol\u00f3gicas de la Universidad Nacional del Litoral. Mientras que el Instituto Nacional del Agua (INA) espera que esa marca siga creciendo y que se acerque a los 5 metros de altura en los pr\u00f3ximos d\u00edas.<\/p>\n\n\n\n<figure class=\"wp-block-image size-full\"><img fetchpriority=\"high\" decoding=\"async\" width=\"1015\" height=\"631\" src=\"https:\/\/diariodigitalnea.com\/wp-content\/uploads\/2023\/02\/ita3.jpg\" alt=\"\" class=\"wp-image-6344\" srcset=\"https:\/\/diariodigitalnea.com\/wp-content\/uploads\/2023\/02\/ita3.jpg 1015w, https:\/\/diariodigitalnea.com\/wp-content\/uploads\/2023\/02\/ita3-300x187.jpg 300w, https:\/\/diariodigitalnea.com\/wp-content\/uploads\/2023\/02\/ita3-768x477.jpg 768w\" sizes=\"(max-width: 1015px) 100vw, 1015px\" \/><\/figure>\n\n\n\n<p>Es que en el Alto Paran\u00e1, la represa Itaip\u00fa abri\u00f3 este fin de semana las compuertas de la segunda canaleta del vertedero, despu\u00e9s de siete a\u00f1os, por la gran afluencia de agua que llega al embalse (ver fotograf\u00eda). La \u00faltima apertura simult\u00e1nea fue en marzo de 2016.<\/p>\n\n\n\n<p><\/p>\n\n\n\n<p>La canaleta izquierda seguir\u00e1 vertiendo agua durante los pr\u00f3ximos d\u00edas, mientras que la canaleta central, abierta este domingo, deber\u00eda cerrarse en la fecha. Ambas canaletas lograron verter 12 millones de litros de agua por segundo (12.000 m3\/s). A fines de octubre y principios de noviembre pasado fue la \u00faltima vez que el r\u00edo Paran\u00e1 logr\u00f3 esa altura en\u00a0 la ciudad de Corrientes, tambi\u00e9n producto de las lluvias en el Alto Paran\u00e1. De esto modo, su caudal transita una etapa de recuperaci\u00f3n en un repunte \u201cmulticausal\u201d seg\u00fan se\u00f1alaron los especialistas.<\/p>\n\n\n\n<p><\/p>\n\n\n\n<p>Se espera que el Paran\u00e1 mantenga la tendencia de los \u00faltimos d\u00edas gracias a algunas lluvias a lo largo de la cuenca del Paran\u00e1, que se combinaron con la apertura de las compuertas de las represas hidroel\u00e9ctricas que Brasil tiene sobre el Paran\u00e1.<\/p>\n\n\n\n<figure class=\"wp-block-image size-large\"><img decoding=\"async\" width=\"1024\" height=\"576\" src=\"https:\/\/diariodigitalnea.com\/wp-content\/uploads\/2023\/02\/ita-1024x576.jpg\" alt=\"\" class=\"wp-image-6345\" srcset=\"https:\/\/diariodigitalnea.com\/wp-content\/uploads\/2023\/02\/ita-1024x576.jpg 1024w, https:\/\/diariodigitalnea.com\/wp-content\/uploads\/2023\/02\/ita-300x169.jpg 300w, https:\/\/diariodigitalnea.com\/wp-content\/uploads\/2023\/02\/ita-768x432.jpg 768w, https:\/\/diariodigitalnea.com\/wp-content\/uploads\/2023\/02\/ita.jpg 1160w\" sizes=\"(max-width: 1024px) 100vw, 1024px\" \/><\/figure>\n\n\n\n<p>Por un lado, entra en juego el rol de la apertura de compuertas de las presas de embalse brasile\u00f1as ubicadas en la cuenca del Alto Paran\u00e1, como lo fue el caso de Itaip\u00fa. Se hicieron descargas adicionales que permitieron que la onda de crecida se acreciente y se mantenga en el tiempo, combinado con algunos episodios de lluvias a lo largo de toda la cuenca y en zonas de r\u00e1pida respuesta. A esto se le suma el final del fen\u00f3meno de La Ni\u00f1a, el cual seg\u00fan expertos estar\u00e1 ingresando en fase neutra hasta marzo.<\/p>\n\n\n\n<p><\/p>\n\n\n\n<p>La bajante hist\u00f3rica tuvo su inicio en marzo del 2020, un a\u00f1o m\u00e1s tarde recuper\u00f3 una tendencia alcista sin alcanzar su normalidad, pero volvi\u00f3 a caer a fines del 2021, y provoc\u00f3 notorios cambios en la vida ambiental, econ\u00f3mica, productiva y social.<\/p>\n\n\n\n<p><\/p>\n\n\n\n<p>Esto afect\u00f3 la fauna \u00edctica al dejar seco el valle de inundaci\u00f3n (donde los peces se refugian, alimentan, reproducen y crecen); produjo inconvenientes en el riego de cultivos y complic\u00f3 las producciones industriales que necesitan captar agua.<\/p>\n\n\n\n<p><\/p>\n\n\n\n<figure class=\"wp-block-image size-full\"><img decoding=\"async\" width=\"1024\" height=\"375\" src=\"http:\/\/diariodigitalnea.com\/wp-content\/uploads\/2022\/10\/CONSTRUCAL-CON-FABRICA.jpg\" alt=\"\" class=\"wp-image-2241\" srcset=\"https:\/\/diariodigitalnea.com\/wp-content\/uploads\/2022\/10\/CONSTRUCAL-CON-FABRICA.jpg 1024w, https:\/\/diariodigitalnea.com\/wp-content\/uploads\/2022\/10\/CONSTRUCAL-CON-FABRICA-300x110.jpg 300w, https:\/\/diariodigitalnea.com\/wp-content\/uploads\/2022\/10\/CONSTRUCAL-CON-FABRICA-768x281.jpg 768w\" sizes=\"(max-width: 1024px) 100vw, 1024px\" \/><figcaption>Publicidad: ConstruCal Cales hidratas y vivas para uso vial y construcci\u00f3n TEL: 3624602737<\/figcaption><\/figure>\n","protected":false},"excerpt":{"rendered":"<p>No tomaban esta medida desde 2016. Las canaletas abiertas en Itaip\u00fa lograron verter 12 millones de litros de agua por segundo. El caudal transita una etapa de recuperaci\u00f3n en un repunte \u201cmulticausal\u201d. El r\u00edo Paran\u00e1 marc\u00f3 los 4,32 metros de altura ayer en la ciudad de Corrientes, seg\u00fan el Centro de Informaciones Meteorol\u00f3gicas de la [&hellip;]<\/p>\n","protected":false},"author":4,"featured_media":6343,"comment_status":"closed","ping_status":"closed","sticky":false,"template":"","format":"standard","meta":{"om_disable_all_campaigns":false,"_monsterinsights_skip_tracking":false,"_monsterinsights_sitenote_active":false,"_monsterinsights_sitenote_note":"","_monsterinsights_sitenote_category":0,"footnotes":""},"categories":[95,149],"tags":[1917,178],"class_list":["post-6342","post","type-post","status-publish","format-standard","has-post-thumbnail","hentry","category-informacion-general","category-medio-ambiente","tag-itaipu","tag-parana"],"aioseo_notices":[],"amp_enabled":true,"_links":{"self":[{"href":"https:\/\/diariodigitalnea.com\/index.php\/wp-json\/wp\/v2\/posts\/6342","targetHints":{"allow":["GET"]}}],"collection":[{"href":"https:\/\/diariodigitalnea.com\/index.php\/wp-json\/wp\/v2\/posts"}],"about":[{"href":"https:\/\/diariodigitalnea.com\/index.php\/wp-json\/wp\/v2\/types\/post"}],"author":[{"embeddable":true,"href":"https:\/\/diariodigitalnea.com\/index.php\/wp-json\/wp\/v2\/users\/4"}],"replies":[{"embeddable":true,"href":"https:\/\/diariodigitalnea.com\/index.php\/wp-json\/wp\/v2\/comments?post=6342"}],"version-history":[{"count":1,"href":"https:\/\/diariodigitalnea.com\/index.php\/wp-json\/wp\/v2\/posts\/6342\/revisions"}],"predecessor-version":[{"id":6346,"href":"https:\/\/diariodigitalnea.com\/index.php\/wp-json\/wp\/v2\/posts\/6342\/revisions\/6346"}],"wp:featuredmedia":[{"embeddable":true,"href":"https:\/\/diariodigitalnea.com\/index.php\/wp-json\/wp\/v2\/media\/6343"}],"wp:attachment":[{"href":"https:\/\/diariodigitalnea.com\/index.php\/wp-json\/wp\/v2\/media?parent=6342"}],"wp:term":[{"taxonomy":"category","embeddable":true,"href":"https:\/\/diariodigitalnea.com\/index.php\/wp-json\/wp\/v2\/categories?post=6342"},{"taxonomy":"post_tag","embeddable":true,"href":"https:\/\/diariodigitalnea.com\/index.php\/wp-json\/wp\/v2\/tags?post=6342"}],"curies":[{"name":"wp","href":"https:\/\/api.w.org\/{rel}","templated":true}]}}