{"id":6276,"date":"2023-02-17T15:59:33","date_gmt":"2023-02-17T15:59:33","guid":{"rendered":"https:\/\/diariodigitalnea.com\/?p=6276"},"modified":"2023-02-17T15:59:34","modified_gmt":"2023-02-17T15:59:34","slug":"caso-lucio-dupuy-la-madre-y-su-pareja-fueron-condenadas-a-prision-perpetua","status":"publish","type":"post","link":"https:\/\/diariodigitalnea.com\/index.php\/2023\/02\/17\/caso-lucio-dupuy-la-madre-y-su-pareja-fueron-condenadas-a-prision-perpetua\/","title":{"rendered":"Caso Lucio Dupuy: la madre y su pareja fueron condenadas a prisi\u00f3n perpetua"},"content":{"rendered":"\n<p>Magdalena Esp\u00f3sito Valenti y Abigail P\u00e1ez deber\u00e1n afrontar la pena m\u00e1xima. Adem\u00e1s, el tribunal rechaz\u00f3 los planteos efectuados por el defensor de la familia.<\/p>\n\n\n\n<p>Este viernes 17, el tribunal resolvi\u00f3 que Magdalena Esp\u00f3sito Valenti, madre de Lucio Dupuy, y Abigail P\u00e1ez, su pareja, deber\u00e1n enfrentar las penas de prisi\u00f3n perpetua.<\/p>\n\n\n\n<p>As\u00ed se efectu\u00f3 la lectura: \u201cSe rechaza el planteo de inconstitucionalidad de la prisi\u00f3n perpetua efectuada por las defensas t\u00e9cnicas. Se condena a Magdalena Esp\u00f3sito Valenti a la pena de prisi\u00f3n perpetua por la comisi\u00f3n del delito de homicidio triplemente calificado por v\u00ednculo, alevos\u00eda y ensa\u00f1amiento\u201d.<\/p>\n\n\n\n<p>Con respecto a Abigail P\u00e1ez se resolvi\u00f3: \u201c(&#8230;) Se la condena a la pena de prisi\u00f3n perpetua por la comisi\u00f3n del delito de homicidio doblemente calificado por alevos\u00eda y ensa\u00f1amiento en concurso real con el delito de abuso sexual por v\u00eda anal ejecutado con objeto f\u00e1lico. Agravado por ser menor de 18 a\u00f1os\u201d.<\/p>\n","protected":false},"excerpt":{"rendered":"<p>Magdalena Esp\u00f3sito Valenti y Abigail P\u00e1ez deber\u00e1n afrontar la pena m\u00e1xima. Adem\u00e1s, el tribunal rechaz\u00f3 los planteos efectuados por el defensor de la familia. Este viernes 17, el tribunal resolvi\u00f3 que Magdalena Esp\u00f3sito Valenti, madre de Lucio Dupuy, y Abigail P\u00e1ez, su pareja, deber\u00e1n enfrentar las penas de prisi\u00f3n perpetua. As\u00ed se efectu\u00f3 la lectura: [&hellip;]<\/p>\n","protected":false},"author":3,"featured_media":6277,"comment_status":"closed","ping_status":"closed","sticky":false,"template":"","format":"standard","meta":{"om_disable_all_campaigns":false,"_monsterinsights_skip_tracking":false,"_monsterinsights_sitenote_active":false,"_monsterinsights_sitenote_note":"","_monsterinsights_sitenote_category":0,"footnotes":""},"categories":[90,52],"tags":[2153,2150,1216,2152,587],"class_list":["post-6276","post","type-post","status-publish","format-standard","has-post-thumbnail","hentry","category-nacionales","category-policiales","tag-abigail-paez","tag-caso-lucio-dupuy","tag-crimen","tag-magdalena-esposito-valenti","tag-prision-perpetua"],"aioseo_notices":[],"amp_enabled":true,"_links":{"self":[{"href":"https:\/\/diariodigitalnea.com\/index.php\/wp-json\/wp\/v2\/posts\/6276","targetHints":{"allow":["GET"]}}],"collection":[{"href":"https:\/\/diariodigitalnea.com\/index.php\/wp-json\/wp\/v2\/posts"}],"about":[{"href":"https:\/\/diariodigitalnea.com\/index.php\/wp-json\/wp\/v2\/types\/post"}],"author":[{"embeddable":true,"href":"https:\/\/diariodigitalnea.com\/index.php\/wp-json\/wp\/v2\/users\/3"}],"replies":[{"embeddable":true,"href":"https:\/\/diariodigitalnea.com\/index.php\/wp-json\/wp\/v2\/comments?post=6276"}],"version-history":[{"count":1,"href":"https:\/\/diariodigitalnea.com\/index.php\/wp-json\/wp\/v2\/posts\/6276\/revisions"}],"predecessor-version":[{"id":6278,"href":"https:\/\/diariodigitalnea.com\/index.php\/wp-json\/wp\/v2\/posts\/6276\/revisions\/6278"}],"wp:featuredmedia":[{"embeddable":true,"href":"https:\/\/diariodigitalnea.com\/index.php\/wp-json\/wp\/v2\/media\/6277"}],"wp:attachment":[{"href":"https:\/\/diariodigitalnea.com\/index.php\/wp-json\/wp\/v2\/media?parent=6276"}],"wp:term":[{"taxonomy":"category","embeddable":true,"href":"https:\/\/diariodigitalnea.com\/index.php\/wp-json\/wp\/v2\/categories?post=6276"},{"taxonomy":"post_tag","embeddable":true,"href":"https:\/\/diariodigitalnea.com\/index.php\/wp-json\/wp\/v2\/tags?post=6276"}],"curies":[{"name":"wp","href":"https:\/\/api.w.org\/{rel}","templated":true}]}}