{"id":6229,"date":"2023-02-15T15:16:39","date_gmt":"2023-02-15T15:16:39","guid":{"rendered":"https:\/\/diariodigitalnea.com\/?p=6229"},"modified":"2023-02-15T15:16:39","modified_gmt":"2023-02-15T15:16:39","slug":"resistencia-logro-incorporar-al-sistema-de-transporte-publico-134-barrios-que-no-contaban-con-este-servicio","status":"publish","type":"post","link":"https:\/\/diariodigitalnea.com\/index.php\/2023\/02\/15\/resistencia-logro-incorporar-al-sistema-de-transporte-publico-134-barrios-que-no-contaban-con-este-servicio\/","title":{"rendered":"Resistencia logr\u00f3 incorporar al sistema de transporte p\u00fablico 134 barrios que no contaban con este servicio"},"content":{"rendered":"\n<p>El presidente del Concejo Municipal, Agust\u00edn Romero, destac\u00f3 el aporte que signific\u00f3 para el \u00e1rea metropolitana la disponibilidad del Plan Integral de Movilidad Urbana Sostenible (PIMUS) en el proceso de conformaci\u00f3n del Sistema Integrado de Transporte del \u00c1rea Metropolitana (SITAM) para ofrecer a los vecinos un \u00f3ptimo servicio para el transporte p\u00fablico de pasajeros.<\/p>\n\n\n\n<p>Al respecto y tras el anuncio por parte de Provincia de la pronta incorporaci\u00f3n de 100 nuevas unidades para fin de mes, Romero enfatiz\u00f3 que \u201ctodos los recorridos de Resistencia se modificaron en base al PIMUS, que incorpora a 134 barrios que no ten\u00edan el servicio de transporte p\u00fablico\u201d. \u201cLa mitad de los barrios de la capital que no ten\u00edan este servicio, ten\u00edan demandas y nosotros los incorporamos\u201d, indic\u00f3.<\/p>\n\n\n\n<p>As\u00ed, expuso que la capital sum\u00f3 26 nuevos puntos de referencia que antes no estaban en el Sistema de Transporte Urbano. Entre ellos, los barrios 10 de Mayo, 13 de Diciembre, Alimenticio, Asentamiento La Primavera, Emerenciano, Golf Club, Mujeres Argentinas, Roger Balet, San Diego, Santa Clara, SMM, V\u00e9lez Sarsfield, Villa Encanto, Villa General Mitre, Vista Linda, Monte Alto, 150 Viviendas, Las Palmeritas, Las Palmeras, Los Teros, La Rubita, Villa Nueva, Juan Domingo Per\u00f3n, 40 Viviendas, UPM, Asentamiento Luchemos Juntos y 24 de Diciembre.<\/p>\n\n\n\n<figure class=\"wp-block-image size-full\"><img fetchpriority=\"high\" decoding=\"async\" width=\"515\" height=\"427\" src=\"http:\/\/diariodigitalnea.com\/wp-content\/uploads\/2023\/02\/trasnporte03.jpg\" alt=\"\" class=\"wp-image-6232\" srcset=\"https:\/\/diariodigitalnea.com\/wp-content\/uploads\/2023\/02\/trasnporte03.jpg 515w, https:\/\/diariodigitalnea.com\/wp-content\/uploads\/2023\/02\/trasnporte03-300x249.jpg 300w\" sizes=\"(max-width: 515px) 100vw, 515px\" \/><\/figure>\n\n\n\n<p>Romero detall\u00f3 que una de las l\u00edneas estrat\u00e9gicas planteadas por el Municipio es la b\u00fasqueda de un Sistema de Transporte P\u00fablico de Pasajeros integrado, eficiente y optimizado. \u201cEn esa l\u00ednea aunamos esfuerzos con Provincia y con los municipios de Fontana, Barranqueras y Puerto Vilelas con los que establecimos el SITAM, con la primera fase que es la renovaci\u00f3n de las unidades que est\u00e1n circulando por parte de las empresas. Se renovar\u00e1n 300 unidades y el 24 circular\u00e1n las primeras 100\u201d, expres\u00f3.<\/p>\n\n\n\n<p>En ese contexto, se\u00f1al\u00f3 que el PIMUS instal\u00f3 el tema en la agenda y argument\u00f3 que \u201cfue dar un proyecto concreto a la gente\u201d. \u201cEs la primera vez en 40 a\u00f1os que se redise\u00f1a el recorrido de las l\u00edneas de colectivos y fue innovador porque se tom\u00f3 como referencia los indicadores de generadores de movilidad: d\u00f3nde vive la gente y d\u00f3nde trabaja. As\u00ed, se agregan cinco l\u00edneas m\u00e1s que mejoran la conectividad del \u00e1rea metropolitana y dan una alternativa a los vecinos y vecinas con unidades que tienen acondicionamiento de aire y el 25% de las mismas est\u00e1n preparadas para personas con alg\u00fan tipo de discapacidad motriz, con ascensores para zonas inclusivas, con sistema de georreferenciaci\u00f3n y paradas inteligentes en las que puede verse el recorrido de los colectivos\u201d.<\/p>\n\n\n\n<figure class=\"wp-block-image size-full\"><img decoding=\"async\" width=\"680\" height=\"515\" src=\"http:\/\/diariodigitalnea.com\/wp-content\/uploads\/2023\/02\/transporte02.jpg\" alt=\"\" class=\"wp-image-6231\" srcset=\"https:\/\/diariodigitalnea.com\/wp-content\/uploads\/2023\/02\/transporte02.jpg 680w, https:\/\/diariodigitalnea.com\/wp-content\/uploads\/2023\/02\/transporte02-300x227.jpg 300w\" sizes=\"(max-width: 680px) 100vw, 680px\" \/><\/figure>\n\n\n\n<p>\u201cEl PIMUS representa una mejora en lo que es el servicio y aborda todas las formas de movilidad que se establecen en la ciudad y lo hicimos con un diagn\u00f3stico del \u00e1rea metropolitana porque hay gente que vive en localidades cercanas como Colonia Ben\u00edtez o Margarita Bel\u00e9n y que viene a trabajar ac\u00e1 o viceversa\u201d, agreg\u00f3 explicando que en la agenda de trabajo del SITAM concluyeron las acciones relacionadas a la configuraci\u00f3n del marco normativo y que solo resta la implementaci\u00f3n.&nbsp;<\/p>\n\n\n\n<p>Para concluir, Romero expuso el objetivo de ofrecer a los vecinos un transporte p\u00fablico que \u201csea una alternativa real, con colectivos que pasan a horario. Por eso nos parece muy valioso que la ciudad de Resistencia tenga un plan de movilidad, que sea una pol\u00edtica de Estado y que este plan logremos que tenga un horizonte de 20 a\u00f1os para potenciar la movilidad activa mediante la planificaci\u00f3n de ciclov\u00edas, estacionamientos de bicicletas, generar un centro log\u00edstico multimodal de camiones de cargas y fomentar una concientizaci\u00f3n vial y ambiental\u201d.<\/p>\n\n\n\n<figure class=\"wp-block-image size-full\"><img decoding=\"async\" width=\"1024\" height=\"375\" src=\"http:\/\/diariodigitalnea.com\/wp-content\/uploads\/2022\/10\/CONSTRUCAL-CON-FABRICA.jpg\" alt=\"\" class=\"wp-image-2241\" srcset=\"https:\/\/diariodigitalnea.com\/wp-content\/uploads\/2022\/10\/CONSTRUCAL-CON-FABRICA.jpg 1024w, https:\/\/diariodigitalnea.com\/wp-content\/uploads\/2022\/10\/CONSTRUCAL-CON-FABRICA-300x110.jpg 300w, https:\/\/diariodigitalnea.com\/wp-content\/uploads\/2022\/10\/CONSTRUCAL-CON-FABRICA-768x281.jpg 768w\" sizes=\"(max-width: 1024px) 100vw, 1024px\" \/><figcaption>Publicidad: ConstruCal Cales hidratas y vivas para uso vial y construcci\u00f3n TEL: 3624602737<\/figcaption><\/figure>\n","protected":false},"excerpt":{"rendered":"<p>El presidente del Concejo Municipal, Agust\u00edn Romero, destac\u00f3 el aporte que signific\u00f3 para el \u00e1rea metropolitana la disponibilidad del Plan Integral de Movilidad Urbana Sostenible (PIMUS) en el proceso de conformaci\u00f3n del Sistema Integrado de Transporte del \u00c1rea Metropolitana (SITAM) para ofrecer a los vecinos un \u00f3ptimo servicio para el transporte p\u00fablico de pasajeros. Al [&hellip;]<\/p>\n","protected":false},"author":3,"featured_media":6230,"comment_status":"closed","ping_status":"closed","sticky":false,"template":"","format":"standard","meta":{"om_disable_all_campaigns":false,"_monsterinsights_skip_tracking":false,"_monsterinsights_sitenote_active":false,"_monsterinsights_sitenote_note":"","_monsterinsights_sitenote_category":0,"footnotes":""},"categories":[33],"tags":[340,58,2256,38],"class_list":["post-6229","post","type-post","status-publish","format-standard","has-post-thumbnail","hentry","category-chaco","tag-barrios-de-resistencia","tag-municipalidad-de-resistencia","tag-sitam","tag-transporte-publico"],"aioseo_notices":[],"amp_enabled":true,"_links":{"self":[{"href":"https:\/\/diariodigitalnea.com\/index.php\/wp-json\/wp\/v2\/posts\/6229","targetHints":{"allow":["GET"]}}],"collection":[{"href":"https:\/\/diariodigitalnea.com\/index.php\/wp-json\/wp\/v2\/posts"}],"about":[{"href":"https:\/\/diariodigitalnea.com\/index.php\/wp-json\/wp\/v2\/types\/post"}],"author":[{"embeddable":true,"href":"https:\/\/diariodigitalnea.com\/index.php\/wp-json\/wp\/v2\/users\/3"}],"replies":[{"embeddable":true,"href":"https:\/\/diariodigitalnea.com\/index.php\/wp-json\/wp\/v2\/comments?post=6229"}],"version-history":[{"count":1,"href":"https:\/\/diariodigitalnea.com\/index.php\/wp-json\/wp\/v2\/posts\/6229\/revisions"}],"predecessor-version":[{"id":6233,"href":"https:\/\/diariodigitalnea.com\/index.php\/wp-json\/wp\/v2\/posts\/6229\/revisions\/6233"}],"wp:featuredmedia":[{"embeddable":true,"href":"https:\/\/diariodigitalnea.com\/index.php\/wp-json\/wp\/v2\/media\/6230"}],"wp:attachment":[{"href":"https:\/\/diariodigitalnea.com\/index.php\/wp-json\/wp\/v2\/media?parent=6229"}],"wp:term":[{"taxonomy":"category","embeddable":true,"href":"https:\/\/diariodigitalnea.com\/index.php\/wp-json\/wp\/v2\/categories?post=6229"},{"taxonomy":"post_tag","embeddable":true,"href":"https:\/\/diariodigitalnea.com\/index.php\/wp-json\/wp\/v2\/tags?post=6229"}],"curies":[{"name":"wp","href":"https:\/\/api.w.org\/{rel}","templated":true}]}}