{"id":6158,"date":"2023-02-12T17:19:29","date_gmt":"2023-02-12T17:19:29","guid":{"rendered":"https:\/\/diariodigitalnea.com\/?p=6158"},"modified":"2023-02-12T17:19:29","modified_gmt":"2023-02-12T17:19:29","slug":"carnavales-correntinos-suman-mas-de-11-mil-espectadores-en-una-noche-y-auguran-historico-cierre","status":"publish","type":"post","link":"https:\/\/diariodigitalnea.com\/index.php\/2023\/02\/12\/carnavales-correntinos-suman-mas-de-11-mil-espectadores-en-una-noche-y-auguran-historico-cierre\/","title":{"rendered":"Carnavales correntinos: suman m\u00e1s de 11 mil espectadores en una noche y auguran hist\u00f3rico cierre"},"content":{"rendered":"\n<p>Los carnavales de Corrientes se viven a pleno y con un marco ideal de p\u00fablico. El tercer fin de semana culmin\u00f3 superando las expectativas y con un lleno total en el Cors\u00f3dromo.<\/p>\n\n\n\n<p>M\u00e1s de 11 mil personas disfrutaron del desfile de este s\u00e1bado en el Nolo Al\u00edas. La empresa Ake Music prepara un gran cierre durante el fin de semana largo con invitados nacionales, comparsas del interior y la campeona de los carnavales barriales.<\/p>\n\n\n\n<p>\u201cEste a\u00f1o realmente estamos sorprendidos con la cantidad de gente que se suma al Carnaval\u201d; asegur\u00f3 Aquiles Sojo de la empresa Ake Music que organiza la fiesta de Momo en Corrientes. Y es que los n\u00fameros que arrojaron la venta de tickets de este s\u00e1bado demostraron que m\u00e1s de 11 mil personas vibraron al ritmo de las comparsas y agrupaciones del Carnaval en la noche del s\u00e1bado.<\/p>\n\n\n\n<figure class=\"wp-block-image size-full\"><img fetchpriority=\"high\" decoding=\"async\" width=\"696\" height=\"694\" src=\"http:\/\/diariodigitalnea.com\/wp-content\/uploads\/2023\/02\/corrientes01.jpg\" alt=\"\" class=\"wp-image-6159\" srcset=\"https:\/\/diariodigitalnea.com\/wp-content\/uploads\/2023\/02\/corrientes01.jpg 696w, https:\/\/diariodigitalnea.com\/wp-content\/uploads\/2023\/02\/corrientes01-300x300.jpg 300w, https:\/\/diariodigitalnea.com\/wp-content\/uploads\/2023\/02\/corrientes01-150x150.jpg 150w, https:\/\/diariodigitalnea.com\/wp-content\/uploads\/2023\/02\/corrientes01-200x200.jpg 200w\" sizes=\"(max-width: 696px) 100vw, 696px\" \/><\/figure>\n\n\n\n<p>La cifra que supera los n\u00fameros alentadores de las primeras semanas en el Nolo Alias demuestra que Corrientes revalida su t\u00edtulo de Capital Nacional del Carnaval. Durante este tercer fin de semana adem\u00e1s la ciudad recibi\u00f3 a turistas de distintos puntos del pa\u00eds y a destacadas figuras como; Jos\u00e9 Maria Listorti, M\u00f3nica Gonz\u00e1lez Listorti y Marcela Tauro.<\/p>\n\n\n\n<p>Tambi\u00e9n estuvieron compartiendo el palco oficial junto al gobernador de la provincia Gustavo Vald\u00e9s los representantes diplom\u00e1ticos de Arabia Saudita, Kuwait y Marruecos.<\/p>\n\n\n\n<figure class=\"wp-block-image size-full\"><img decoding=\"async\" width=\"681\" height=\"669\" src=\"http:\/\/diariodigitalnea.com\/wp-content\/uploads\/2023\/02\/corrientes3.jpg\" alt=\"\" class=\"wp-image-6160\" srcset=\"https:\/\/diariodigitalnea.com\/wp-content\/uploads\/2023\/02\/corrientes3.jpg 681w, https:\/\/diariodigitalnea.com\/wp-content\/uploads\/2023\/02\/corrientes3-300x295.jpg 300w\" sizes=\"(max-width: 681px) 100vw, 681px\" \/><\/figure>\n\n\n\n<p>Para el fin de semana largo de Carnaval se espera una gran afluencia de turistas y desde Ake Music anunciaron la presencia de Yanina Latorre que desfilar\u00e1 el s\u00e1bado 18 de febrero. Anticiparon tambi\u00e9n que en la semana se confirmar\u00e1 la presencia de un grupo musical Pop y m\u00e1s figuras nacionales.<\/p>\n\n\n\n<h2 class=\"wp-block-heading\">Se viene el Gran Cierre del Carnaval<\/h2>\n\n\n\n<p>El pr\u00f3ximo lunes 20 de febrero, culminando el fin de semana largo de Carnaval, la Fiesta de Momo cerrar\u00e1 su edici\u00f3n 2023 con comparsas invitadas de la provincia y de la ciudad de Corrientes.<\/p>\n\n\n\n<p>Un total de nueve comparsas del interior provincial y la pr\u00f3xima campeona del carnaval barrial de la ciudad de Corrientes desfilar\u00e1n junto a comparsas del Carnaval Oficial en el Nolo Alias.<\/p>\n\n\n\n<figure class=\"wp-block-image size-full\"><img decoding=\"async\" width=\"732\" height=\"559\" src=\"http:\/\/diariodigitalnea.com\/wp-content\/uploads\/2023\/02\/corrientes5.jpg\" alt=\"\" class=\"wp-image-6161\" srcset=\"https:\/\/diariodigitalnea.com\/wp-content\/uploads\/2023\/02\/corrientes5.jpg 732w, https:\/\/diariodigitalnea.com\/wp-content\/uploads\/2023\/02\/corrientes5-300x229.jpg 300w\" sizes=\"(max-width: 732px) 100vw, 732px\" \/><\/figure>\n\n\n\n<p>Se trata de una gran apuesta del gobierno provincial que, junto con la empresa Ake Music, brindar\u00e1n un espect\u00e1culo \u00fanico en el que se reunir\u00e1 lo mejor del carnaval correntino.<\/p>\n\n\n\n<p>Desde el Ministerio de Turismo de la provincia se prepara una conferencia de prensa en la que brindar\u00e1n m\u00e1s detalles en la semana, pero ya adelantaron que estar\u00e1n presentes delegaciones de: Esqu\u00edna, Goya, Bella Vista, Ituzaingo, Santo Tom\u00e9, Paso de los Libres, Mercedes, Curuz\u00fa Cuati\u00e1 y Monte Caseros junto con la representante del carnaval barrial de la ciudad y las comparsas del carnaval oficial.<\/p>\n\n\n\n<p>Este evento se realizar\u00e1 en el marco del fin de semana largo, producto del feriado nacional de carnaval. Una atractiva propuesta que pondr\u00e1 punto final a la presente edici\u00f3n de carnaval, revalidando el t\u00edtulo de Corrientes Capital Nacional del Carnaval.<\/p>\n\n\n\n<figure class=\"wp-block-image size-full\"><img loading=\"lazy\" decoding=\"async\" width=\"611\" height=\"528\" src=\"http:\/\/diariodigitalnea.com\/wp-content\/uploads\/2023\/02\/corrientes6.jpg\" alt=\"\" class=\"wp-image-6162\" srcset=\"https:\/\/diariodigitalnea.com\/wp-content\/uploads\/2023\/02\/corrientes6.jpg 611w, https:\/\/diariodigitalnea.com\/wp-content\/uploads\/2023\/02\/corrientes6-300x259.jpg 300w\" sizes=\"(max-width: 611px) 100vw, 611px\" \/><\/figure>\n\n\n\n<h2 class=\"wp-block-heading\">Venta de Entradas<\/h2>\n\n\n\n<p>\u2022A trav\u00e9s de Fullticket en https:\/\/www.fullticket.com\/<\/p>\n\n\n\n<p>\u2022Plaza Vera: Jun\u00edn y San Juan (Corrientes). TODOS LOS D\u00cdAS de 9 a 13hs. y 17 a 21hs.<\/p>\n\n\n\n<p>\u2022O en el Corsodromo desde las 20hs.<\/p>\n\n\n\n<h2 class=\"wp-block-heading\">Promociones<\/h2>\n\n\n\n<p>\u2022Con la compra de entradas con tarjetas Visa se podr\u00e1 acceder a un 10% de descuento y hasta 3 cuotas sin inter\u00e9s. Bases y condiciones en www.promosdelbanco.com<\/p>\n\n\n\n<p>Venta anticipada de Estacionamientos<\/p>\n\n\n\n<p>\u2022En conjunto con las entradas, los estacionamientos para concurrir al Carnaval se podr\u00e1n adquirir de forma ANTICIPADA a trav\u00e9s de Fullticket&nbsp; o en los puntos de venta que pronto estar\u00e1n habilitados.<\/p>\n\n\n\n<h2 class=\"wp-block-heading\">Tarjeta Cashless<\/h2>\n\n\n\n<p>\u2022Nuevamente ser\u00e1 el medio de pago para obtener bebidas, alimentos o art\u00edculos en el interior del Cors\u00f3dromo.<\/p>\n\n\n\n<p>\u2022 Se trata de un sistema de pago que te permite cargar dinero en una tarjeta y poder consumir gastronom\u00eda y merchandising durante el carnaval.<\/p>\n\n\n\n<p>\u2022Se podr\u00e1 solicitar la tarjeta tanto en boleter\u00eda como en los puntos de venta del Carnaval. En el mismo predio habr\u00e1n puestos de recarga.<\/p>\n\n\n\n<p>\u2022Tambi\u00e9n por internet. Aquellos que cuenten con su tarjeta podr\u00e1n escanear el c\u00f3digo QR con la aplicaci\u00f3n de Mercadolibre y cargala por Mercadopago. Dicha aplicaci\u00f3n es gratuita y est\u00e1 disponible para dispositivos Android e iPhone.<\/p>\n\n\n\n<p>\u2022La tarjeta no tiene costo. Con la primera carga se obtiene la tarjeta sin cargo.<\/p>\n\n\n\n<p>\u2022En el caso de contar con saldo sin usar se podr\u00e1 solicitar la devoluci\u00f3n del dinero en cualquiera de los puntos de venta, incluso en el Cors\u00f3dromo. O con el QR de Mercadopago registrando la tarjeta en fullticket.com.ar y haciendo clic en \u00absolicitar devoluci\u00f3n\u00bb.<\/p>\n","protected":false},"excerpt":{"rendered":"<p>Los carnavales de Corrientes se viven a pleno y con un marco ideal de p\u00fablico. El tercer fin de semana culmin\u00f3 superando las expectativas y con un lleno total en el Cors\u00f3dromo. M\u00e1s de 11 mil personas disfrutaron del desfile de este s\u00e1bado en el Nolo Al\u00edas. La empresa Ake Music prepara un gran cierre [&hellip;]<\/p>\n","protected":false},"author":3,"featured_media":6161,"comment_status":"closed","ping_status":"closed","sticky":false,"template":"","format":"standard","meta":{"om_disable_all_campaigns":false,"_monsterinsights_skip_tracking":false,"_monsterinsights_sitenote_active":false,"_monsterinsights_sitenote_note":"","_monsterinsights_sitenote_category":0,"footnotes":""},"categories":[34],"tags":[2232,2227,63,21,2233,2234],"class_list":["post-6158","post","type-post","status-publish","format-standard","has-post-thumbnail","hentry","category-corrientes","tag-brillo","tag-carnavales","tag-corrientes","tag-espectaculos","tag-glamour","tag-noche-de-comparsas"],"aioseo_notices":[],"amp_enabled":true,"_links":{"self":[{"href":"https:\/\/diariodigitalnea.com\/index.php\/wp-json\/wp\/v2\/posts\/6158","targetHints":{"allow":["GET"]}}],"collection":[{"href":"https:\/\/diariodigitalnea.com\/index.php\/wp-json\/wp\/v2\/posts"}],"about":[{"href":"https:\/\/diariodigitalnea.com\/index.php\/wp-json\/wp\/v2\/types\/post"}],"author":[{"embeddable":true,"href":"https:\/\/diariodigitalnea.com\/index.php\/wp-json\/wp\/v2\/users\/3"}],"replies":[{"embeddable":true,"href":"https:\/\/diariodigitalnea.com\/index.php\/wp-json\/wp\/v2\/comments?post=6158"}],"version-history":[{"count":1,"href":"https:\/\/diariodigitalnea.com\/index.php\/wp-json\/wp\/v2\/posts\/6158\/revisions"}],"predecessor-version":[{"id":6164,"href":"https:\/\/diariodigitalnea.com\/index.php\/wp-json\/wp\/v2\/posts\/6158\/revisions\/6164"}],"wp:featuredmedia":[{"embeddable":true,"href":"https:\/\/diariodigitalnea.com\/index.php\/wp-json\/wp\/v2\/media\/6161"}],"wp:attachment":[{"href":"https:\/\/diariodigitalnea.com\/index.php\/wp-json\/wp\/v2\/media?parent=6158"}],"wp:term":[{"taxonomy":"category","embeddable":true,"href":"https:\/\/diariodigitalnea.com\/index.php\/wp-json\/wp\/v2\/categories?post=6158"},{"taxonomy":"post_tag","embeddable":true,"href":"https:\/\/diariodigitalnea.com\/index.php\/wp-json\/wp\/v2\/tags?post=6158"}],"curies":[{"name":"wp","href":"https:\/\/api.w.org\/{rel}","templated":true}]}}