{"id":6104,"date":"2023-02-10T14:32:19","date_gmt":"2023-02-10T14:32:19","guid":{"rendered":"https:\/\/diariodigitalnea.com\/?p=6104"},"modified":"2023-02-10T14:32:19","modified_gmt":"2023-02-10T14:32:19","slug":"se-confirmo-la-lesion-de-lionel-messi-por-que-no-estara-ante-monaco","status":"publish","type":"post","link":"https:\/\/diariodigitalnea.com\/index.php\/2023\/02\/10\/se-confirmo-la-lesion-de-lionel-messi-por-que-no-estara-ante-monaco\/","title":{"rendered":"Se confirm\u00f3 la lesi\u00f3n de Lionel Messi: por qu\u00e9 no estar\u00e1 ante M\u00f3naco"},"content":{"rendered":"\n<p>El PSG deber\u00e1 enfrentar al Bayern Munich por la Champions League el pr\u00f3ximo mi\u00e9rcoles y hay preocupaci\u00f3n. \u00bfLlega?<\/p>\n\n\n\n<p>Lionel Messi, capit\u00e1n de la Selecci\u00f3n Argentina que se consagr\u00f3 campe\u00f3n del mundo en Qatar 2022, padece un traumatismo en la parte posterior del muslo y no jugar\u00e1 para el PSG ante M\u00f3naco por la fecha 23 de la Ligue 1 de Francia.<\/p>\n\n\n\n<p>Por ahora, se estima que s\u00ed estar\u00e1 el pr\u00f3ximo mi\u00e9rcoles 15 de febrero ante el Bayern Munich por la ida de los octavos de final de la Champions League en Par\u00eds.<\/p>\n\n\n\n<p>Seg\u00fan el parte m\u00e9dico dado a conocer hoy por el equipo parisino Lionel Messi \u00abrecibi\u00f3 un golpe en la cara posterior del muslo ante Olympique de Marsella (el pasado mi\u00e9rcoles por la Copa de Francia) y estar\u00e1 inactivo durante 48 horas. Su regreso a los entrenamientos est\u00e1 previsto para el lunes\u00bb.<\/p>\n\n\n\n<figure class=\"wp-block-image size-full\"><img fetchpriority=\"high\" decoding=\"async\" width=\"610\" height=\"406\" src=\"http:\/\/diariodigitalnea.com\/wp-content\/uploads\/2023\/02\/MESSI.jpg\" alt=\"\" class=\"wp-image-6105\" srcset=\"https:\/\/diariodigitalnea.com\/wp-content\/uploads\/2023\/02\/MESSI.jpg 610w, https:\/\/diariodigitalnea.com\/wp-content\/uploads\/2023\/02\/MESSI-300x200.jpg 300w\" sizes=\"(max-width: 610px) 100vw, 610px\" \/><\/figure>\n\n\n\n<p>Este parte le da cierta tranquilidad al entrenador Christophe Galtier ya que todo indica que el rosarino podr\u00e1 ser de la partida ante el Bayern en el cotejo de ida por los octavos de final de la Champions League.<\/p>\n\n\n\n<p><strong><em>\u00abMessi volver\u00e1 a entrenarse el lunes\u00bb<\/em><\/strong>, fue la frase que lanz\u00f3 el DT Galtier en la rueda de prensa que ofreci\u00f3 previa a la visita de ma\u00f1ana a las 13 (hora de Argentina) ante el M\u00f3naco.<\/p>\n\n\n\n<p>El PSG no podr\u00e1 contar con el astro galo Kyllian Mbbap\u00e9, a causa de una lesi\u00f3n muscular, pero si estar\u00e1n en el equipo otras dos figuras como el brasile\u00f1o Neymar y el espa\u00f1ol Sergio Ramos.<\/p>\n","protected":false},"excerpt":{"rendered":"<p>El PSG deber\u00e1 enfrentar al Bayern Munich por la Champions League el pr\u00f3ximo mi\u00e9rcoles y hay preocupaci\u00f3n. \u00bfLlega? Lionel Messi, capit\u00e1n de la Selecci\u00f3n Argentina que se consagr\u00f3 campe\u00f3n del mundo en Qatar 2022, padece un traumatismo en la parte posterior del muslo y no jugar\u00e1 para el PSG ante M\u00f3naco por la fecha 23 [&hellip;]<\/p>\n","protected":false},"author":3,"featured_media":6106,"comment_status":"closed","ping_status":"closed","sticky":false,"template":"","format":"standard","meta":{"om_disable_all_campaigns":false,"_monsterinsights_skip_tracking":false,"_monsterinsights_sitenote_active":false,"_monsterinsights_sitenote_note":"","_monsterinsights_sitenote_category":0,"footnotes":""},"categories":[6],"tags":[2221,700,604,2220,19],"class_list":["post-6104","post","type-post","status-publish","format-standard","has-post-thumbnail","hentry","category-deporte","tag-champions-league","tag-lesion-fisica","tag-lionel-messi","tag-monaco","tag-psg"],"aioseo_notices":[],"amp_enabled":true,"_links":{"self":[{"href":"https:\/\/diariodigitalnea.com\/index.php\/wp-json\/wp\/v2\/posts\/6104","targetHints":{"allow":["GET"]}}],"collection":[{"href":"https:\/\/diariodigitalnea.com\/index.php\/wp-json\/wp\/v2\/posts"}],"about":[{"href":"https:\/\/diariodigitalnea.com\/index.php\/wp-json\/wp\/v2\/types\/post"}],"author":[{"embeddable":true,"href":"https:\/\/diariodigitalnea.com\/index.php\/wp-json\/wp\/v2\/users\/3"}],"replies":[{"embeddable":true,"href":"https:\/\/diariodigitalnea.com\/index.php\/wp-json\/wp\/v2\/comments?post=6104"}],"version-history":[{"count":1,"href":"https:\/\/diariodigitalnea.com\/index.php\/wp-json\/wp\/v2\/posts\/6104\/revisions"}],"predecessor-version":[{"id":6107,"href":"https:\/\/diariodigitalnea.com\/index.php\/wp-json\/wp\/v2\/posts\/6104\/revisions\/6107"}],"wp:featuredmedia":[{"embeddable":true,"href":"https:\/\/diariodigitalnea.com\/index.php\/wp-json\/wp\/v2\/media\/6106"}],"wp:attachment":[{"href":"https:\/\/diariodigitalnea.com\/index.php\/wp-json\/wp\/v2\/media?parent=6104"}],"wp:term":[{"taxonomy":"category","embeddable":true,"href":"https:\/\/diariodigitalnea.com\/index.php\/wp-json\/wp\/v2\/categories?post=6104"},{"taxonomy":"post_tag","embeddable":true,"href":"https:\/\/diariodigitalnea.com\/index.php\/wp-json\/wp\/v2\/tags?post=6104"}],"curies":[{"name":"wp","href":"https:\/\/api.w.org\/{rel}","templated":true}]}}