{"id":6006,"date":"2023-02-06T16:46:40","date_gmt":"2023-02-06T16:46:40","guid":{"rendered":"https:\/\/diariodigitalnea.com\/?p=6006"},"modified":"2023-02-06T16:46:41","modified_gmt":"2023-02-06T16:46:41","slug":"crimen-de-fernando-baez-sosa-cinco-perpetuas-y-15-anos-para-tres-imputados","status":"publish","type":"post","link":"https:\/\/diariodigitalnea.com\/index.php\/2023\/02\/06\/crimen-de-fernando-baez-sosa-cinco-perpetuas-y-15-anos-para-tres-imputados\/","title":{"rendered":"Crimen de Fernando B\u00e1ez Sosa: cinco perpetuas y 15 a\u00f1os para tres imputados"},"content":{"rendered":"\n<p>Las siguientes son las ocho condenas dispuestas hoy, en un fallo un\u00e1nime, por el Tribunal Oral en lo Criminal (TOC) 1 de Dolores por el crimen de Fernando B\u00e1ez Sosa, el joven estudiante de 18 a\u00f1os asesinado a golpes el pasado 18 de enero de 2020 en Villa Gesell.<\/p>\n\n\n\n<p>El Tribunal Oral en lo Criminal 1 de la ciudad de Dolores conden\u00f3 hoy a la pena de prisi\u00f3n perpetua a cinco de los ocho rugbiers acusados de matar a golpes a Fernando B\u00e1ez Sosa, en la madrugada del 18 de enero de 2020 en la localidad balnearia de Villa Gesell, mientras que a los otros tres los consider\u00f3 part\u00edcipes secundarios.<\/p>\n\n\n\n<figure class=\"wp-block-image size-full\"><img fetchpriority=\"high\" decoding=\"async\" width=\"768\" height=\"432\" src=\"http:\/\/diariodigitalnea.com\/wp-content\/uploads\/2023\/02\/fernando.jpg\" alt=\"\" class=\"wp-image-6007\" srcset=\"https:\/\/diariodigitalnea.com\/wp-content\/uploads\/2023\/02\/fernando.jpg 768w, https:\/\/diariodigitalnea.com\/wp-content\/uploads\/2023\/02\/fernando-300x169.jpg 300w\" sizes=\"(max-width: 768px) 100vw, 768px\" \/><\/figure>\n\n\n\n<p><strong>-M\u00e1ximo Thomsen (23): <\/strong>prisi\u00f3n perpetua, como coautor de \u201chomicidio doblemente agravado por el concurso premeditado de dos o m\u00e1s personas y por alevos\u00eda, en concurso ideal con lesiones leves\u201d.<\/p>\n\n\n\n<p><strong>-Ciro Pertossi (22): <\/strong>prisi\u00f3n perpetua, como coautor de \u201chomicidio doblemente agravado por el concurso premeditado de dos o m\u00e1s personas y por alevos\u00eda, en concurso ideal con lesiones leves\u201d.<\/p>\n\n\n\n<p><strong>-Enzo Comelli (22): <\/strong>prisi\u00f3n perpetua, como coautor de \u201chomicidio doblemente agravado por el concurso premeditado de dos o m\u00e1s personas y por alevos\u00eda, en concurso ideal con lesiones leves\u201d.<\/p>\n\n\n\n<p><strong>-Mat\u00edas Benicelli (23):<\/strong> prisi\u00f3n perpetua, como coautor de \u201chomicidio doblemente agravado por el concurso premeditado de dos o m\u00e1s personas y por alevos\u00eda, en concurso ideal con lesiones leves\u201d.<\/p>\n\n\n\n<p><strong>-Luciano Pertossi (21):<\/strong> prisi\u00f3n perpetua, como coautor de \u201chomicidio doblemente agravado por el concurso premeditado de dos o m\u00e1s personas y por alevos\u00eda, en concurso ideal con lesiones leves\u201d.<\/p>\n\n\n\n<p><strong>-Ayrton Viollaz (23): <\/strong>15 a\u00f1os de prisi\u00f3n, como part\u00edcipe secundario de \u201chomicidio doblemente agravado por el concurso premeditado de dos o m\u00e1s personas y por alevos\u00eda, en concurso ideal con lesiones leves\u201d.<\/p>\n\n\n\n<p><strong>-Blas Cinalli (21):<\/strong> 15 a\u00f1os de prisi\u00f3n, como part\u00edcipe secundario de \u201chomicidio doblemente agravado por el concurso premeditado de dos o m\u00e1s personas y por alevos\u00eda, en concurso ideal con lesiones leves\u201d.<\/p>\n\n\n\n<p><strong>-Lucas Pertossi (23): <\/strong>15 a\u00f1os de prisi\u00f3n, como part\u00edcipe secundario de \u201chomicidio doblemente agravado por el concurso premeditado de dos o m\u00e1s personas y por alevos\u00eda, en concurso ideal con lesiones leves\u201d.<\/p>\n","protected":false},"excerpt":{"rendered":"<p>Las siguientes son las ocho condenas dispuestas hoy, en un fallo un\u00e1nime, por el Tribunal Oral en lo Criminal (TOC) 1 de Dolores por el crimen de Fernando B\u00e1ez Sosa, el joven estudiante de 18 a\u00f1os asesinado a golpes el pasado 18 de enero de 2020 en Villa Gesell. El Tribunal Oral en lo Criminal [&hellip;]<\/p>\n","protected":false},"author":3,"featured_media":6008,"comment_status":"closed","ping_status":"closed","sticky":false,"template":"","format":"standard","meta":{"om_disable_all_campaigns":false,"_monsterinsights_skip_tracking":false,"_monsterinsights_sitenote_active":false,"_monsterinsights_sitenote_note":"","_monsterinsights_sitenote_category":0,"footnotes":""},"categories":[90,52],"tags":[1885,1216,586,587],"class_list":["post-6006","post","type-post","status-publish","format-standard","has-post-thumbnail","hentry","category-nacionales","category-policiales","tag-caso-fernando-baez-sosa","tag-crimen","tag-homicidio","tag-prision-perpetua"],"aioseo_notices":[],"amp_enabled":true,"_links":{"self":[{"href":"https:\/\/diariodigitalnea.com\/index.php\/wp-json\/wp\/v2\/posts\/6006","targetHints":{"allow":["GET"]}}],"collection":[{"href":"https:\/\/diariodigitalnea.com\/index.php\/wp-json\/wp\/v2\/posts"}],"about":[{"href":"https:\/\/diariodigitalnea.com\/index.php\/wp-json\/wp\/v2\/types\/post"}],"author":[{"embeddable":true,"href":"https:\/\/diariodigitalnea.com\/index.php\/wp-json\/wp\/v2\/users\/3"}],"replies":[{"embeddable":true,"href":"https:\/\/diariodigitalnea.com\/index.php\/wp-json\/wp\/v2\/comments?post=6006"}],"version-history":[{"count":1,"href":"https:\/\/diariodigitalnea.com\/index.php\/wp-json\/wp\/v2\/posts\/6006\/revisions"}],"predecessor-version":[{"id":6009,"href":"https:\/\/diariodigitalnea.com\/index.php\/wp-json\/wp\/v2\/posts\/6006\/revisions\/6009"}],"wp:featuredmedia":[{"embeddable":true,"href":"https:\/\/diariodigitalnea.com\/index.php\/wp-json\/wp\/v2\/media\/6008"}],"wp:attachment":[{"href":"https:\/\/diariodigitalnea.com\/index.php\/wp-json\/wp\/v2\/media?parent=6006"}],"wp:term":[{"taxonomy":"category","embeddable":true,"href":"https:\/\/diariodigitalnea.com\/index.php\/wp-json\/wp\/v2\/categories?post=6006"},{"taxonomy":"post_tag","embeddable":true,"href":"https:\/\/diariodigitalnea.com\/index.php\/wp-json\/wp\/v2\/tags?post=6006"}],"curies":[{"name":"wp","href":"https:\/\/api.w.org\/{rel}","templated":true}]}}