{"id":5960,"date":"2023-02-03T22:44:03","date_gmt":"2023-02-03T22:44:03","guid":{"rendered":"https:\/\/diariodigitalnea.com\/?p=5960"},"modified":"2023-02-03T22:44:04","modified_gmt":"2023-02-03T22:44:04","slug":"quienes-fueron-cecilia-grierson-y-ramon-carrillo-las-caras-del-nuevo-billete-de-2000","status":"publish","type":"post","link":"https:\/\/diariodigitalnea.com\/index.php\/2023\/02\/03\/quienes-fueron-cecilia-grierson-y-ramon-carrillo-las-caras-del-nuevo-billete-de-2000\/","title":{"rendered":"Qui\u00e9nes fueron Cecilia Grierson y Ram\u00f3n Carrillo, las caras del nuevo billete de $2000"},"content":{"rendered":"\n<p>El Banco Central confirm\u00f3 que pondr\u00e1 en circulaci\u00f3n el billete de mayor nominaci\u00f3n en la segunda mitad del a\u00f1o. \u00bfQu\u00e9 conmemora su dise\u00f1o?<\/p>\n\n\n\n<p><br>El Banco Central confirm\u00f3 la emisi\u00f3n de un nuevo billete de $2000 entrar\u00e1 en circulaci\u00f3n en la segunda mitad del a\u00f1o. Tendr\u00e1 un dise\u00f1o que conmemorar\u00e1 el desarrollo de la ciencia y de la medicina en la Argentina y en representaci\u00f3n, estar\u00e1n dos cient\u00edficos importantes para el pa\u00eds: la doctora Cecilia Grierson y al doctor Ram\u00f3n Carrillo.<\/p>\n\n\n\n<p><br>En colaboraci\u00f3n con Casa de Moneda, el papel tendr\u00e1 en el frente a los precursores en el desarrollo de la medicina en nuestro pa\u00eds, inform\u00f3 esta tarde el Banco Central y en el dorso el edificio del Instituto Nacional de Microbiolog\u00eda Dr. Carlos G. Malbr\u00e1n.<\/p>\n\n\n\n<figure class=\"wp-block-image size-large\"><img fetchpriority=\"high\" decoding=\"async\" width=\"1024\" height=\"579\" src=\"https:\/\/diariodigitalnea.com\/wp-content\/uploads\/2023\/02\/dos8-1024x579.jpg\" alt=\"\" class=\"wp-image-5963\" srcset=\"https:\/\/diariodigitalnea.com\/wp-content\/uploads\/2023\/02\/dos8-1024x579.jpg 1024w, https:\/\/diariodigitalnea.com\/wp-content\/uploads\/2023\/02\/dos8-300x170.jpg 300w, https:\/\/diariodigitalnea.com\/wp-content\/uploads\/2023\/02\/dos8-768x434.jpg 768w, https:\/\/diariodigitalnea.com\/wp-content\/uploads\/2023\/02\/dos8.jpg 1030w\" sizes=\"(max-width: 1024px) 100vw, 1024px\" \/><\/figure>\n\n\n\n<p>La puesta en circulaci\u00f3n del billete de $2.000 estar\u00e1 acompa\u00f1ada de los nuevos billetes de 100. 200, 500 y 1.000 pesos, que fueron anunciados en mayo del a\u00f1o pasado, como una forma de cambiar los actuales que tienen en su dise\u00f1o animales aut\u00f3ctonos por otros en los que se resaltar\u00e1n la figura de mujeres y hombres determinantes para la historia argentina.<\/p>\n\n\n\n<p><\/p>\n\n\n\n<p>\u00bfQui\u00e9n fue Cecilia Grierson?<br>En el billete aprobado hoy figurar\u00e1 Cecilia Grierson, quien fue la primera m\u00e9dica de la Argentina, graduada en 1886 de la Facultad de Medicina de la Universidad de Buenos Aires, ciudad donde naci\u00f3 en 1859 y muri\u00f3 en 1934.<\/p>\n\n\n\n<p><br>Grierson ejerci\u00f3 como obstetra y kinesi\u00f3loga, pero no logr\u00f3 trabajar nunca como cirujana por su condici\u00f3n de mujer, a pesar de tener el t\u00edtulo habilitante de la especialidad, y cre\u00f3 la primera Escuela de Enfermer\u00eda de Am\u00e9rica Latina con un plan de estudios formal.<\/p>\n\n\n\n<figure class=\"wp-block-image size-full\"><img decoding=\"async\" width=\"937\" height=\"598\" src=\"https:\/\/diariodigitalnea.com\/wp-content\/uploads\/2023\/02\/dos1.jpg\" alt=\"\" class=\"wp-image-5964\" srcset=\"https:\/\/diariodigitalnea.com\/wp-content\/uploads\/2023\/02\/dos1.jpg 937w, https:\/\/diariodigitalnea.com\/wp-content\/uploads\/2023\/02\/dos1-300x191.jpg 300w, https:\/\/diariodigitalnea.com\/wp-content\/uploads\/2023\/02\/dos1-768x490.jpg 768w\" sizes=\"(max-width: 937px) 100vw, 937px\" \/><figcaption>Cecilia Grierson, fue la primera m\u00e9dica graduada de la Argentina <\/figcaption><\/figure>\n\n\n\n<p>Tambi\u00e9n fue miembro fundadora de la Asociaci\u00f3n M\u00e9dica Argentina y precursora de la idea de abrir salas de primeros auxilios en los pueblos para ayudar con la asistencia primaria a enfermos.<\/p>\n\n\n\n<p><\/p>\n\n\n\n<p>\u00bfQui\u00e9n fue Ram\u00f3n Carrillo?<br>Por su parte, Ram\u00f3n Carrillo fue neurocirujano, neurobi\u00f3logo, m\u00e9dico sanitarista y el primer ministro de Salud de la Naci\u00f3n.<br>Carrillo egres\u00f3 de la Facultad de Medicina de la Universidad de Buenos Aires en 1929, con Medalla de Honor, y fue tambi\u00e9n profesor titular de la c\u00e1tedra de Neurocirug\u00eda de la Facultad de Medicina, aunque abandon\u00f3 su carrera de neur\u00f3logo para dedicarse al desarrollo de la medicina social (sanitarismo).<\/p>\n\n\n\n<figure class=\"wp-block-image size-full\"><img decoding=\"async\" width=\"817\" height=\"591\" src=\"https:\/\/diariodigitalnea.com\/wp-content\/uploads\/2023\/02\/dos2-1.jpg\" alt=\"\" class=\"wp-image-5969\" srcset=\"https:\/\/diariodigitalnea.com\/wp-content\/uploads\/2023\/02\/dos2-1.jpg 817w, https:\/\/diariodigitalnea.com\/wp-content\/uploads\/2023\/02\/dos2-1-300x217.jpg 300w, https:\/\/diariodigitalnea.com\/wp-content\/uploads\/2023\/02\/dos2-1-768x556.jpg 768w, https:\/\/diariodigitalnea.com\/wp-content\/uploads\/2023\/02\/dos2-1-160x117.jpg 160w\" sizes=\"(max-width: 817px) 100vw, 817px\" \/><figcaption>Ram\u00f3n Carrillo fue m\u00e9dico sanitarista y el primer ministro de Salud de la Naci\u00f3n.<\/figcaption><\/figure>\n\n\n\n<p>Durante su gesti\u00f3n como ministro (1946-54) se impuso la obligatoriedad del uso del certificado de vacunaci\u00f3n para las escuelas y, en dos a\u00f1os, se lograron erradicar enfermedades end\u00e9micas como el paludismo, el tifus y la brucelosis, adem\u00e1s de reducir dr\u00e1sticamente el \u00edndice de mortalidad infantil.<\/p>\n\n\n\n<p><\/p>\n\n\n\n<p>Carrillo tambi\u00e9n impuls\u00f3 la incorporaci\u00f3n del tren sanitario que recorr\u00eda todo el pa\u00eds durante 4 meses al a\u00f1o haciendo an\u00e1lisis cl\u00ednicos, radiograf\u00edas, asistencia m\u00e9dica y odontol\u00f3gica.<\/p>\n\n\n\n<figure class=\"wp-block-image size-full\"><img loading=\"lazy\" decoding=\"async\" width=\"1024\" height=\"375\" src=\"http:\/\/diariodigitalnea.com\/wp-content\/uploads\/2022\/10\/CONSTRUCAL-CON-FABRICA.jpg\" alt=\"\" class=\"wp-image-2241\" srcset=\"https:\/\/diariodigitalnea.com\/wp-content\/uploads\/2022\/10\/CONSTRUCAL-CON-FABRICA.jpg 1024w, https:\/\/diariodigitalnea.com\/wp-content\/uploads\/2022\/10\/CONSTRUCAL-CON-FABRICA-300x110.jpg 300w, https:\/\/diariodigitalnea.com\/wp-content\/uploads\/2022\/10\/CONSTRUCAL-CON-FABRICA-768x281.jpg 768w\" sizes=\"(max-width: 1024px) 100vw, 1024px\" \/><figcaption>Publicidad: ConstruCal Cales hidratas y vivas para uso vial y construcci\u00f3n TEL: 3624602737<\/figcaption><\/figure>\n","protected":false},"excerpt":{"rendered":"<p>El Banco Central confirm\u00f3 que pondr\u00e1 en circulaci\u00f3n el billete de mayor nominaci\u00f3n en la segunda mitad del a\u00f1o. \u00bfQu\u00e9 conmemora su dise\u00f1o? El Banco Central confirm\u00f3 la emisi\u00f3n de un nuevo billete de $2000 entrar\u00e1 en circulaci\u00f3n en la segunda mitad del a\u00f1o. Tendr\u00e1 un dise\u00f1o que conmemorar\u00e1 el desarrollo de la ciencia y [&hellip;]<\/p>\n","protected":false},"author":4,"featured_media":5962,"comment_status":"closed","ping_status":"closed","sticky":false,"template":"","format":"standard","meta":{"om_disable_all_campaigns":false,"_monsterinsights_skip_tracking":false,"_monsterinsights_sitenote_active":false,"_monsterinsights_sitenote_note":"","_monsterinsights_sitenote_category":0,"footnotes":""},"categories":[5,90],"tags":[2177,2178,355],"class_list":["post-5960","post","type-post","status-publish","format-standard","has-post-thumbnail","hentry","category-economia","category-nacionales","tag-2177","tag-billete","tag-pesos"],"aioseo_notices":[],"amp_enabled":true,"_links":{"self":[{"href":"https:\/\/diariodigitalnea.com\/index.php\/wp-json\/wp\/v2\/posts\/5960","targetHints":{"allow":["GET"]}}],"collection":[{"href":"https:\/\/diariodigitalnea.com\/index.php\/wp-json\/wp\/v2\/posts"}],"about":[{"href":"https:\/\/diariodigitalnea.com\/index.php\/wp-json\/wp\/v2\/types\/post"}],"author":[{"embeddable":true,"href":"https:\/\/diariodigitalnea.com\/index.php\/wp-json\/wp\/v2\/users\/4"}],"replies":[{"embeddable":true,"href":"https:\/\/diariodigitalnea.com\/index.php\/wp-json\/wp\/v2\/comments?post=5960"}],"version-history":[{"count":1,"href":"https:\/\/diariodigitalnea.com\/index.php\/wp-json\/wp\/v2\/posts\/5960\/revisions"}],"predecessor-version":[{"id":5970,"href":"https:\/\/diariodigitalnea.com\/index.php\/wp-json\/wp\/v2\/posts\/5960\/revisions\/5970"}],"wp:featuredmedia":[{"embeddable":true,"href":"https:\/\/diariodigitalnea.com\/index.php\/wp-json\/wp\/v2\/media\/5962"}],"wp:attachment":[{"href":"https:\/\/diariodigitalnea.com\/index.php\/wp-json\/wp\/v2\/media?parent=5960"}],"wp:term":[{"taxonomy":"category","embeddable":true,"href":"https:\/\/diariodigitalnea.com\/index.php\/wp-json\/wp\/v2\/categories?post=5960"},{"taxonomy":"post_tag","embeddable":true,"href":"https:\/\/diariodigitalnea.com\/index.php\/wp-json\/wp\/v2\/tags?post=5960"}],"curies":[{"name":"wp","href":"https:\/\/api.w.org\/{rel}","templated":true}]}}