{"id":5921,"date":"2023-02-03T20:48:17","date_gmt":"2023-02-03T20:48:17","guid":{"rendered":"https:\/\/diariodigitalnea.com\/?p=5921"},"modified":"2023-02-03T20:48:18","modified_gmt":"2023-02-03T20:48:18","slug":"amplian-precios-justos-con-pauta-de-ajuste-de-32-mensual-hasta-el-30-de-junio","status":"publish","type":"post","link":"https:\/\/diariodigitalnea.com\/index.php\/2023\/02\/03\/amplian-precios-justos-con-pauta-de-ajuste-de-32-mensual-hasta-el-30-de-junio\/","title":{"rendered":"Ampl\u00edan Precios Justos con pauta de ajuste de 3,2% mensual hasta el 30 de junio"},"content":{"rendered":"\n<p>El secretario de Comercio, Mat\u00edas Tombolini, anunci\u00f3 este viernes la ampliaci\u00f3n de Precios Justos que incluye quince sectores de consumo con una pauta de incremento de precios de 3,2% mensual hasta el 30 de junio, en un acuerdo voluntario alcanzado con m\u00e1s de 480 empresas productoras y comercializadoras.<\/p>\n\n\n\n<p>\u00abEsta pauta de 3,2% mensual es un objetivo que busca esencialmente moderar las expectativas de inflacion para mejorar el poder de compra de quien vive de un sueldo\u00bb, afirm\u00f3 Tombolini al anunciar la nueva etapa de Precios Justos, en el Centro Cultural Kirchner (CCK).<\/p>\n\n\n\n<p>El ministro de Econom\u00eda, Sergio Massa, encabez\u00f3 el acto en el CCK. El gobierno busca homogeneizar todos los acuerdos que fue conformando con distintos rubros en uno solo con mismo inicio, fin y pauta de aumento mensual.<\/p>\n\n\n\n<figure class=\"wp-block-image size-full\"><img fetchpriority=\"high\" decoding=\"async\" width=\"850\" height=\"526\" src=\"http:\/\/diariodigitalnea.com\/wp-content\/uploads\/2023\/02\/precios2.jpg\" alt=\"\" class=\"wp-image-5923\" srcset=\"https:\/\/diariodigitalnea.com\/wp-content\/uploads\/2023\/02\/precios2.jpg 850w, https:\/\/diariodigitalnea.com\/wp-content\/uploads\/2023\/02\/precios2-300x186.jpg 300w, https:\/\/diariodigitalnea.com\/wp-content\/uploads\/2023\/02\/precios2-768x475.jpg 768w\" sizes=\"(max-width: 850px) 100vw, 850px\" \/><\/figure>\n\n\n\n<p>Luego fue el turno de Massa, quien dijo que la ampliaci\u00f3n de Precios Justos da \u00abcertezas\u00bb a los argentinos, porque unos 50 mil productos aumentar\u00e1n 3,2% mensual hasta el 30 de junio y otros 2 mil estar\u00e1n a precio fijo, y asegur\u00f3 que \u00abla inflaci\u00f3n es el peor veneno que tiene una econom\u00eda\u00bb.<\/p>\n\n\n\n<p>\u00abEste programa pretende, al 86% de los productos que consumen los argentinos, darles dos certezas: que hay casi 50 mil productos que del primero de febrero al 30 de junio van a aumentar s\u00f3lo 3,2% mensual; y otra certeza es que, tal como se dio en la primera etapa del programa, hay 2 mil productos que van a seguir teniendo precio fijo, lo que le permite al consumidor cuidar su salario a la hora de elegir en la g\u00f3ndola del supermercado\u00bb, afirm\u00f3.<\/p>\n\n\n\n<p>Massa destac\u00f3 que \u00abel primer desaf\u00edo que recorrimos como equipo de trabajo hace 6 meses fue parar lo que algunos describ\u00edan como el camino hacia una hiperinflaci\u00f3n; no vale la pena buscar culpas, ni culpables, sino enfrentar los problemas y resolverlos con todos los sectores\u00bb.<\/p>\n\n\n\n<figure class=\"wp-block-image size-full\"><img decoding=\"async\" width=\"1024\" height=\"375\" src=\"http:\/\/diariodigitalnea.com\/wp-content\/uploads\/2022\/10\/CONSTRUCAL-CON-FABRICA.jpg\" alt=\"\" class=\"wp-image-2241\" srcset=\"https:\/\/diariodigitalnea.com\/wp-content\/uploads\/2022\/10\/CONSTRUCAL-CON-FABRICA.jpg 1024w, https:\/\/diariodigitalnea.com\/wp-content\/uploads\/2022\/10\/CONSTRUCAL-CON-FABRICA-300x110.jpg 300w, https:\/\/diariodigitalnea.com\/wp-content\/uploads\/2022\/10\/CONSTRUCAL-CON-FABRICA-768x281.jpg 768w\" sizes=\"(max-width: 1024px) 100vw, 1024px\" \/><figcaption>Publicidad: ConstruCal Cales hidratas y vivas para uso vial y construcci\u00f3n TEL: 3624602737<\/figcaption><\/figure>\n","protected":false},"excerpt":{"rendered":"<p>El secretario de Comercio, Mat\u00edas Tombolini, anunci\u00f3 este viernes la ampliaci\u00f3n de Precios Justos que incluye quince sectores de consumo con una pauta de incremento de precios de 3,2% mensual hasta el 30 de junio, en un acuerdo voluntario alcanzado con m\u00e1s de 480 empresas productoras y comercializadoras. \u00abEsta pauta de 3,2% mensual es un [&hellip;]<\/p>\n","protected":false},"author":3,"featured_media":5922,"comment_status":"closed","ping_status":"closed","sticky":false,"template":"","format":"standard","meta":{"om_disable_all_campaigns":false,"_monsterinsights_skip_tracking":false,"_monsterinsights_sitenote_active":false,"_monsterinsights_sitenote_note":"","_monsterinsights_sitenote_category":0,"footnotes":""},"categories":[5,90],"tags":[89,2165,1359,147],"class_list":["post-5921","post","type-post","status-publish","format-standard","has-post-thumbnail","hentry","category-economia","category-nacionales","tag-economia","tag-pauta-de-ajuste","tag-precios-justos","tag-sergio-massa"],"aioseo_notices":[],"amp_enabled":true,"_links":{"self":[{"href":"https:\/\/diariodigitalnea.com\/index.php\/wp-json\/wp\/v2\/posts\/5921","targetHints":{"allow":["GET"]}}],"collection":[{"href":"https:\/\/diariodigitalnea.com\/index.php\/wp-json\/wp\/v2\/posts"}],"about":[{"href":"https:\/\/diariodigitalnea.com\/index.php\/wp-json\/wp\/v2\/types\/post"}],"author":[{"embeddable":true,"href":"https:\/\/diariodigitalnea.com\/index.php\/wp-json\/wp\/v2\/users\/3"}],"replies":[{"embeddable":true,"href":"https:\/\/diariodigitalnea.com\/index.php\/wp-json\/wp\/v2\/comments?post=5921"}],"version-history":[{"count":1,"href":"https:\/\/diariodigitalnea.com\/index.php\/wp-json\/wp\/v2\/posts\/5921\/revisions"}],"predecessor-version":[{"id":5924,"href":"https:\/\/diariodigitalnea.com\/index.php\/wp-json\/wp\/v2\/posts\/5921\/revisions\/5924"}],"wp:featuredmedia":[{"embeddable":true,"href":"https:\/\/diariodigitalnea.com\/index.php\/wp-json\/wp\/v2\/media\/5922"}],"wp:attachment":[{"href":"https:\/\/diariodigitalnea.com\/index.php\/wp-json\/wp\/v2\/media?parent=5921"}],"wp:term":[{"taxonomy":"category","embeddable":true,"href":"https:\/\/diariodigitalnea.com\/index.php\/wp-json\/wp\/v2\/categories?post=5921"},{"taxonomy":"post_tag","embeddable":true,"href":"https:\/\/diariodigitalnea.com\/index.php\/wp-json\/wp\/v2\/tags?post=5921"}],"curies":[{"name":"wp","href":"https:\/\/api.w.org\/{rel}","templated":true}]}}