{"id":5816,"date":"2023-01-31T04:51:42","date_gmt":"2023-01-31T04:51:42","guid":{"rendered":"https:\/\/diariodigitalnea.com\/?p=5816"},"modified":"2023-01-31T04:51:42","modified_gmt":"2023-01-31T04:51:42","slug":"fatal-choque-de-una-camioneta-y-un-colectivo-en-ruta-correntina","status":"publish","type":"post","link":"https:\/\/diariodigitalnea.com\/index.php\/2023\/01\/31\/fatal-choque-de-una-camioneta-y-un-colectivo-en-ruta-correntina\/","title":{"rendered":"Fatal choque de una camioneta y un colectivo en ruta correntina"},"content":{"rendered":"\n<p>Un hombre muri\u00f3 y varias personas terminaron heridas al impactar un colectivo contra una camioneta esta madrugada en la ruta Nacional N\u00b0123. El siniestro fatal ocurri\u00f3 a la altura de la localidad correntina de Mercedes.<\/p>\n\n\n\n<p>Conforme a las primeras averiguaciones, el accidente tuvo como protagonistas a un colectivo de pasajeros conducido por un hombre mayor de edad; y una camioneta, marca Nissan, en la que circulaban un hombre y una mujer mayores de edad-.<\/p>\n\n\n\n<p>A consecuencia de ello, se produjo el deceso del hombre que conduc\u00eda la camioneta, en tanto, la mujer acompa\u00f1ante y el chofer del colectivo, fueron trasladados de urgencia al Hospital de la ciudad de Mercedes para su atenci\u00f3n m\u00e9dica correspondiente.<\/p>\n\n\n\n<p>Cabe se\u00f1alar, que tras el siniestro entre los dos veh\u00edculos se\u00f1alados, una de las ruedas de los rodados al salirse despedido impact\u00f3 con un tercer veh\u00edculo, por el cual no result\u00f3 persona lesionada, solo se produjeron da\u00f1os materiales.<\/p>\n\n\n\n<p>En el lugar se realizaron las diligencias del caso, en tanto en la Comisar\u00eda de distrito Segunda de Mercedes se prosiguen con los tr\u00e1mites que corresponden.<\/p>\n","protected":false},"excerpt":{"rendered":"<p>Un hombre muri\u00f3 y varias personas terminaron heridas al impactar un colectivo contra una camioneta esta madrugada en la ruta Nacional N\u00b0123. El siniestro fatal ocurri\u00f3 a la altura de la localidad correntina de Mercedes. Conforme a las primeras averiguaciones, el accidente tuvo como protagonistas a un colectivo de pasajeros conducido por un hombre mayor [&hellip;]<\/p>\n","protected":false},"author":3,"featured_media":5817,"comment_status":"closed","ping_status":"closed","sticky":false,"template":"","format":"standard","meta":{"om_disable_all_campaigns":false,"_monsterinsights_skip_tracking":false,"_monsterinsights_sitenote_active":false,"_monsterinsights_sitenote_note":"","_monsterinsights_sitenote_category":0,"footnotes":""},"categories":[34,52],"tags":[276,216,1229,62,2120,756,202],"class_list":["post-5816","post","type-post","status-publish","format-standard","has-post-thumbnail","hentry","category-corrientes","category-policiales","tag-camioneta","tag-colectivo","tag-mercedes","tag-policiales","tag-ruta-correntina","tag-siniestro-vial","tag-tragedia"],"aioseo_notices":[],"amp_enabled":true,"_links":{"self":[{"href":"https:\/\/diariodigitalnea.com\/index.php\/wp-json\/wp\/v2\/posts\/5816","targetHints":{"allow":["GET"]}}],"collection":[{"href":"https:\/\/diariodigitalnea.com\/index.php\/wp-json\/wp\/v2\/posts"}],"about":[{"href":"https:\/\/diariodigitalnea.com\/index.php\/wp-json\/wp\/v2\/types\/post"}],"author":[{"embeddable":true,"href":"https:\/\/diariodigitalnea.com\/index.php\/wp-json\/wp\/v2\/users\/3"}],"replies":[{"embeddable":true,"href":"https:\/\/diariodigitalnea.com\/index.php\/wp-json\/wp\/v2\/comments?post=5816"}],"version-history":[{"count":1,"href":"https:\/\/diariodigitalnea.com\/index.php\/wp-json\/wp\/v2\/posts\/5816\/revisions"}],"predecessor-version":[{"id":5818,"href":"https:\/\/diariodigitalnea.com\/index.php\/wp-json\/wp\/v2\/posts\/5816\/revisions\/5818"}],"wp:featuredmedia":[{"embeddable":true,"href":"https:\/\/diariodigitalnea.com\/index.php\/wp-json\/wp\/v2\/media\/5817"}],"wp:attachment":[{"href":"https:\/\/diariodigitalnea.com\/index.php\/wp-json\/wp\/v2\/media?parent=5816"}],"wp:term":[{"taxonomy":"category","embeddable":true,"href":"https:\/\/diariodigitalnea.com\/index.php\/wp-json\/wp\/v2\/categories?post=5816"},{"taxonomy":"post_tag","embeddable":true,"href":"https:\/\/diariodigitalnea.com\/index.php\/wp-json\/wp\/v2\/tags?post=5816"}],"curies":[{"name":"wp","href":"https:\/\/api.w.org\/{rel}","templated":true}]}}