{"id":5745,"date":"2023-01-29T19:08:55","date_gmt":"2023-01-29T19:08:55","guid":{"rendered":"https:\/\/diariodigitalnea.com\/?p=5745"},"modified":"2023-01-29T19:09:32","modified_gmt":"2023-01-29T19:09:32","slug":"pampita-deslumbro-con-una-microbikini-tiro-bajo-y-estilo-boho-chic-que-es-tendencia","status":"publish","type":"post","link":"https:\/\/diariodigitalnea.com\/index.php\/2023\/01\/29\/pampita-deslumbro-con-una-microbikini-tiro-bajo-y-estilo-boho-chic-que-es-tendencia\/","title":{"rendered":"Pampita deslumbr\u00f3 con una microbikini tiro bajo y estilo boho chic que es tendencia"},"content":{"rendered":"\n<p>La conductora se encuentra veraneando en Brasil junto a su familia.<\/p>\n\n\n\n<p>Pampita es un exponente de la moda y cada vez que publica alguna fotograf\u00eda, sorprende a todos con sus looks. Siempre detr\u00e1s de las tendencias y, habi\u00e9ndose convertido en el exponente de belleza argentina, Ana Carolina sigue deslumbrando a todos. En esta oportunidad, la conductora de El Hotel De Los Famosos luci\u00f3 una microbikini que es furor.<\/p>\n\n\n\n<p>Ardohain se encuentra veraneando en Imbassai, Brasil, junto a toda su familia y apost\u00f3 a un outfit boho chic espectacular.<\/p>\n\n\n\n<h2 class=\"wp-block-heading\">C\u00f3mo es la microbikini tiro bajo que luci\u00f3 Pampita en Brasil<\/h2>\n\n\n\n<p>Sobre una hamaca paraguaya, Pampita se luci\u00f3 con una bikini azul Francia, uno de los colores tendencia del verano 2023. El dise\u00f1o est\u00e1 formado por un corpi\u00f1o triangulito y una bombacha tiro bajo que es furor entre las mujeres argentinas.<\/p>\n\n\n\n<figure class=\"wp-block-image size-full\"><img fetchpriority=\"high\" decoding=\"async\" width=\"767\" height=\"900\" src=\"http:\/\/diariodigitalnea.com\/wp-content\/uploads\/2023\/01\/micro02.jpg\" alt=\"\" class=\"wp-image-5747\" srcset=\"https:\/\/diariodigitalnea.com\/wp-content\/uploads\/2023\/01\/micro02.jpg 767w, https:\/\/diariodigitalnea.com\/wp-content\/uploads\/2023\/01\/micro02-256x300.jpg 256w\" sizes=\"(max-width: 767px) 100vw, 767px\" \/><\/figure>\n\n\n\n<p>Adem\u00e1s, ambas piezas tienen breteles finos adornados con mostacillas verdes, naranjas y fucsias, que le suman a su look playero boho chic.<\/p>\n\n\n\n<figure class=\"wp-block-image size-full\"><img decoding=\"async\" width=\"767\" height=\"709\" src=\"http:\/\/diariodigitalnea.com\/wp-content\/uploads\/2023\/01\/micro.jpg\" alt=\"\" class=\"wp-image-5746\" srcset=\"https:\/\/diariodigitalnea.com\/wp-content\/uploads\/2023\/01\/micro.jpg 767w, https:\/\/diariodigitalnea.com\/wp-content\/uploads\/2023\/01\/micro-300x277.jpg 300w\" sizes=\"(max-width: 767px) 100vw, 767px\" \/><\/figure>\n\n\n\n<p>Pero eso no es todo, como de costumbre, Pampita complet\u00f3 su outfit con unos anteojos de sol XL, de forma geom\u00e9trica, en color marr\u00f3n y un sombrero para dejar en claro, una vez m\u00e1s, que ni de vacaciones ella deja de ser noticia y de marcar tendencia.<\/p>\n","protected":false},"excerpt":{"rendered":"<p>La conductora se encuentra veraneando en Brasil junto a su familia. Pampita es un exponente de la moda y cada vez que publica alguna fotograf\u00eda, sorprende a todos con sus looks. Siempre detr\u00e1s de las tendencias y, habi\u00e9ndose convertido en el exponente de belleza argentina, Ana Carolina sigue deslumbrando a todos. En esta oportunidad, la [&hellip;]<\/p>\n","protected":false},"author":3,"featured_media":5748,"comment_status":"closed","ping_status":"closed","sticky":false,"template":"","format":"standard","meta":{"om_disable_all_campaigns":false,"_monsterinsights_skip_tracking":false,"_monsterinsights_sitenote_active":false,"_monsterinsights_sitenote_note":"","_monsterinsights_sitenote_category":0,"footnotes":""},"categories":[7],"tags":[350,2094,1568,1207,1684,658],"class_list":["post-5745","post","type-post","status-publish","format-standard","has-post-thumbnail","hentry","category-espectaculos","tag-brasil","tag-estilo-boho-chic","tag-microbikini","tag-outfit","tag-pampita","tag-playa"],"aioseo_notices":[],"amp_enabled":true,"_links":{"self":[{"href":"https:\/\/diariodigitalnea.com\/index.php\/wp-json\/wp\/v2\/posts\/5745","targetHints":{"allow":["GET"]}}],"collection":[{"href":"https:\/\/diariodigitalnea.com\/index.php\/wp-json\/wp\/v2\/posts"}],"about":[{"href":"https:\/\/diariodigitalnea.com\/index.php\/wp-json\/wp\/v2\/types\/post"}],"author":[{"embeddable":true,"href":"https:\/\/diariodigitalnea.com\/index.php\/wp-json\/wp\/v2\/users\/3"}],"replies":[{"embeddable":true,"href":"https:\/\/diariodigitalnea.com\/index.php\/wp-json\/wp\/v2\/comments?post=5745"}],"version-history":[{"count":1,"href":"https:\/\/diariodigitalnea.com\/index.php\/wp-json\/wp\/v2\/posts\/5745\/revisions"}],"predecessor-version":[{"id":5749,"href":"https:\/\/diariodigitalnea.com\/index.php\/wp-json\/wp\/v2\/posts\/5745\/revisions\/5749"}],"wp:featuredmedia":[{"embeddable":true,"href":"https:\/\/diariodigitalnea.com\/index.php\/wp-json\/wp\/v2\/media\/5748"}],"wp:attachment":[{"href":"https:\/\/diariodigitalnea.com\/index.php\/wp-json\/wp\/v2\/media?parent=5745"}],"wp:term":[{"taxonomy":"category","embeddable":true,"href":"https:\/\/diariodigitalnea.com\/index.php\/wp-json\/wp\/v2\/categories?post=5745"},{"taxonomy":"post_tag","embeddable":true,"href":"https:\/\/diariodigitalnea.com\/index.php\/wp-json\/wp\/v2\/tags?post=5745"}],"curies":[{"name":"wp","href":"https:\/\/api.w.org\/{rel}","templated":true}]}}