{"id":5732,"date":"2023-01-29T02:04:40","date_gmt":"2023-01-29T02:04:40","guid":{"rendered":"https:\/\/diariodigitalnea.com\/?p=5732"},"modified":"2023-01-29T02:04:40","modified_gmt":"2023-01-29T02:04:40","slug":"modo-verano-con-estos-espectaculos-resistencia-se-convierte-en-un-destino-de-turismo-por-eleccion-aseguro-martinez","status":"publish","type":"post","link":"https:\/\/diariodigitalnea.com\/index.php\/2023\/01\/29\/modo-verano-con-estos-espectaculos-resistencia-se-convierte-en-un-destino-de-turismo-por-eleccion-aseguro-martinez\/","title":{"rendered":"Modo Verano: \u201cCon estos espect\u00e1culos Resistencia se convierte en un destino de turismo por elecci\u00f3n\u201d, aseguro Mart\u00ednez"},"content":{"rendered":"\n<p>El programa municipal \u201cModo Verano\u201d se llev\u00f3 a cabo en simult\u00e1neo en la plazoleta del barrio Vial, situada en la intersecci\u00f3n del pasaje Fotheringham y calle Quito, y la Laguna Arg\u00fcello, m\u00e1s precisamente en avenida Paraguay y calle 2. Los vecinos, vecinas y turistas pudieron pasar una agradable jornada con espect\u00e1culos art\u00edsticos, culturales e infantiles para el disfrute de toda la familia, y tambi\u00e9n hubo feria de emprendedores con gastron\u00f3micos y cerveceros.<\/p>\n\n\n\n<p>En esta oportunidad, en el barrio Vial se presentaron Las Guaynas Por\u00e1, Lucas Segovia y Ambo\u00e9, y previamente hubo un circuito de destreza f\u00edsica y una clase de zumba. En paralelo, en las inmediaciones a la Laguna Arg\u00fcello se realiz\u00f3 una batalla de freestyle y posteriormente se presentaron Nouxo y la murga La Chicharra, todo amenizado con castillos inflables, ecojuegos, ecohuertas y emprendedores de triple impacto.<\/p>\n\n\n\n<p>El intendente de Resistencia, Gustavo Mart\u00ednez sostuvo que \u201cla idea de estos eventos gratuitos es que los vecinos y vecinas de Resistencia puedan disfrutar de sus vacaciones en cada barrio a pesar del dif\u00edcil contexto econ\u00f3mico\u201d, y agreg\u00f3 que \u201cla meta siempre fue generar de jueves a domingo un espacio de entretenimiento y esparcimiento para la familia\u201d.<\/p>\n\n\n\n<figure class=\"wp-block-image size-large\"><img fetchpriority=\"high\" decoding=\"async\" width=\"1024\" height=\"705\" src=\"http:\/\/diariodigitalnea.com\/wp-content\/uploads\/2023\/01\/modo01-1-1024x705.jpg\" alt=\"\" class=\"wp-image-5733\" srcset=\"https:\/\/diariodigitalnea.com\/wp-content\/uploads\/2023\/01\/modo01-1-1024x705.jpg 1024w, https:\/\/diariodigitalnea.com\/wp-content\/uploads\/2023\/01\/modo01-1-300x207.jpg 300w, https:\/\/diariodigitalnea.com\/wp-content\/uploads\/2023\/01\/modo01-1-768x529.jpg 768w, https:\/\/diariodigitalnea.com\/wp-content\/uploads\/2023\/01\/modo01-1.jpg 1417w\" sizes=\"(max-width: 1024px) 100vw, 1024px\" \/><\/figure>\n\n\n\n<p>En igual sentido, indic\u00f3 que \u201ccon estos espect\u00e1culos la capital chaque\u00f1a se posiciona en el norte del pa\u00eds como un destino de turismo por elecci\u00f3n, lo que permite una expansi\u00f3n en la econom\u00eda local porque se produce un impacto positivo en la actividad hotelera, gastron\u00f3mica, comercial y de servicios\u201d.<\/p>\n\n\n\n<p><strong>UN VERANO DIFERENTE<\/strong><\/p>\n\n\n\n<p>El secretario de Planificaci\u00f3n, Infraestructura y Ambiente, Guillermo Monz\u00f3n, remarc\u00f3 que \u201cel objetivo de este programa es que la gente pueda pasar un verano diferente disfrutando de la m\u00fasica de artistas locales y nacionales, comiendo algo rico en los food trucks y comprando alg\u00fan producto caracter\u00edstico a los emprendedores\u201d, y ampli\u00f3 diciendo que \u201cel Plan Director de Espacios P\u00fablicos busca ocupar los sectores verdes de la ciudad con estos espect\u00e1culos y que sean aprovechados de buena manera por la gente\u201d.<\/p>\n\n\n\n<p>La subsecretaria de Turismo, Virginia Zacarias, afirm\u00f3 que \u201cResistencia sigue teniendo actividades para toda la familia, y las continuar\u00e1 teniendo durante febrero en todos los barrios de la ciudad\u201d, y a\u00f1adi\u00f3 que \u201cla aceptaci\u00f3n de esta iniciativa por parte de los vecinos y vecinas fue muy buena, y de hecho algunos acercaron m\u00e1s propuestas para que esto siga creciendo\u201d.<\/p>\n\n\n\n<p>El coordinador de Relaciones Institucionales del Municipio, Alfredo Blanco, puntualiz\u00f3 que \u201cesta es una iniciativa itinerante de primer nivel para aquellos vecinos y vecinas que pasan el verano en Resistencia\u201d, y continu\u00f3 manifestando que \u201cla oferta incluye m\u00fasicos locales, regionales y nacionales, tambi\u00e9n participan muchos emprendedores, artesanos, gastron\u00f3micos y cerveceros\u201d.<\/p>\n\n\n\n<figure class=\"wp-block-image size-large\"><img decoding=\"async\" width=\"1024\" height=\"684\" src=\"http:\/\/diariodigitalnea.com\/wp-content\/uploads\/2023\/01\/modo2-1-1024x684.jpg\" alt=\"\" class=\"wp-image-5734\" srcset=\"https:\/\/diariodigitalnea.com\/wp-content\/uploads\/2023\/01\/modo2-1-1024x684.jpg 1024w, https:\/\/diariodigitalnea.com\/wp-content\/uploads\/2023\/01\/modo2-1-300x200.jpg 300w, https:\/\/diariodigitalnea.com\/wp-content\/uploads\/2023\/01\/modo2-1-768x513.jpg 768w, https:\/\/diariodigitalnea.com\/wp-content\/uploads\/2023\/01\/modo2-1-900x600.jpg 900w, https:\/\/diariodigitalnea.com\/wp-content\/uploads\/2023\/01\/modo2-1.jpg 1417w\" sizes=\"(max-width: 1024px) 100vw, 1024px\" \/><\/figure>\n\n\n\n<p><strong>VECINOS, VECINAS Y TURISTAS SE SIGUEN SUMANDO<\/strong><\/p>\n\n\n\n<p>Hugo Correa es oriundo de Misi\u00f3n Nueva Pompeya y vino a visitar Resistencia aprovechando las vacaciones, y coment\u00f3 que \u201cla diversidad de los espect\u00e1culos es muy entretenida porque con los t\u00edteres se concientiza los ni\u00f1os y ni\u00f1as a cuidar la ecolog\u00eda, y eso es una opci\u00f3n m\u00e1s que tiene la juventud para aprender\u201d.<\/p>\n\n\n\n<p>Fiorella Quinteros es vecina del barrio Santo Domingo que pas\u00f3 una tarde en familia, y expres\u00f3 que \u201cla realizaci\u00f3n de este tipo de actividades gratuitas para toda la familia por parte de la gesti\u00f3n municipal es espectacular, principalmente porque les permite a los chicos y chicas disfrutar de un ambiente sano\u201d.<\/p>\n\n\n\n<p>Por \u00faltimo, Mayra Mart\u00ednez consider\u00f3 que \u201cestos shows sirven para acercar la cultura popular a los barrios que est\u00e1n un poco alejados del centro, y que sean gratuitos permite que todas las personas puedan acceder\u201d.<\/p>\n\n\n\n<figure class=\"wp-block-image size-full\"><img decoding=\"async\" width=\"1024\" height=\"375\" src=\"http:\/\/diariodigitalnea.com\/wp-content\/uploads\/2022\/10\/CONSTRUCAL-CON-FABRICA.jpg\" alt=\"\" class=\"wp-image-2241\" srcset=\"https:\/\/diariodigitalnea.com\/wp-content\/uploads\/2022\/10\/CONSTRUCAL-CON-FABRICA.jpg 1024w, https:\/\/diariodigitalnea.com\/wp-content\/uploads\/2022\/10\/CONSTRUCAL-CON-FABRICA-300x110.jpg 300w, https:\/\/diariodigitalnea.com\/wp-content\/uploads\/2022\/10\/CONSTRUCAL-CON-FABRICA-768x281.jpg 768w\" sizes=\"(max-width: 1024px) 100vw, 1024px\" \/><figcaption>Publicidad: ConstruCal Cales hidratas y vivas para uso vial y construcci\u00f3n TEL: 3624602737<\/figcaption><\/figure>\n","protected":false},"excerpt":{"rendered":"<p>El programa municipal \u201cModo Verano\u201d se llev\u00f3 a cabo en simult\u00e1neo en la plazoleta del barrio Vial, situada en la intersecci\u00f3n del pasaje Fotheringham y calle Quito, y la Laguna Arg\u00fcello, m\u00e1s precisamente en avenida Paraguay y calle 2. Los vecinos, vecinas y turistas pudieron pasar una agradable jornada con espect\u00e1culos art\u00edsticos, culturales e infantiles [&hellip;]<\/p>\n","protected":false},"author":3,"featured_media":5471,"comment_status":"closed","ping_status":"closed","sticky":false,"template":"","format":"standard","meta":{"om_disable_all_campaigns":false,"_monsterinsights_skip_tracking":false,"_monsterinsights_sitenote_active":false,"_monsterinsights_sitenote_note":"","_monsterinsights_sitenote_category":0,"footnotes":""},"categories":[33],"tags":[12,21,59,1785,58,49,2086],"class_list":["post-5732","post","type-post","status-publish","format-standard","has-post-thumbnail","hentry","category-chaco","tag-cultura","tag-espectaculos","tag-gustavo-martinez","tag-modo-verano","tag-municipalidad-de-resistencia","tag-musica","tag-shows-en-vivo"],"aioseo_notices":[],"amp_enabled":true,"_links":{"self":[{"href":"https:\/\/diariodigitalnea.com\/index.php\/wp-json\/wp\/v2\/posts\/5732","targetHints":{"allow":["GET"]}}],"collection":[{"href":"https:\/\/diariodigitalnea.com\/index.php\/wp-json\/wp\/v2\/posts"}],"about":[{"href":"https:\/\/diariodigitalnea.com\/index.php\/wp-json\/wp\/v2\/types\/post"}],"author":[{"embeddable":true,"href":"https:\/\/diariodigitalnea.com\/index.php\/wp-json\/wp\/v2\/users\/3"}],"replies":[{"embeddable":true,"href":"https:\/\/diariodigitalnea.com\/index.php\/wp-json\/wp\/v2\/comments?post=5732"}],"version-history":[{"count":1,"href":"https:\/\/diariodigitalnea.com\/index.php\/wp-json\/wp\/v2\/posts\/5732\/revisions"}],"predecessor-version":[{"id":5735,"href":"https:\/\/diariodigitalnea.com\/index.php\/wp-json\/wp\/v2\/posts\/5732\/revisions\/5735"}],"wp:featuredmedia":[{"embeddable":true,"href":"https:\/\/diariodigitalnea.com\/index.php\/wp-json\/wp\/v2\/media\/5471"}],"wp:attachment":[{"href":"https:\/\/diariodigitalnea.com\/index.php\/wp-json\/wp\/v2\/media?parent=5732"}],"wp:term":[{"taxonomy":"category","embeddable":true,"href":"https:\/\/diariodigitalnea.com\/index.php\/wp-json\/wp\/v2\/categories?post=5732"},{"taxonomy":"post_tag","embeddable":true,"href":"https:\/\/diariodigitalnea.com\/index.php\/wp-json\/wp\/v2\/tags?post=5732"}],"curies":[{"name":"wp","href":"https:\/\/api.w.org\/{rel}","templated":true}]}}