{"id":5727,"date":"2023-01-29T01:30:12","date_gmt":"2023-01-29T01:30:12","guid":{"rendered":"https:\/\/diariodigitalnea.com\/?p=5727"},"modified":"2023-01-29T01:56:51","modified_gmt":"2023-01-29T01:56:51","slug":"paso-de-la-patria-un-hombre-desaparecio-en-el-rio-parana-tras-nadar-en-zona-no-habilitada","status":"publish","type":"post","link":"https:\/\/diariodigitalnea.com\/index.php\/2023\/01\/29\/paso-de-la-patria-un-hombre-desaparecio-en-el-rio-parana-tras-nadar-en-zona-no-habilitada\/","title":{"rendered":"Paso de la Patria: un hombre desapareci\u00f3 en el r\u00edo Paran\u00e1 tras nadar en zona no habilitada"},"content":{"rendered":"\n<p>Este s\u00e1bado por la tarde desapareci\u00f3 un hombre en el R\u00edo Paran\u00e1, en la zona de Paso de la Patria, provincia de Corrientes. Seg\u00fan informaron medios locales, personal de Prefectura Naval Argentina se encuentra trabajando en la zona.<\/p>\n\n\n\n<p>Las primeras averiguaciones indican que se trata un hombre que estaba acampando en la calle Rioja en Paso de la Patria, cerca de una playa que no se encuentra habilitada. Adem\u00e1s, fuentes oficiales se\u00f1alaron que la persona tiene 45 a\u00f1os y es de Salta.<\/p>\n\n\n\n<p>Por el momento el personal de Prefectura Naval Argentina se encuentra trabajando en la zona y realizando la b\u00fasqueda en el R\u00edo Paran\u00e1.<\/p>\n\n\n\n<p>Desde el municipio recuerdan que existen sectores de la playa que si est\u00e1n habilitados para disfrutar del agua y donde se puso a disposici\u00f3n a ba\u00f1istas, al cuerpo de la Guardia Urbana, a la polic\u00eda de la Provincia de Corrientes y la polic\u00eda tur\u00edstica para asegurar la seguridad en los espacios de playas que son ampliamente concurridos en esta temporada.<\/p>\n\n\n\n<figure class=\"wp-block-image size-full\"><img fetchpriority=\"high\" decoding=\"async\" width=\"1024\" height=\"375\" src=\"http:\/\/diariodigitalnea.com\/wp-content\/uploads\/2022\/10\/CONSTRUCAL-CON-FABRICA.jpg\" alt=\"\" class=\"wp-image-2241\" srcset=\"https:\/\/diariodigitalnea.com\/wp-content\/uploads\/2022\/10\/CONSTRUCAL-CON-FABRICA.jpg 1024w, https:\/\/diariodigitalnea.com\/wp-content\/uploads\/2022\/10\/CONSTRUCAL-CON-FABRICA-300x110.jpg 300w, https:\/\/diariodigitalnea.com\/wp-content\/uploads\/2022\/10\/CONSTRUCAL-CON-FABRICA-768x281.jpg 768w\" sizes=\"(max-width: 1024px) 100vw, 1024px\" \/><figcaption>Publicidad: ConstruCal Cales hidratas y vivas para uso vial y construcci\u00f3n TEL: 3624602737<\/figcaption><\/figure>\n","protected":false},"excerpt":{"rendered":"<p>Este s\u00e1bado por la tarde desapareci\u00f3 un hombre en el R\u00edo Paran\u00e1, en la zona de Paso de la Patria, provincia de Corrientes. Seg\u00fan informaron medios locales, personal de Prefectura Naval Argentina se encuentra trabajando en la zona. Las primeras averiguaciones indican que se trata un hombre que estaba acampando en la calle Rioja en [&hellip;]<\/p>\n","protected":false},"author":3,"featured_media":5731,"comment_status":"closed","ping_status":"closed","sticky":false,"template":"","format":"standard","meta":{"om_disable_all_campaigns":false,"_monsterinsights_skip_tracking":false,"_monsterinsights_sitenote_active":false,"_monsterinsights_sitenote_note":"","_monsterinsights_sitenote_category":0,"footnotes":""},"categories":[34,52],"tags":[63,628,718,1695],"class_list":["post-5727","post","type-post","status-publish","format-standard","has-post-thumbnail","hentry","category-corrientes","category-policiales","tag-corrientes","tag-desaparecido","tag-paso-de-la-patria","tag-rio-parana"],"aioseo_notices":[],"amp_enabled":true,"_links":{"self":[{"href":"https:\/\/diariodigitalnea.com\/index.php\/wp-json\/wp\/v2\/posts\/5727","targetHints":{"allow":["GET"]}}],"collection":[{"href":"https:\/\/diariodigitalnea.com\/index.php\/wp-json\/wp\/v2\/posts"}],"about":[{"href":"https:\/\/diariodigitalnea.com\/index.php\/wp-json\/wp\/v2\/types\/post"}],"author":[{"embeddable":true,"href":"https:\/\/diariodigitalnea.com\/index.php\/wp-json\/wp\/v2\/users\/3"}],"replies":[{"embeddable":true,"href":"https:\/\/diariodigitalnea.com\/index.php\/wp-json\/wp\/v2\/comments?post=5727"}],"version-history":[{"count":1,"href":"https:\/\/diariodigitalnea.com\/index.php\/wp-json\/wp\/v2\/posts\/5727\/revisions"}],"predecessor-version":[{"id":5729,"href":"https:\/\/diariodigitalnea.com\/index.php\/wp-json\/wp\/v2\/posts\/5727\/revisions\/5729"}],"wp:featuredmedia":[{"embeddable":true,"href":"https:\/\/diariodigitalnea.com\/index.php\/wp-json\/wp\/v2\/media\/5731"}],"wp:attachment":[{"href":"https:\/\/diariodigitalnea.com\/index.php\/wp-json\/wp\/v2\/media?parent=5727"}],"wp:term":[{"taxonomy":"category","embeddable":true,"href":"https:\/\/diariodigitalnea.com\/index.php\/wp-json\/wp\/v2\/categories?post=5727"},{"taxonomy":"post_tag","embeddable":true,"href":"https:\/\/diariodigitalnea.com\/index.php\/wp-json\/wp\/v2\/tags?post=5727"}],"curies":[{"name":"wp","href":"https:\/\/api.w.org\/{rel}","templated":true}]}}