{"id":5624,"date":"2023-01-25T21:24:17","date_gmt":"2023-01-25T21:24:17","guid":{"rendered":"https:\/\/diariodigitalnea.com\/?p=5624"},"modified":"2023-01-25T21:39:17","modified_gmt":"2023-01-25T21:39:17","slug":"el-gobierno-negocia-la-segunda-etapa-de-precios-justos","status":"publish","type":"post","link":"https:\/\/diariodigitalnea.com\/index.php\/2023\/01\/25\/el-gobierno-negocia-la-segunda-etapa-de-precios-justos\/","title":{"rendered":"El Gobierno negocia la segunda etapa de Precios Justos"},"content":{"rendered":"\n<p>El acuerdo actual finaliza a fines de febrero, y la Secretaria de Comercio apunta a una renovaci\u00f3n hasta fines junio, con topes de aumentos del 3%.<br>Cuando falta poco m\u00e1s de un mes para el fin del programa Precios Justos, el Gobierno nacional inici\u00f3 las negociaciones para la segunda etapa del acuerdo y quiere un tope de aumentos m\u00e1s bajo, de alrededor de un 3%.<\/p>\n\n\n\n<p>Las conversaciones con las empresas de consumo masivo est\u00e1n relacionadas con la estrategia del ministro de Econom\u00eda, Sergio Massa, de reducir las expectativas inflacionarias y acercarse al objetivo de que el \u00edndice de precios \u201ccomience con 3%\u201d en abril y que el n\u00famero anual no salte del 60% establecido en el Presupuesto.<\/p>\n\n\n\n<figure class=\"wp-block-image size-large is-resized\"><img fetchpriority=\"high\" decoding=\"async\" src=\"https:\/\/diariodigitalnea.com\/wp-content\/uploads\/2023\/01\/PRE-1-1024x645.jpg\" alt=\"\" class=\"wp-image-5626\" width=\"890\" height=\"561\" srcset=\"https:\/\/diariodigitalnea.com\/wp-content\/uploads\/2023\/01\/PRE-1-1024x645.jpg 1024w, https:\/\/diariodigitalnea.com\/wp-content\/uploads\/2023\/01\/PRE-1-300x189.jpg 300w, https:\/\/diariodigitalnea.com\/wp-content\/uploads\/2023\/01\/PRE-1-768x484.jpg 768w, https:\/\/diariodigitalnea.com\/wp-content\/uploads\/2023\/01\/PRE-1.jpg 1027w\" sizes=\"(max-width: 890px) 100vw, 890px\" \/><\/figure>\n\n\n\n<p>As\u00ed, mientras monitorea el cumplimiento del acuerdo, que congel\u00f3 el valor de 2000 productos desde el 11 de noviembre hasta el 28 de febrero pr\u00f3ximo, la Secretar\u00eda de Comercio que comanda Mat\u00edas Tombolini comenz\u00f3 en los \u00faltimos d\u00edas los contactos con las principales empresas de consumo masivo.<\/p>\n\n\n\n<p>El mensaje que recibieron los productores de alimentos, art\u00edculos de limpieza e higiene personal fue que la intenci\u00f3n oficial es que la segunda etapa de Precios Justos arranque el 1\u00b0 de marzo con una sola actualizaci\u00f3n (que contemple la inflaci\u00f3n y suba de costos de los meses previos), y que el resto de los productos aumenten por debajo de 4% mensual actual.<\/p>\n\n\n\n<p><br>AUMENTOS M\u00c1S CERCA DEL 3% QUE DEL 4% MENSUAL<br>En ese marco, el Gobierno pretende que los aumentos de unos 30.000 productos \u201clibres\u201d empiecen un sendero de descenso y que el tope mensual de actualizaci\u00f3n quede m\u00e1s cerca del 3% que del 4% actual.<\/p>\n\n\n\n<p>Con esos porcentajes, el equipo econ\u00f3mico busca que Precios Justos sirva como anclaje para la canasta de los alimentos, como ocurri\u00f3 en noviembre y en diciembre.<\/p>\n\n\n\n<figure class=\"wp-block-image size-full is-resized\"><img decoding=\"async\" src=\"https:\/\/diariodigitalnea.com\/wp-content\/uploads\/2023\/01\/PRE3-1.jpg\" alt=\"\" class=\"wp-image-5627\" width=\"896\" height=\"576\" srcset=\"https:\/\/diariodigitalnea.com\/wp-content\/uploads\/2023\/01\/PRE3-1.jpg 895w, https:\/\/diariodigitalnea.com\/wp-content\/uploads\/2023\/01\/PRE3-1-300x193.jpg 300w, https:\/\/diariodigitalnea.com\/wp-content\/uploads\/2023\/01\/PRE3-1-768x493.jpg 768w\" sizes=\"(max-width: 896px) 100vw, 896px\" \/><\/figure>\n\n\n\n<p>DETECTARON FALTANTES DE ALGUNOS PRODUCTOS<br>En las primeras reuniones con proveedores de alimentos y art\u00edculos de consumo masivo, as\u00ed como con los supermercados, el Gobierno puntualiz\u00f3 el requerimiento de adem\u00e1s de un alza contenida en los precios por fuera de la canasta de 200 productos, se garantice un adecuado abastecimiento de los productos de Precios Justos, adem\u00e1s de la se\u00f1alizaci\u00f3n y el valor acordado.<\/p>\n\n\n\n<p>De acuerdo con los \u00faltimos relevamientos oficiales, se detect\u00f3 un 67% de cumplimiento en stock, 77% en se\u00f1al\u00e9tica y 100% en los valores acordados.<\/p>\n\n\n\n<p>Dicho de otro modo, el Gobierno detect\u00f3 un 33 por ciento de faltante.<\/p>\n","protected":false},"excerpt":{"rendered":"<p>El acuerdo actual finaliza a fines de febrero, y la Secretaria de Comercio apunta a una renovaci\u00f3n hasta fines junio, con topes de aumentos del 3%.Cuando falta poco m\u00e1s de un mes para el fin del programa Precios Justos, el Gobierno nacional inici\u00f3 las negociaciones para la segunda etapa del acuerdo y quiere un tope [&hellip;]<\/p>\n","protected":false},"author":4,"featured_media":5625,"comment_status":"closed","ping_status":"closed","sticky":false,"template":"","format":"standard","meta":{"om_disable_all_campaigns":false,"_monsterinsights_skip_tracking":false,"_monsterinsights_sitenote_active":false,"_monsterinsights_sitenote_note":"","_monsterinsights_sitenote_category":0,"footnotes":""},"categories":[5,4],"tags":[598,1359],"class_list":["post-5624","post","type-post","status-publish","format-standard","has-post-thumbnail","hentry","category-economia","category-politica","tag-gobierno","tag-precios-justos"],"aioseo_notices":[],"amp_enabled":true,"_links":{"self":[{"href":"https:\/\/diariodigitalnea.com\/index.php\/wp-json\/wp\/v2\/posts\/5624","targetHints":{"allow":["GET"]}}],"collection":[{"href":"https:\/\/diariodigitalnea.com\/index.php\/wp-json\/wp\/v2\/posts"}],"about":[{"href":"https:\/\/diariodigitalnea.com\/index.php\/wp-json\/wp\/v2\/types\/post"}],"author":[{"embeddable":true,"href":"https:\/\/diariodigitalnea.com\/index.php\/wp-json\/wp\/v2\/users\/4"}],"replies":[{"embeddable":true,"href":"https:\/\/diariodigitalnea.com\/index.php\/wp-json\/wp\/v2\/comments?post=5624"}],"version-history":[{"count":1,"href":"https:\/\/diariodigitalnea.com\/index.php\/wp-json\/wp\/v2\/posts\/5624\/revisions"}],"predecessor-version":[{"id":5628,"href":"https:\/\/diariodigitalnea.com\/index.php\/wp-json\/wp\/v2\/posts\/5624\/revisions\/5628"}],"wp:featuredmedia":[{"embeddable":true,"href":"https:\/\/diariodigitalnea.com\/index.php\/wp-json\/wp\/v2\/media\/5625"}],"wp:attachment":[{"href":"https:\/\/diariodigitalnea.com\/index.php\/wp-json\/wp\/v2\/media?parent=5624"}],"wp:term":[{"taxonomy":"category","embeddable":true,"href":"https:\/\/diariodigitalnea.com\/index.php\/wp-json\/wp\/v2\/categories?post=5624"},{"taxonomy":"post_tag","embeddable":true,"href":"https:\/\/diariodigitalnea.com\/index.php\/wp-json\/wp\/v2\/tags?post=5624"}],"curies":[{"name":"wp","href":"https:\/\/api.w.org\/{rel}","templated":true}]}}