{"id":5556,"date":"2023-01-23T21:53:02","date_gmt":"2023-01-23T21:53:02","guid":{"rendered":"https:\/\/diariodigitalnea.com\/?p=5556"},"modified":"2023-01-23T23:15:55","modified_gmt":"2023-01-23T23:15:55","slug":"georgina-rodriguez-luce-bellisima-en-su-primera-alfombra-roja-de-arabia-saudi","status":"publish","type":"post","link":"https:\/\/diariodigitalnea.com\/index.php\/2023\/01\/23\/georgina-rodriguez-luce-bellisima-en-su-primera-alfombra-roja-de-arabia-saudi\/","title":{"rendered":"Georgina Rodr\u00edguez luce bell\u00edsima en su primera alfombra roja de Arabia Saud\u00ed"},"content":{"rendered":"\n<p>La argentina se present\u00f3 en una ceremonia de premios y deslumbr\u00f3 a todos los presentes.<\/p>\n\n\n\n<p>Georgina es conocida por tener un estilo muy audaz, pues se anima a llevar las \u00faltimas tendencias de la moda y siempre luce impecable. <\/p>\n\n\n\n<p>Recientemente, la esposa de Cristiano Ronaldo se present\u00f3 en los Joy Awards 2023, una ceremonia de premios que distingue a las personalidades internacionales y a los famosos que sobresalen en el \u00e1mbito del espect\u00e1culo, el cine, el deporte, las redes sociales y la m\u00fasica en el mundo \u00e1rabe.<\/p>\n\n\n\n<figure class=\"wp-block-image size-full is-resized\"><img fetchpriority=\"high\" decoding=\"async\" src=\"https:\/\/diariodigitalnea.com\/wp-content\/uploads\/2023\/01\/ang1.jpg\" alt=\"\" class=\"wp-image-5558\" width=\"918\" height=\"604\" srcset=\"https:\/\/diariodigitalnea.com\/wp-content\/uploads\/2023\/01\/ang1.jpg 889w, https:\/\/diariodigitalnea.com\/wp-content\/uploads\/2023\/01\/ang1-300x197.jpg 300w, https:\/\/diariodigitalnea.com\/wp-content\/uploads\/2023\/01\/ang1-768x505.jpg 768w\" sizes=\"(max-width: 918px) 100vw, 918px\" \/><\/figure>\n\n\n\n<p>La noche del s\u00e1bado 21 de enero la ceremonia de premios tuvo lugar en Ryad, la capital de Arabia Saud\u00ed. Por supuesto, la empresaria fue una de las invitadas de lujo de la noche, pues pis\u00f3 la alfombra y capt\u00f3 la atenci\u00f3n de todos los presentes con su estilismo completo y su gran carisma. De hecho, algunos medios internacionales expusieron que fue una de las figuras de la noche.<\/p>\n\n\n\n<p><br>La empresaria asisti\u00f3 al evento con un vestido de Ali Karoui, un dise\u00f1ador tunecino que la visti\u00f3 en el Festival de Cannes, la gala previa a los Grammys Latinos y otras ocasiones del pasado. Para esta ocasi\u00f3n Georgina Rodr\u00edguez luci\u00f3 un dise\u00f1o glamoroso inspirado en la era dorada de Hollywood, un modelo con una abertura lateral en uno de los muslos y un cintur\u00f3n de pedrer\u00eda, que marcaba su cintura.<\/p>\n\n\n\n<figure class=\"wp-block-image size-full is-resized\"><img decoding=\"async\" src=\"https:\/\/diariodigitalnea.com\/wp-content\/uploads\/2023\/01\/ang11.jpg\" alt=\"\" class=\"wp-image-5559\" width=\"928\" height=\"542\" srcset=\"https:\/\/diariodigitalnea.com\/wp-content\/uploads\/2023\/01\/ang11.jpg 1014w, https:\/\/diariodigitalnea.com\/wp-content\/uploads\/2023\/01\/ang11-300x175.jpg 300w, https:\/\/diariodigitalnea.com\/wp-content\/uploads\/2023\/01\/ang11-768x448.jpg 768w\" sizes=\"(max-width: 928px) 100vw, 928px\" \/><\/figure>\n\n\n\n<p><br>Adem\u00e1s, llev\u00f3 unos guantes largos con un brazalete brillante y unos zapatos de tac\u00f3n metalizados de la firma Le Silla. Sin embargo, la prenda que m\u00e1s destac\u00f3 en el look fue una delicada capucha de gasa que cubr\u00eda sus hombros y su cabello. Un estilismo sobrio, elegante y perfecto para la ceremonia de los Joy Awards.<\/p>\n\n\n\n<figure class=\"wp-block-image size-full is-resized\"><img decoding=\"async\" src=\"https:\/\/diariodigitalnea.com\/wp-content\/uploads\/2023\/01\/ang13.jpg\" alt=\"\" class=\"wp-image-5560\" width=\"966\" height=\"632\" srcset=\"https:\/\/diariodigitalnea.com\/wp-content\/uploads\/2023\/01\/ang13.jpg 895w, https:\/\/diariodigitalnea.com\/wp-content\/uploads\/2023\/01\/ang13-300x196.jpg 300w, https:\/\/diariodigitalnea.com\/wp-content\/uploads\/2023\/01\/ang13-768x503.jpg 768w\" sizes=\"(max-width: 966px) 100vw, 966px\" \/><\/figure>\n\n\n\n<p>Durante una entrevista en los premios, Rodr\u00edguez revel\u00f3 que su vestido fue totalmente improvisado y una elecci\u00f3n de \u00faltimo momento. \u00abAli Karoui es un buen amigo m\u00edo, le dije 24 horas antes de la gala que necesitaba un vestido y ha creado esto para m\u00ed\u00bb, coment\u00f3 la influencer.<\/p>\n\n\n\n<figure class=\"wp-block-image size-full\"><img loading=\"lazy\" decoding=\"async\" width=\"1024\" height=\"375\" src=\"http:\/\/diariodigitalnea.com\/wp-content\/uploads\/2022\/10\/CONSTRUCAL-CON-FABRICA.jpg\" alt=\"\" class=\"wp-image-2241\" srcset=\"https:\/\/diariodigitalnea.com\/wp-content\/uploads\/2022\/10\/CONSTRUCAL-CON-FABRICA.jpg 1024w, https:\/\/diariodigitalnea.com\/wp-content\/uploads\/2022\/10\/CONSTRUCAL-CON-FABRICA-300x110.jpg 300w, https:\/\/diariodigitalnea.com\/wp-content\/uploads\/2022\/10\/CONSTRUCAL-CON-FABRICA-768x281.jpg 768w\" sizes=\"(max-width: 1024px) 100vw, 1024px\" \/><figcaption>Publicidad: ConstruCal Cales hidratas y vivas para uso vial y construcci\u00f3n TEL: 3624602737<\/figcaption><\/figure>\n","protected":false},"excerpt":{"rendered":"<p>La argentina se present\u00f3 en una ceremonia de premios y deslumbr\u00f3 a todos los presentes. Georgina es conocida por tener un estilo muy audaz, pues se anima a llevar las \u00faltimas tendencias de la moda y siempre luce impecable. Recientemente, la esposa de Cristiano Ronaldo se present\u00f3 en los Joy Awards 2023, una ceremonia de [&hellip;]<\/p>\n","protected":false},"author":4,"featured_media":5557,"comment_status":"closed","ping_status":"closed","sticky":false,"template":"","format":"standard","meta":{"om_disable_all_campaigns":false,"_monsterinsights_skip_tracking":false,"_monsterinsights_sitenote_active":false,"_monsterinsights_sitenote_note":"","_monsterinsights_sitenote_category":0,"footnotes":""},"categories":[7,9],"tags":[2038],"class_list":["post-5556","post","type-post","status-publish","format-standard","has-post-thumbnail","hentry","category-espectaculos","category-internacionales","tag-georgina-rodriguez-2"],"aioseo_notices":[],"amp_enabled":true,"_links":{"self":[{"href":"https:\/\/diariodigitalnea.com\/index.php\/wp-json\/wp\/v2\/posts\/5556","targetHints":{"allow":["GET"]}}],"collection":[{"href":"https:\/\/diariodigitalnea.com\/index.php\/wp-json\/wp\/v2\/posts"}],"about":[{"href":"https:\/\/diariodigitalnea.com\/index.php\/wp-json\/wp\/v2\/types\/post"}],"author":[{"embeddable":true,"href":"https:\/\/diariodigitalnea.com\/index.php\/wp-json\/wp\/v2\/users\/4"}],"replies":[{"embeddable":true,"href":"https:\/\/diariodigitalnea.com\/index.php\/wp-json\/wp\/v2\/comments?post=5556"}],"version-history":[{"count":2,"href":"https:\/\/diariodigitalnea.com\/index.php\/wp-json\/wp\/v2\/posts\/5556\/revisions"}],"predecessor-version":[{"id":5569,"href":"https:\/\/diariodigitalnea.com\/index.php\/wp-json\/wp\/v2\/posts\/5556\/revisions\/5569"}],"wp:featuredmedia":[{"embeddable":true,"href":"https:\/\/diariodigitalnea.com\/index.php\/wp-json\/wp\/v2\/media\/5557"}],"wp:attachment":[{"href":"https:\/\/diariodigitalnea.com\/index.php\/wp-json\/wp\/v2\/media?parent=5556"}],"wp:term":[{"taxonomy":"category","embeddable":true,"href":"https:\/\/diariodigitalnea.com\/index.php\/wp-json\/wp\/v2\/categories?post=5556"},{"taxonomy":"post_tag","embeddable":true,"href":"https:\/\/diariodigitalnea.com\/index.php\/wp-json\/wp\/v2\/tags?post=5556"}],"curies":[{"name":"wp","href":"https:\/\/api.w.org\/{rel}","templated":true}]}}