{"id":5455,"date":"2023-01-19T21:55:28","date_gmt":"2023-01-19T21:55:28","guid":{"rendered":"https:\/\/diariodigitalnea.com\/?p=5455"},"modified":"2023-01-19T21:55:28","modified_gmt":"2023-01-19T21:55:28","slug":"el-dramatico-rescate-de-un-bebe-al-borde-de-una-ventana","status":"publish","type":"post","link":"https:\/\/diariodigitalnea.com\/index.php\/2023\/01\/19\/el-dramatico-rescate-de-un-bebe-al-borde-de-una-ventana\/","title":{"rendered":"El dram\u00e1tico rescate de un bebe al borde de una ventana"},"content":{"rendered":"\n<p>El hecho ocurri\u00f3 en el barrio Tranviarios de la ciudad de C\u00f3rdoba, cuando el padre del ni\u00f1o se qued\u00f3 dormido. Fue rescatado por un vecino junto a polic\u00edas.<\/p>\n\n\n\n<p><br>Un dram\u00e1tico episodio estremeci\u00f3 a C\u00f3rdoba este mi\u00e9rcoles, cuando un ni\u00f1o de 3 a\u00f1os fue rescatado por un vecino y agentes policiales, mientras caminaba por la cornisa de la ventada de un segundo piso.<\/p>\n\n\n\n<p>El hecho ocurri\u00f3 en el barrio Tranviarios de la ciudad de C\u00f3rdoba, donde un hombre se percat\u00f3 de que un beb\u00e9 estaba arrodillado al borde de la ventana, con peligro de caer al vac\u00edo, seg\u00fan cont\u00f3 al sitio Cadena 3.<br>El video de una c\u00e1mara de seguridad cercana muestra c\u00f3mo el ni\u00f1o agarra una cortina en la ventana entreabierta y c\u00f3mo se desplaza lentamente por el borde. Mantiene la mayor parte del tiempo sus rodillas sobre la ventana, aunque llega a levantar en alto una de ellas durante un momento.<\/p>\n\n\n\n<figure class=\"wp-block-embed is-type-video is-provider-youtube wp-block-embed-youtube wp-embed-aspect-16-9 wp-has-aspect-ratio\"><div class=\"wp-block-embed__wrapper\">\n<iframe title=\"C\u00d3RDOBA I Dram\u00e1tico rescate: un vecino salv\u00f3 a un beb\u00e9 de caer de un segundo piso\" width=\"1200\" height=\"675\" src=\"https:\/\/www.youtube.com\/embed\/NizDRx8oBKE?feature=oembed\" frameborder=\"0\" allow=\"accelerometer; autoplay; clipboard-write; encrypted-media; gyroscope; picture-in-picture; web-share\" allowfullscreen><\/iframe>\n<\/div><\/figure>\n\n\n\n<p>En cuanto observaron la situaci\u00f3n, se dio aviso al 911 y efectivos policiales que estaban en la zona acudieron de inmediato. Cuando llegaron, un vecino trep\u00f3 desde el piso inferior por la pared ayudado por los agentes, y rode\u00f3 al peque\u00f1o con sus brazos meti\u00e9ndose con \u00e9l dentro del departamento.<\/p>\n\n\n\n<p><br>Tras lo sucedido, varias personas se preguntaron c\u00f3mo el ni\u00f1o lleg\u00f3 a estar solo en esa situaci\u00f3n. La abuela del ni\u00f1o neg\u00f3 que el beb\u00e9 estuviera solo. \u201cSu pap\u00e1 se hab\u00eda dormido y el ni\u00f1o arrim\u00f3 un mueble y se subi\u00f3 a la ventana\u201d, explic\u00f3 a Cadena 3.<\/p>\n\n\n\n<p>Y agreg\u00f3: \u201cMi hija trabaja muy temprano y su pareja la llev\u00f3. El pap\u00e1 se qued\u00f3 dormido y, cuando el ni\u00f1o se despert\u00f3, junt\u00f3 un mueble y trep\u00f3 a la ventana\u201d.<\/p>\n\n\n\n<p>En medio de las repercusiones del hecho, la abuela del beb\u00e9, insisti\u00f3 en que se trat\u00f3 de un descuido. \u201cQuiero aclarar que el nene nunca estuvo solo, eso lo sabe la Polic\u00eda. El padre se durmi\u00f3 a ra\u00edz del cansancio que ten\u00eda. Los polic\u00edas y vecinos son testigos, eso quiero dejarlo claro. Los ni\u00f1os nunca est\u00e1n solos\u201d, remarc\u00f3.<\/p>\n\n\n\n<figure class=\"wp-block-image size-full\"><img fetchpriority=\"high\" decoding=\"async\" width=\"1024\" height=\"375\" src=\"http:\/\/diariodigitalnea.com\/wp-content\/uploads\/2022\/10\/CONSTRUCAL-CON-FABRICA.jpg\" alt=\"\" class=\"wp-image-2241\" srcset=\"https:\/\/diariodigitalnea.com\/wp-content\/uploads\/2022\/10\/CONSTRUCAL-CON-FABRICA.jpg 1024w, https:\/\/diariodigitalnea.com\/wp-content\/uploads\/2022\/10\/CONSTRUCAL-CON-FABRICA-300x110.jpg 300w, https:\/\/diariodigitalnea.com\/wp-content\/uploads\/2022\/10\/CONSTRUCAL-CON-FABRICA-768x281.jpg 768w\" sizes=\"(max-width: 1024px) 100vw, 1024px\" \/><figcaption>Publicidad: ConstruCal Cales hidratas y vivas para uso vial y construcci\u00f3n TEL: 3624602737<\/figcaption><\/figure>\n","protected":false},"excerpt":{"rendered":"<p>El hecho ocurri\u00f3 en el barrio Tranviarios de la ciudad de C\u00f3rdoba, cuando el padre del ni\u00f1o se qued\u00f3 dormido. Fue rescatado por un vecino junto a polic\u00edas. Un dram\u00e1tico episodio estremeci\u00f3 a C\u00f3rdoba este mi\u00e9rcoles, cuando un ni\u00f1o de 3 a\u00f1os fue rescatado por un vecino y agentes policiales, mientras caminaba por la cornisa [&hellip;]<\/p>\n","protected":false},"author":4,"featured_media":5456,"comment_status":"closed","ping_status":"closed","sticky":false,"template":"","format":"standard","meta":{"om_disable_all_campaigns":false,"_monsterinsights_skip_tracking":false,"_monsterinsights_sitenote_active":false,"_monsterinsights_sitenote_note":"","_monsterinsights_sitenote_category":0,"footnotes":""},"categories":[90,52],"tags":[1992,1024,1680,1993],"class_list":["post-5455","post","type-post","status-publish","format-standard","has-post-thumbnail","hentry","category-nacionales","category-policiales","tag-bebe","tag-cordoba","tag-rescate","tag-ventana"],"aioseo_notices":[],"amp_enabled":true,"_links":{"self":[{"href":"https:\/\/diariodigitalnea.com\/index.php\/wp-json\/wp\/v2\/posts\/5455","targetHints":{"allow":["GET"]}}],"collection":[{"href":"https:\/\/diariodigitalnea.com\/index.php\/wp-json\/wp\/v2\/posts"}],"about":[{"href":"https:\/\/diariodigitalnea.com\/index.php\/wp-json\/wp\/v2\/types\/post"}],"author":[{"embeddable":true,"href":"https:\/\/diariodigitalnea.com\/index.php\/wp-json\/wp\/v2\/users\/4"}],"replies":[{"embeddable":true,"href":"https:\/\/diariodigitalnea.com\/index.php\/wp-json\/wp\/v2\/comments?post=5455"}],"version-history":[{"count":1,"href":"https:\/\/diariodigitalnea.com\/index.php\/wp-json\/wp\/v2\/posts\/5455\/revisions"}],"predecessor-version":[{"id":5457,"href":"https:\/\/diariodigitalnea.com\/index.php\/wp-json\/wp\/v2\/posts\/5455\/revisions\/5457"}],"wp:featuredmedia":[{"embeddable":true,"href":"https:\/\/diariodigitalnea.com\/index.php\/wp-json\/wp\/v2\/media\/5456"}],"wp:attachment":[{"href":"https:\/\/diariodigitalnea.com\/index.php\/wp-json\/wp\/v2\/media?parent=5455"}],"wp:term":[{"taxonomy":"category","embeddable":true,"href":"https:\/\/diariodigitalnea.com\/index.php\/wp-json\/wp\/v2\/categories?post=5455"},{"taxonomy":"post_tag","embeddable":true,"href":"https:\/\/diariodigitalnea.com\/index.php\/wp-json\/wp\/v2\/tags?post=5455"}],"curies":[{"name":"wp","href":"https:\/\/api.w.org\/{rel}","templated":true}]}}