{"id":5395,"date":"2023-01-18T22:54:17","date_gmt":"2023-01-18T22:54:17","guid":{"rendered":"https:\/\/diariodigitalnea.com\/?p=5395"},"modified":"2023-01-18T22:54:18","modified_gmt":"2023-01-18T22:54:18","slug":"barranqueras-perdio-el-control-de-su-vehiculo-y-volco","status":"publish","type":"post","link":"https:\/\/diariodigitalnea.com\/index.php\/2023\/01\/18\/barranqueras-perdio-el-control-de-su-vehiculo-y-volco\/","title":{"rendered":"Barranqueras: perdi\u00f3 el control de su veh\u00edculo y volc\u00f3"},"content":{"rendered":"\n<p>Este mi\u00e9rcoles a horas de la tarde se produjo un accidente de tr\u00e1nsito en la ciudad portuaria, donde un joven conductor, de 23 a\u00f1os, debi\u00f3 ser hospitalizado.<\/p>\n\n\n\n<p>Alrededor de las 18 de este mi\u00e9rcoles, los efectivos de la Comisar\u00eda Tercera de Barranqueras fueron comisionados a la intersecci\u00f3n de avenida Soberan\u00eda Nacional y avenida Espa\u00f1a, donde habr\u00eda ocurrido un accidente de tr\u00e1nsito.<\/p>\n\n\n\n<p>A su arribo, constataron un veh\u00edculo Fiat Uno, al costado del camino. Su conductor, un joven de 23 a\u00f1os, inform\u00f3 que perdi\u00f3 el control y volc\u00f3. Se encontraba con lesiones.<\/p>\n\n\n\n<p>Solicitaron una ambulancia para su atenci\u00f3n m\u00e9dica. El joven fue trasladado al Hospital Perrando.<\/p>\n\n\n\n<p>En el lugar, arrib\u00f3 la Divisi\u00f3n Criminal\u00edstica que realiz\u00f3 las pericias. Se dio intervenci\u00f3n a la fiscal\u00eda en turno.<\/p>\n\n\n\n<figure class=\"wp-block-image size-full\"><img fetchpriority=\"high\" decoding=\"async\" width=\"1024\" height=\"375\" src=\"http:\/\/diariodigitalnea.com\/wp-content\/uploads\/2022\/10\/CONSTRUCAL-CON-FABRICA.jpg\" alt=\"\" class=\"wp-image-2241\" srcset=\"https:\/\/diariodigitalnea.com\/wp-content\/uploads\/2022\/10\/CONSTRUCAL-CON-FABRICA.jpg 1024w, https:\/\/diariodigitalnea.com\/wp-content\/uploads\/2022\/10\/CONSTRUCAL-CON-FABRICA-300x110.jpg 300w, https:\/\/diariodigitalnea.com\/wp-content\/uploads\/2022\/10\/CONSTRUCAL-CON-FABRICA-768x281.jpg 768w\" sizes=\"(max-width: 1024px) 100vw, 1024px\" \/><figcaption>Publicidad: ConstruCal Cales hidratas y vivas para uso vial y construcci\u00f3n TEL: 3624602737<\/figcaption><\/figure>\n","protected":false},"excerpt":{"rendered":"<p>Este mi\u00e9rcoles a horas de la tarde se produjo un accidente de tr\u00e1nsito en la ciudad portuaria, donde un joven conductor, de 23 a\u00f1os, debi\u00f3 ser hospitalizado. Alrededor de las 18 de este mi\u00e9rcoles, los efectivos de la Comisar\u00eda Tercera de Barranqueras fueron comisionados a la intersecci\u00f3n de avenida Soberan\u00eda Nacional y avenida Espa\u00f1a, donde [&hellip;]<\/p>\n","protected":false},"author":3,"featured_media":5396,"comment_status":"closed","ping_status":"closed","sticky":false,"template":"","format":"standard","meta":{"om_disable_all_campaigns":false,"_monsterinsights_skip_tracking":false,"_monsterinsights_sitenote_active":false,"_monsterinsights_sitenote_note":"","_monsterinsights_sitenote_category":0,"footnotes":""},"categories":[33,52],"tags":[942,462,1967,82,869],"class_list":["post-5395","post","type-post","status-publish","format-standard","has-post-thumbnail","hentry","category-chaco","category-policiales","tag-barranqueras","tag-hospital-perrando","tag-lesionado","tag-siniestro","tag-vuelco"],"aioseo_notices":[],"amp_enabled":true,"_links":{"self":[{"href":"https:\/\/diariodigitalnea.com\/index.php\/wp-json\/wp\/v2\/posts\/5395","targetHints":{"allow":["GET"]}}],"collection":[{"href":"https:\/\/diariodigitalnea.com\/index.php\/wp-json\/wp\/v2\/posts"}],"about":[{"href":"https:\/\/diariodigitalnea.com\/index.php\/wp-json\/wp\/v2\/types\/post"}],"author":[{"embeddable":true,"href":"https:\/\/diariodigitalnea.com\/index.php\/wp-json\/wp\/v2\/users\/3"}],"replies":[{"embeddable":true,"href":"https:\/\/diariodigitalnea.com\/index.php\/wp-json\/wp\/v2\/comments?post=5395"}],"version-history":[{"count":1,"href":"https:\/\/diariodigitalnea.com\/index.php\/wp-json\/wp\/v2\/posts\/5395\/revisions"}],"predecessor-version":[{"id":5397,"href":"https:\/\/diariodigitalnea.com\/index.php\/wp-json\/wp\/v2\/posts\/5395\/revisions\/5397"}],"wp:featuredmedia":[{"embeddable":true,"href":"https:\/\/diariodigitalnea.com\/index.php\/wp-json\/wp\/v2\/media\/5396"}],"wp:attachment":[{"href":"https:\/\/diariodigitalnea.com\/index.php\/wp-json\/wp\/v2\/media?parent=5395"}],"wp:term":[{"taxonomy":"category","embeddable":true,"href":"https:\/\/diariodigitalnea.com\/index.php\/wp-json\/wp\/v2\/categories?post=5395"},{"taxonomy":"post_tag","embeddable":true,"href":"https:\/\/diariodigitalnea.com\/index.php\/wp-json\/wp\/v2\/tags?post=5395"}],"curies":[{"name":"wp","href":"https:\/\/api.w.org\/{rel}","templated":true}]}}