{"id":5375,"date":"2023-01-17T21:22:12","date_gmt":"2023-01-17T21:22:12","guid":{"rendered":"https:\/\/diariodigitalnea.com\/?p=5375"},"modified":"2023-01-17T21:22:13","modified_gmt":"2023-01-17T21:22:13","slug":"mas-chaquenos-por-debajo-de-la-linea-de-pobreza-una-familia-necesita-mas-de-140-000-para-cubrir-la-canasta-basica","status":"publish","type":"post","link":"https:\/\/diariodigitalnea.com\/index.php\/2023\/01\/17\/mas-chaquenos-por-debajo-de-la-linea-de-pobreza-una-familia-necesita-mas-de-140-000-para-cubrir-la-canasta-basica\/","title":{"rendered":"M\u00e1s chaque\u00f1os por debajo de la l\u00ednea de Pobreza: una familia necesita m\u00e1s de $ 140.000 para cubrir la Canasta B\u00e1sica"},"content":{"rendered":"\n<p>La Canasta B\u00e1sica Total (CBT) pas\u00f3 de valer $ 133.198 a $ 140.716 en diciembre del 2022, seg\u00fan el \u00cdndice Barrial de Precios del ISEPCI Chaco (Instituto de Investigaci\u00f3n Social, Econ\u00f3mica y Pol\u00edtica Ciudadana). El censo realizado en comercios del Gran Resistencia y S\u00e1enz Pe\u00f1a determin\u00f3 un aumento del 5,64%.<\/p>\n\n\n\n<p>Los resultados difundidos hoy tras el estudio de mercado realizado por la instituci\u00f3n, reflej\u00f3 no solo un aumento en cuanto a la variaci\u00f3n mensual, sino que la devaluaci\u00f3n de la moneda provoc\u00f3 una diferencia interanual del 88,60% en la CBT.<\/p>\n\n\n\n<p>En cuanto a estas cifras, existi\u00f3 una diferencia del 88,60% en relaci\u00f3n al \u00faltimo mes del a\u00f1o, pero del 2021. Fueron $ 66.105 de alza los producidos de diciembre a diciembre.<\/p>\n\n\n\n<p>Por su parte, la Canasta B\u00e1sica de Alimentos concret\u00f3 el 4,33% de suba en relaci\u00f3n al mes de noviembre del a\u00f1o pasado. Es decir, pas\u00f3 de $ 59.154 a $61.717. En total fueron $ 2.562 de diferencia en 30 d\u00edas.<br>Ahora bien, si se tiene en cuenta el porcentaje de variaci\u00f3n interanual, el mismo ser\u00eda del 94,39%, que se traduce a valor nominal como $ 29.968 de adicional a los $ 31.749 de diciembre del 2021<\/p>\n\n\n\n<figure class=\"wp-block-image size-full\"><img fetchpriority=\"high\" decoding=\"async\" width=\"979\" height=\"641\" src=\"https:\/\/diariodigitalnea.com\/wp-content\/uploads\/2023\/01\/can1.jpg\" alt=\"\" class=\"wp-image-5377\" srcset=\"https:\/\/diariodigitalnea.com\/wp-content\/uploads\/2023\/01\/can1.jpg 979w, https:\/\/diariodigitalnea.com\/wp-content\/uploads\/2023\/01\/can1-300x196.jpg 300w, https:\/\/diariodigitalnea.com\/wp-content\/uploads\/2023\/01\/can1-768x503.jpg 768w\" sizes=\"(max-width: 979px) 100vw, 979px\" \/><\/figure>\n\n\n\n<p>LOS SECTORES M\u00c1S COSTOSOS<\/p>\n\n\n\n<p>Los aumentos de ambas canastas se ven insertas en un marco de encarecimientos generalizados que se vieron reflejados en mayor medida en los precios de alimentos, as\u00ed como en los otros servicios y tarifas.<\/p>\n\n\n\n<p>En el mes de las fiestas, el sector verduler\u00eda fue el m\u00e1s afectado con una variaci\u00f3n del 7,13% a costa de la inflaci\u00f3n. El costo tras los $ 935 de incremento hizo que su precio alcance los $ 14.043 a diferencia de los $ 13.108 de noviembre del 2022.<\/p>\n\n\n\n<p>En segundo lugar, el almac\u00e9n sufri\u00f3 un 3,91% de alza, lo que elev\u00f3 su valor a $ 28.772. Fueron $ 1082 de incremento en relaci\u00f3n a los $ 27.689 del mes anterior al estudio.<\/p>\n\n\n\n<p>Dentro del mismo periodo, la carnicer\u00eda s\u00f3lo aument\u00f3 un 2,72%, que ser\u00eda $ 500 m\u00e1s a los $ 18.357 del mes de noviembre. A partir de este incremento, en diciembre lleg\u00f3 a valer $ 18.857.<\/p>\n\n\n\n<p><br>SUBAS DE M\u00c1S DEL 300% INTERANUAL<\/p>\n\n\n\n<p>El zapallo, la cebolla y la papa, fueron los productos que mayor variaci\u00f3n sufrieron dentro de la verduler\u00eda. El alza en estos productos fue de 370%, 366% y 280% respectivamente. En cuanto a la primera verdura nombrada, pas\u00f3 de $ 85 a $ 400 de a\u00f1o a a\u00f1o; la segunda cost\u00f3 $ 280, dejando de lado los $60 del a\u00f1o pasado; por \u00faltimo, la papa que costaba $ 50 trep\u00f3 hasta los $ 190.<\/p>\n\n\n\n<p>Los productos que sufrieron mayores cambios de precios interanuales dentro del almac\u00e9n fueron: los fideos guiseros con una variaci\u00f3n del 150%, llegando a costar $ 150 con respecto a los $ 60 de diciembre de 2021. Luego, se encuentra el pan con una diferencia interanual del 133% y pas\u00f3 de $ 120 y $ 280. El tercer producto con m\u00e1s incremento fue la harina de trigo, que sufri\u00f3 un alza del 128,57% a los $ 70 que cost\u00f3 el a\u00f1o pasado. De esta manera, su valor se concret\u00f3 en $ 160.<\/p>\n\n\n\n<p>Dentro de las carnes los productos que m\u00e1s cambios alcanzaron con respecto de diciembre 2021 fueron: en primer lugar, el h\u00edgado con el 80%. Pas\u00f3 a costar $450, es decir, $ 200 m\u00e1s de a\u00f1o a a\u00f1o. En el segundo espacio, se posiciona el espinazo que alcanz\u00f3 el precio de $ 850 por kilo, en comparaci\u00f3n de los $550 que vali\u00f3 en el mismo periodo del 2021. Completa el podio la carnaza con el 66%, que trep\u00f3 de $ 780 a los $ 1300.<\/p>\n\n\n\n<figure class=\"wp-block-image size-large\"><img decoding=\"async\" width=\"1024\" height=\"622\" src=\"https:\/\/diariodigitalnea.com\/wp-content\/uploads\/2023\/01\/can-1024x622.jpg\" alt=\"\" class=\"wp-image-5378\" srcset=\"https:\/\/diariodigitalnea.com\/wp-content\/uploads\/2023\/01\/can-1024x622.jpg 1024w, https:\/\/diariodigitalnea.com\/wp-content\/uploads\/2023\/01\/can-300x182.jpg 300w, https:\/\/diariodigitalnea.com\/wp-content\/uploads\/2023\/01\/can-768x467.jpg 768w, https:\/\/diariodigitalnea.com\/wp-content\/uploads\/2023\/01\/can.jpg 1300w\" sizes=\"(max-width: 1024px) 100vw, 1024px\" \/><\/figure>\n\n\n\n<p>\u00abM\u00c1S CHAQUE\u00d1OS POR DEBAJO DE LA L\u00cdNEA DE POBREZA\u00bb<\/p>\n\n\n\n<p>Los aumentos de ambas canastas se ven insertas en un marco de encarecimientos generalizados que se vieron reflejados en mayor medida en los precios de alimentos, as\u00ed como en los otros servicios y tarifas.<\/p>\n\n\n\n<p>Tras estas cifras, la directora provincial de la instituci\u00f3n, Patricia Lezcano, determin\u00f3: \u00abTerminamos un a\u00f1o con un porcentaje muy alto de inflaci\u00f3n. Esto significa que muchas familias est\u00e1n por debajo de la l\u00ednea de la pobreza e indigencia. Cada vez m\u00e1s chaque\u00f1os no pueden acceder al menos a dos comidas diarias\u00bb.<\/p>\n\n\n\n<p>\u00abTodos estos factores son claves para el bienestar de las familias y est\u00e1n contemplados en los valores de las canastas. Otra situaci\u00f3n es la de las familias que deben pagar alquileres. Esto afecta directamente la econom\u00eda familiar\u00bb, finaliz\u00f3 Lezcano.<\/p>\n\n\n\n<figure class=\"wp-block-image size-full\"><img decoding=\"async\" width=\"1024\" height=\"375\" src=\"http:\/\/diariodigitalnea.com\/wp-content\/uploads\/2022\/10\/CONSTRUCAL-CON-FABRICA.jpg\" alt=\"\" class=\"wp-image-2241\" srcset=\"https:\/\/diariodigitalnea.com\/wp-content\/uploads\/2022\/10\/CONSTRUCAL-CON-FABRICA.jpg 1024w, https:\/\/diariodigitalnea.com\/wp-content\/uploads\/2022\/10\/CONSTRUCAL-CON-FABRICA-300x110.jpg 300w, https:\/\/diariodigitalnea.com\/wp-content\/uploads\/2022\/10\/CONSTRUCAL-CON-FABRICA-768x281.jpg 768w\" sizes=\"(max-width: 1024px) 100vw, 1024px\" \/><figcaption>Publicidad: ConstruCal Cales hidratas y vivas para uso vial y construcci\u00f3n TEL: 3624602737<\/figcaption><\/figure>\n","protected":false},"excerpt":{"rendered":"<p>La Canasta B\u00e1sica Total (CBT) pas\u00f3 de valer $ 133.198 a $ 140.716 en diciembre del 2022, seg\u00fan el \u00cdndice Barrial de Precios del ISEPCI Chaco (Instituto de Investigaci\u00f3n Social, Econ\u00f3mica y Pol\u00edtica Ciudadana). El censo realizado en comercios del Gran Resistencia y S\u00e1enz Pe\u00f1a determin\u00f3 un aumento del 5,64%. Los resultados difundidos hoy tras [&hellip;]<\/p>\n","protected":false},"author":4,"featured_media":5376,"comment_status":"closed","ping_status":"closed","sticky":false,"template":"","format":"standard","meta":{"om_disable_all_campaigns":false,"_monsterinsights_skip_tracking":false,"_monsterinsights_sitenote_active":false,"_monsterinsights_sitenote_note":"","_monsterinsights_sitenote_category":0,"footnotes":""},"categories":[5,90,4],"tags":[1962,516],"class_list":["post-5375","post","type-post","status-publish","format-standard","has-post-thumbnail","hentry","category-economia","category-nacionales","category-politica","tag-canasta-basica","tag-pobreza"],"aioseo_notices":[],"amp_enabled":true,"_links":{"self":[{"href":"https:\/\/diariodigitalnea.com\/index.php\/wp-json\/wp\/v2\/posts\/5375","targetHints":{"allow":["GET"]}}],"collection":[{"href":"https:\/\/diariodigitalnea.com\/index.php\/wp-json\/wp\/v2\/posts"}],"about":[{"href":"https:\/\/diariodigitalnea.com\/index.php\/wp-json\/wp\/v2\/types\/post"}],"author":[{"embeddable":true,"href":"https:\/\/diariodigitalnea.com\/index.php\/wp-json\/wp\/v2\/users\/4"}],"replies":[{"embeddable":true,"href":"https:\/\/diariodigitalnea.com\/index.php\/wp-json\/wp\/v2\/comments?post=5375"}],"version-history":[{"count":1,"href":"https:\/\/diariodigitalnea.com\/index.php\/wp-json\/wp\/v2\/posts\/5375\/revisions"}],"predecessor-version":[{"id":5379,"href":"https:\/\/diariodigitalnea.com\/index.php\/wp-json\/wp\/v2\/posts\/5375\/revisions\/5379"}],"wp:featuredmedia":[{"embeddable":true,"href":"https:\/\/diariodigitalnea.com\/index.php\/wp-json\/wp\/v2\/media\/5376"}],"wp:attachment":[{"href":"https:\/\/diariodigitalnea.com\/index.php\/wp-json\/wp\/v2\/media?parent=5375"}],"wp:term":[{"taxonomy":"category","embeddable":true,"href":"https:\/\/diariodigitalnea.com\/index.php\/wp-json\/wp\/v2\/categories?post=5375"},{"taxonomy":"post_tag","embeddable":true,"href":"https:\/\/diariodigitalnea.com\/index.php\/wp-json\/wp\/v2\/tags?post=5375"}],"curies":[{"name":"wp","href":"https:\/\/api.w.org\/{rel}","templated":true}]}}