{"id":5322,"date":"2023-01-16T00:19:31","date_gmt":"2023-01-16T00:19:31","guid":{"rendered":"https:\/\/diariodigitalnea.com\/?p=5322"},"modified":"2023-01-16T00:19:32","modified_gmt":"2023-01-16T00:19:32","slug":"formosa-accidente-fatal-en-la-ruta-11-deja-al-menos-seis-muertos","status":"publish","type":"post","link":"https:\/\/diariodigitalnea.com\/index.php\/2023\/01\/16\/formosa-accidente-fatal-en-la-ruta-11-deja-al-menos-seis-muertos\/","title":{"rendered":"Formosa: accidente fatal en la Ruta 11 deja al menos seis muertos"},"content":{"rendered":"\n<p>Dos autos, uno radicado en Buenos Aires, chocaron de frente este domingo dejando un saldo de seis muertes, mientras que un hombre permanec\u00eda internado en grave estado.<\/p>\n\n\n\n<p>Seis personas murieron este domingo en Formosa sobre la Ruta Nacional 11, al colisionar un Fiat Palio con un Chevrolet Prisma, mientras que una s\u00e9ptima v\u00edctima ingres\u00f3 al Hospital Central de la capital en \u201cestado grave\u201d.<\/p>\n\n\n\n<p>Seg\u00fan informaron voceros de la Polic\u00eda de Formosa, el episodio se registr\u00f3 a las 15:10 horas, cuando se recibieron varios llamados telef\u00f3nicos a la l\u00ednea de emergencia 911, que informaron sobre la colisi\u00f3n de dos veh\u00edculos sobre la ruta nacional 11, a la altura del kil\u00f3metro 1.216, jurisdicci\u00f3n de la subcomisar\u00eda Pastoril, unos 70 kil\u00f3metros al norte de la capital.<\/p>\n\n\n\n<p>Durante la tarde trabajaban en el lugar efectivos de la zona, ambulancias, Polic\u00eda Cient\u00edfica y Bomberos, as\u00ed como el juez de feria, Jos\u00e9 Luis Molina.<\/p>\n\n\n\n<p>Del choque participaron un autom\u00f3vil Chevrolet Prisma, patentado en Laguna Naick Neck de Formosa, y un Fiat Palio, radicado en la localidad bonaerense de Valent\u00edn Alsina, que chocaron de frente dejando un total de 6 v\u00edctimas fatales, seg\u00fan fuentes policiales.<\/p>\n\n\n\n<p>En tanto un hombre fue trasladado con vida por una ambulancia del SIPEC al Hospital Central.<\/p>\n\n\n\n<figure class=\"wp-block-image size-full\"><img fetchpriority=\"high\" decoding=\"async\" width=\"1024\" height=\"375\" src=\"http:\/\/diariodigitalnea.com\/wp-content\/uploads\/2022\/10\/CONSTRUCAL-CON-FABRICA.jpg\" alt=\"\" class=\"wp-image-2241\" srcset=\"https:\/\/diariodigitalnea.com\/wp-content\/uploads\/2022\/10\/CONSTRUCAL-CON-FABRICA.jpg 1024w, https:\/\/diariodigitalnea.com\/wp-content\/uploads\/2022\/10\/CONSTRUCAL-CON-FABRICA-300x110.jpg 300w, https:\/\/diariodigitalnea.com\/wp-content\/uploads\/2022\/10\/CONSTRUCAL-CON-FABRICA-768x281.jpg 768w\" sizes=\"(max-width: 1024px) 100vw, 1024px\" \/><figcaption>Publicidad: ConstruCal Cales hidratas y vivas para uso vial y construcci\u00f3n TEL: 3624602737<\/figcaption><\/figure>\n","protected":false},"excerpt":{"rendered":"<p>Dos autos, uno radicado en Buenos Aires, chocaron de frente este domingo dejando un saldo de seis muertes, mientras que un hombre permanec\u00eda internado en grave estado. Seis personas murieron este domingo en Formosa sobre la Ruta Nacional 11, al colisionar un Fiat Palio con un Chevrolet Prisma, mientras que una s\u00e9ptima v\u00edctima ingres\u00f3 al [&hellip;]<\/p>\n","protected":false},"author":3,"featured_media":5324,"comment_status":"closed","ping_status":"closed","sticky":false,"template":"","format":"standard","meta":{"om_disable_all_campaigns":false,"_monsterinsights_skip_tracking":false,"_monsterinsights_sitenote_active":false,"_monsterinsights_sitenote_note":"","_monsterinsights_sitenote_category":0,"footnotes":""},"categories":[35,52],"tags":[222,1936,756,202],"class_list":["post-5322","post","type-post","status-publish","format-standard","has-post-thumbnail","hentry","category-formosa","category-policiales","tag-formosa","tag-ruta-11","tag-siniestro-vial","tag-tragedia"],"aioseo_notices":[],"amp_enabled":true,"_links":{"self":[{"href":"https:\/\/diariodigitalnea.com\/index.php\/wp-json\/wp\/v2\/posts\/5322","targetHints":{"allow":["GET"]}}],"collection":[{"href":"https:\/\/diariodigitalnea.com\/index.php\/wp-json\/wp\/v2\/posts"}],"about":[{"href":"https:\/\/diariodigitalnea.com\/index.php\/wp-json\/wp\/v2\/types\/post"}],"author":[{"embeddable":true,"href":"https:\/\/diariodigitalnea.com\/index.php\/wp-json\/wp\/v2\/users\/3"}],"replies":[{"embeddable":true,"href":"https:\/\/diariodigitalnea.com\/index.php\/wp-json\/wp\/v2\/comments?post=5322"}],"version-history":[{"count":1,"href":"https:\/\/diariodigitalnea.com\/index.php\/wp-json\/wp\/v2\/posts\/5322\/revisions"}],"predecessor-version":[{"id":5325,"href":"https:\/\/diariodigitalnea.com\/index.php\/wp-json\/wp\/v2\/posts\/5322\/revisions\/5325"}],"wp:featuredmedia":[{"embeddable":true,"href":"https:\/\/diariodigitalnea.com\/index.php\/wp-json\/wp\/v2\/media\/5324"}],"wp:attachment":[{"href":"https:\/\/diariodigitalnea.com\/index.php\/wp-json\/wp\/v2\/media?parent=5322"}],"wp:term":[{"taxonomy":"category","embeddable":true,"href":"https:\/\/diariodigitalnea.com\/index.php\/wp-json\/wp\/v2\/categories?post=5322"},{"taxonomy":"post_tag","embeddable":true,"href":"https:\/\/diariodigitalnea.com\/index.php\/wp-json\/wp\/v2\/tags?post=5322"}],"curies":[{"name":"wp","href":"https:\/\/api.w.org\/{rel}","templated":true}]}}