{"id":5299,"date":"2023-01-15T14:53:55","date_gmt":"2023-01-15T14:53:55","guid":{"rendered":"https:\/\/diariodigitalnea.com\/?p=5299"},"modified":"2023-01-15T14:53:57","modified_gmt":"2023-01-15T14:53:57","slug":"el-argentino-kevin-benavides-gano-por-segunda-vez-el-rally-dakar-en-la-categoria-motos","status":"publish","type":"post","link":"https:\/\/diariodigitalnea.com\/index.php\/2023\/01\/15\/el-argentino-kevin-benavides-gano-por-segunda-vez-el-rally-dakar-en-la-categoria-motos\/","title":{"rendered":"El argentino Kevin Benavides gan\u00f3 por segunda vez el Rally Dakar en la categor\u00eda Motos"},"content":{"rendered":"\n<p>El piloto argentino de KTM Kevin\u00a0 Benavides se coron\u00f3 campe\u00f3n en la categor\u00eda Motos en el Rally\u00a0 Dakar, realizado en Arabia Saudita, y conquist\u00f3 su segundo t\u00edtulo.<\/p>\n\n\n\n<p>\u00a0\u00a0 En tanto, el qatar\u00ed Nasser Al-Attiyah gan\u00f3 por quinta vez la\u00a0 destacada competencia en la categor\u00eda Autos.<\/p>\n\n\n\n<figure class=\"wp-block-image size-large\"><img fetchpriority=\"high\" decoding=\"async\" width=\"1024\" height=\"683\" src=\"http:\/\/diariodigitalnea.com\/wp-content\/uploads\/2023\/01\/bena4-1024x683.jpg\" alt=\"\" class=\"wp-image-5303\" srcset=\"https:\/\/diariodigitalnea.com\/wp-content\/uploads\/2023\/01\/bena4-1024x683.jpg 1024w, https:\/\/diariodigitalnea.com\/wp-content\/uploads\/2023\/01\/bena4-300x200.jpg 300w, https:\/\/diariodigitalnea.com\/wp-content\/uploads\/2023\/01\/bena4-768x512.jpg 768w, https:\/\/diariodigitalnea.com\/wp-content\/uploads\/2023\/01\/bena4-900x600.jpg 900w, https:\/\/diariodigitalnea.com\/wp-content\/uploads\/2023\/01\/bena4.jpg 1134w\" sizes=\"(max-width: 1024px) 100vw, 1024px\" \/><figcaption>Rallying &#8211; Dakar Rally &#8211; Stage 13 &#8211; Shaybah to Al-Hofuf &#8211; Saudi Arabia &#8211; January 14, 2023 Red Bull KTM Factory Team&#8217;s Kevin Benavides in action during stage 13 REUTERS\/Hamad I Mohammed<\/figcaption><\/figure>\n\n\n\n<p>&nbsp;&nbsp; El piloto salte\u00f1o gan\u00f3 la decimocuarta y \u00faltima etapa, un&nbsp; recorrido de 417 kil\u00f3metros entre Al Hofuf y Dammam, y dobleg\u00f3 a&nbsp; su compa\u00f1ero de equipo, el australiano Toby Price, que hab\u00eda&nbsp; largado con una ventaja de 12 segundos.<\/p>\n\n\n\n<p>\u00a0\u00a0 El argentino termin\u00f3 el sprint final con una ventaja de 43\u00a0 segundos.<\/p>\n\n\n\n<figure class=\"wp-block-image size-large\"><img decoding=\"async\" width=\"1024\" height=\"645\" src=\"http:\/\/diariodigitalnea.com\/wp-content\/uploads\/2023\/01\/bena6-1024x645.jpg\" alt=\"\" class=\"wp-image-5305\" srcset=\"https:\/\/diariodigitalnea.com\/wp-content\/uploads\/2023\/01\/bena6-1024x645.jpg 1024w, https:\/\/diariodigitalnea.com\/wp-content\/uploads\/2023\/01\/bena6-300x189.jpg 300w, https:\/\/diariodigitalnea.com\/wp-content\/uploads\/2023\/01\/bena6-768x484.jpg 768w, https:\/\/diariodigitalnea.com\/wp-content\/uploads\/2023\/01\/bena6.jpg 1134w\" sizes=\"(max-width: 1024px) 100vw, 1024px\" \/><\/figure>\n\n\n\n<p>&nbsp;&nbsp; El podio en la categor\u00eda Motos fue completado por el&nbsp; estadounidense Skyler Howes, representante del equipo oficial&nbsp; Husqvarna.<\/p>\n\n\n\n<p>&nbsp;&nbsp; Con este nuevo t\u00edtulo, Benavides hizo historia, ya se convirti\u00f3&nbsp; en el primer piloto en ganar el Rally Dakar en Motos con dos&nbsp; marcas distintas: en 2021 hab\u00eda salido campe\u00f3n a bordo de una&nbsp; Honda.<\/p>\n\n\n\n<p>\u00a0\u00a0 El qatar\u00ed Al-Attiyah, vigente campe\u00f3n de Toyota con el copiloto\u00a0 franc\u00e9s Mathieu Baumel, termin\u00f3 la etapa final hasta Dammam, en la\u00a0 costa del golfo P\u00e9rsico, con una ventaja de una hora y 20 minutos\u00a0 sobre el franc\u00e9s S\u00e9bastien Loeb, nueve veces campe\u00f3n del mundo de\u00a0 rally.<\/p>\n\n\n\n<figure class=\"wp-block-image size-full\"><img decoding=\"async\" width=\"976\" height=\"568\" src=\"http:\/\/diariodigitalnea.com\/wp-content\/uploads\/2023\/01\/bena5.jpg\" alt=\"\" class=\"wp-image-5304\" srcset=\"https:\/\/diariodigitalnea.com\/wp-content\/uploads\/2023\/01\/bena5.jpg 976w, https:\/\/diariodigitalnea.com\/wp-content\/uploads\/2023\/01\/bena5-300x175.jpg 300w, https:\/\/diariodigitalnea.com\/wp-content\/uploads\/2023\/01\/bena5-768x447.jpg 768w\" sizes=\"(max-width: 976px) 100vw, 976px\" \/><\/figure>\n\n\n\n<p>&nbsp;&nbsp; El cinco veces campe\u00f3n del Rally Dakar en la categor\u00eda Autos,&nbsp; que lider\u00f3 desde la tercera etapa, ocupa ahora el segundo puesto&nbsp; en la lista de ganadores de todos los tiempos en la categor\u00eda de&nbsp; coches, por detr\u00e1s del franc\u00e9s St\u00e9phane Peterhansel, ocho veces&nbsp; campe\u00f3n. Peterhansel, el \u2018Se\u00f1or Dakar\u2018, tambi\u00e9n ha ganado la&nbsp; corona de motos en seis ocasiones.<\/p>\n\n\n\n<p>\u00a0\u00a0 \u2018Ha sido un Dakar muy duro para todos, pero hemos vuelto a\u00a0 ganar. Es incre\u00edble defender nuestro t\u00edtulo. Estoy contento de\u00a0 haber ganado cinco veces, y Mathieu cuatro\u2018, declar\u00f3 Al-Attiyah.<\/p>\n\n\n\n<figure class=\"wp-block-image size-large\"><img loading=\"lazy\" decoding=\"async\" width=\"1024\" height=\"722\" src=\"http:\/\/diariodigitalnea.com\/wp-content\/uploads\/2023\/01\/bena2-1024x722.jpg\" alt=\"\" class=\"wp-image-5301\" srcset=\"https:\/\/diariodigitalnea.com\/wp-content\/uploads\/2023\/01\/bena2-1024x722.jpg 1024w, https:\/\/diariodigitalnea.com\/wp-content\/uploads\/2023\/01\/bena2-300x212.jpg 300w, https:\/\/diariodigitalnea.com\/wp-content\/uploads\/2023\/01\/bena2-768x542.jpg 768w, https:\/\/diariodigitalnea.com\/wp-content\/uploads\/2023\/01\/bena2.jpg 1134w\" sizes=\"(max-width: 1024px) 100vw, 1024px\" \/><figcaption>Rallying &#8211; Dakar Rally &#8211; Stage 14 &#8211; Al-Hofuf to Dammam &#8211; Saudi Arabia &#8211; January 15, 2023 Red Bull KTM Factory Team&#8217;s Kevin Benavides celebrates winning the bike category REUTERS\/Hamad I Mohammed<\/figcaption><\/figure>\n\n\n\n<p>&nbsp;&nbsp; Loeb hab\u00eda ganado un r\u00e9cord de seis etapas consecutivas hasta&nbsp; el domingo para el equipo Bahrain Raid Xtreme, pero su compatriota&nbsp; Guerlain Chicherit se llev\u00f3 los honores finales en Dammam.<\/p>\n\n\n\n<p>\u00a0\u00a0 El debutante brasile\u00f1o Lucas Moraes termin\u00f3 tercero en la\u00a0 general con un Toyota Hilux para Overdrive Racing.<\/p>\n\n\n\n<figure class=\"wp-block-image size-large\"><img loading=\"lazy\" decoding=\"async\" width=\"1024\" height=\"725\" src=\"http:\/\/diariodigitalnea.com\/wp-content\/uploads\/2023\/01\/bena1-1024x725.jpg\" alt=\"\" class=\"wp-image-5300\" srcset=\"https:\/\/diariodigitalnea.com\/wp-content\/uploads\/2023\/01\/bena1-1024x725.jpg 1024w, https:\/\/diariodigitalnea.com\/wp-content\/uploads\/2023\/01\/bena1-300x212.jpg 300w, https:\/\/diariodigitalnea.com\/wp-content\/uploads\/2023\/01\/bena1-768x544.jpg 768w, https:\/\/diariodigitalnea.com\/wp-content\/uploads\/2023\/01\/bena1.jpg 1134w\" sizes=\"(max-width: 1024px) 100vw, 1024px\" \/><figcaption>Rallying &#8211; Dakar Rally &#8211; Stage 14 &#8211; Al-Hofuf to Dammam &#8211; Saudi Arabia &#8211; January 15, 2023 Red Bull KTM Factory Team&#8217;s Kevin Benavides celebrates winning the bike category REUTERS\/Hamad I Mohammed<\/figcaption><\/figure>\n\n\n\n<p>&nbsp;&nbsp; El franc\u00e9s Alexandre Giroud gan\u00f3 el t\u00edtulo de quads por segundo&nbsp; a\u00f1o consecutivo, mientras que el piloto neerland\u00e9s Janus Van&nbsp; Kasteren se impuso en la categor\u00eda de camiones en su Iveco,&nbsp; poniendo fin a una racha de \u00e9xitos para Kamaz que se remonta a&nbsp; 2017.<\/p>\n","protected":false},"excerpt":{"rendered":"<p>El piloto argentino de KTM Kevin\u00a0 Benavides se coron\u00f3 campe\u00f3n en la categor\u00eda Motos en el Rally\u00a0 Dakar, realizado en Arabia Saudita, y conquist\u00f3 su segundo t\u00edtulo. \u00a0\u00a0 En tanto, el qatar\u00ed Nasser Al-Attiyah gan\u00f3 por quinta vez la\u00a0 destacada competencia en la categor\u00eda Autos. &nbsp;&nbsp; El piloto salte\u00f1o gan\u00f3 la decimocuarta y \u00faltima etapa, [&hellip;]<\/p>\n","protected":false},"author":3,"featured_media":5302,"comment_status":"closed","ping_status":"closed","sticky":false,"template":"","format":"standard","meta":{"om_disable_all_campaigns":false,"_monsterinsights_skip_tracking":false,"_monsterinsights_sitenote_active":false,"_monsterinsights_sitenote_note":"","_monsterinsights_sitenote_category":0,"footnotes":""},"categories":[6],"tags":[1927,1926,1753],"class_list":["post-5299","post","type-post","status-publish","format-standard","has-post-thumbnail","hentry","category-deporte","tag-categoria-motos","tag-kevin-benavides","tag-rally-dakar"],"aioseo_notices":[],"amp_enabled":true,"_links":{"self":[{"href":"https:\/\/diariodigitalnea.com\/index.php\/wp-json\/wp\/v2\/posts\/5299","targetHints":{"allow":["GET"]}}],"collection":[{"href":"https:\/\/diariodigitalnea.com\/index.php\/wp-json\/wp\/v2\/posts"}],"about":[{"href":"https:\/\/diariodigitalnea.com\/index.php\/wp-json\/wp\/v2\/types\/post"}],"author":[{"embeddable":true,"href":"https:\/\/diariodigitalnea.com\/index.php\/wp-json\/wp\/v2\/users\/3"}],"replies":[{"embeddable":true,"href":"https:\/\/diariodigitalnea.com\/index.php\/wp-json\/wp\/v2\/comments?post=5299"}],"version-history":[{"count":1,"href":"https:\/\/diariodigitalnea.com\/index.php\/wp-json\/wp\/v2\/posts\/5299\/revisions"}],"predecessor-version":[{"id":5306,"href":"https:\/\/diariodigitalnea.com\/index.php\/wp-json\/wp\/v2\/posts\/5299\/revisions\/5306"}],"wp:featuredmedia":[{"embeddable":true,"href":"https:\/\/diariodigitalnea.com\/index.php\/wp-json\/wp\/v2\/media\/5302"}],"wp:attachment":[{"href":"https:\/\/diariodigitalnea.com\/index.php\/wp-json\/wp\/v2\/media?parent=5299"}],"wp:term":[{"taxonomy":"category","embeddable":true,"href":"https:\/\/diariodigitalnea.com\/index.php\/wp-json\/wp\/v2\/categories?post=5299"},{"taxonomy":"post_tag","embeddable":true,"href":"https:\/\/diariodigitalnea.com\/index.php\/wp-json\/wp\/v2\/tags?post=5299"}],"curies":[{"name":"wp","href":"https:\/\/api.w.org\/{rel}","templated":true}]}}