{"id":5281,"date":"2023-01-14T22:23:13","date_gmt":"2023-01-14T22:23:13","guid":{"rendered":"https:\/\/diariodigitalnea.com\/?p=5281"},"modified":"2023-01-14T22:23:13","modified_gmt":"2023-01-14T22:23:13","slug":"la-represa-itaipu-abrio-sus-compuertas-y-podria-mejorar-el-caudal-del-parana","status":"publish","type":"post","link":"https:\/\/diariodigitalnea.com\/index.php\/2023\/01\/14\/la-represa-itaipu-abrio-sus-compuertas-y-podria-mejorar-el-caudal-del-parana\/","title":{"rendered":"La represa Itaip\u00fa abri\u00f3 sus compuertas y podr\u00eda mejorar el caudal del Paran\u00e1"},"content":{"rendered":"\n<p>La represa binacional Itaip\u00fa sobre el r\u00edo Paran\u00e1 abri\u00f3 las compuertas del vertedero de la central hidroel\u00e9ctrica para aliviar el volumen de agua tras las fuertes lluvias en Brasil, lo que podr\u00eda dar lugar un aumento del caudal del r\u00edo sobre el territorio argentino.<\/p>\n\n\n\n<p>\u00abEste aumento significativo de los niveles de almacenamiento se debe especialmente a las lluvias que se vienen registrando desde finales de noviembre en gran parte del Brasil\u00bb, se\u00f1al\u00f3 el comunicado de la entidad binacional.<\/p>\n\n\n\n<p>Esta situaci\u00f3n \u00abhace necesaria la operaci\u00f3n teniendo en cuenta que hubo una recuperaci\u00f3n en los niveles de los principales embalses del sistema interconectado brasile\u00f1o (SIN-BR) tras la crisis h\u00eddrica del 2021 2022, llegando a 65,8%\u00bb.<\/p>\n\n\n\n<figure class=\"wp-block-image size-large\"><img fetchpriority=\"high\" decoding=\"async\" width=\"1024\" height=\"685\" src=\"https:\/\/diariodigitalnea.com\/wp-content\/uploads\/2023\/01\/ita-1024x685.jpg\" alt=\"\" class=\"wp-image-5282\" srcset=\"https:\/\/diariodigitalnea.com\/wp-content\/uploads\/2023\/01\/ita-1024x685.jpg 1024w, https:\/\/diariodigitalnea.com\/wp-content\/uploads\/2023\/01\/ita-300x201.jpg 300w, https:\/\/diariodigitalnea.com\/wp-content\/uploads\/2023\/01\/ita-768x514.jpg 768w, https:\/\/diariodigitalnea.com\/wp-content\/uploads\/2023\/01\/ita.jpg 1300w\" sizes=\"(max-width: 1024px) 100vw, 1024px\" \/><\/figure>\n\n\n\n<p>Las descargas fueron coordinadas por la Superintendencia de Operaci\u00f3n de Itaip\u00fa y el Operador Nacional del Sistema El\u00e9ctrico Brasile\u00f1o, y tendr\u00eda como resultado, adem\u00e1s del control del nivel del embalse, contribuir a mejorar las condiciones de navegaci\u00f3n en el r\u00edo Paran\u00e1, principalmente desde la confluencia con el r\u00edo Paraguay.<br>Seg\u00fan comunicaron desde la Central Hidroel\u00e9ctrica, el vertedero permanecer\u00e1 abierto mientras se mantenga el escenario actual de generaci\u00f3n de energ\u00eda y previsi\u00f3n de afluencia. La \u00faltima apertura se realiz\u00f3 el 23 de octubre de 2021, para controlar el nivel del r\u00edo Paran\u00e1.<\/p>\n\n\n\n<p>As\u00ed, la Direcci\u00f3n T\u00e9cnica de la Entidad dependiente de Brasil y Paraguay prev\u00e9 dicha apertura debido a \u00ablas condiciones de almacenamiento de los embalses aguas arriba de la hidroel\u00e9ctrica\u00bb.<\/p>\n\n\n\n<p>\u00abEsta fuga generalizada indica la presencia de excedentes de energ\u00eda asociados a una creciente cantidad de generaci\u00f3n con fuentes e\u00f3licas y solares\u00bb, explic\u00f3 el Superintendente de Operaciones de Itaip\u00fa, Jos\u00e9 Benedito Mota J\u00fanior.<\/p>\n\n\n\n<p>En este contexto, centrales hidroel\u00e9ctricas como Itaip\u00fa actuaron como una especie de \u00abbater\u00eda\u00bb. En el caso de la binacional, la planta puede ingresar r\u00e1pidamente al sistema, por ejemplo, cuando las fuentes intermitentes no presentan condiciones clim\u00e1ticas para la generaci\u00f3n.<\/p>\n\n\n\n<figure class=\"wp-block-image size-full\"><img decoding=\"async\" width=\"1024\" height=\"375\" src=\"http:\/\/diariodigitalnea.com\/wp-content\/uploads\/2022\/10\/CONSTRUCAL-CON-FABRICA.jpg\" alt=\"\" class=\"wp-image-2241\" srcset=\"https:\/\/diariodigitalnea.com\/wp-content\/uploads\/2022\/10\/CONSTRUCAL-CON-FABRICA.jpg 1024w, https:\/\/diariodigitalnea.com\/wp-content\/uploads\/2022\/10\/CONSTRUCAL-CON-FABRICA-300x110.jpg 300w, https:\/\/diariodigitalnea.com\/wp-content\/uploads\/2022\/10\/CONSTRUCAL-CON-FABRICA-768x281.jpg 768w\" sizes=\"(max-width: 1024px) 100vw, 1024px\" \/><figcaption>Publicidad: ConstruCal Cales hidratas y vivas para uso vial y construcci\u00f3n TEL: 3624602737<\/figcaption><\/figure>\n","protected":false},"excerpt":{"rendered":"<p>La represa binacional Itaip\u00fa sobre el r\u00edo Paran\u00e1 abri\u00f3 las compuertas del vertedero de la central hidroel\u00e9ctrica para aliviar el volumen de agua tras las fuertes lluvias en Brasil, lo que podr\u00eda dar lugar un aumento del caudal del r\u00edo sobre el territorio argentino. \u00abEste aumento significativo de los niveles de almacenamiento se debe especialmente [&hellip;]<\/p>\n","protected":false},"author":4,"featured_media":5283,"comment_status":"closed","ping_status":"closed","sticky":false,"template":"","format":"standard","meta":{"om_disable_all_campaigns":false,"_monsterinsights_skip_tracking":false,"_monsterinsights_sitenote_active":false,"_monsterinsights_sitenote_note":"","_monsterinsights_sitenote_category":0,"footnotes":""},"categories":[95,149],"tags":[1917,178,1918],"class_list":["post-5281","post","type-post","status-publish","format-standard","has-post-thumbnail","hentry","category-informacion-general","category-medio-ambiente","tag-itaipu","tag-parana","tag-represa"],"aioseo_notices":[],"amp_enabled":true,"_links":{"self":[{"href":"https:\/\/diariodigitalnea.com\/index.php\/wp-json\/wp\/v2\/posts\/5281","targetHints":{"allow":["GET"]}}],"collection":[{"href":"https:\/\/diariodigitalnea.com\/index.php\/wp-json\/wp\/v2\/posts"}],"about":[{"href":"https:\/\/diariodigitalnea.com\/index.php\/wp-json\/wp\/v2\/types\/post"}],"author":[{"embeddable":true,"href":"https:\/\/diariodigitalnea.com\/index.php\/wp-json\/wp\/v2\/users\/4"}],"replies":[{"embeddable":true,"href":"https:\/\/diariodigitalnea.com\/index.php\/wp-json\/wp\/v2\/comments?post=5281"}],"version-history":[{"count":1,"href":"https:\/\/diariodigitalnea.com\/index.php\/wp-json\/wp\/v2\/posts\/5281\/revisions"}],"predecessor-version":[{"id":5284,"href":"https:\/\/diariodigitalnea.com\/index.php\/wp-json\/wp\/v2\/posts\/5281\/revisions\/5284"}],"wp:featuredmedia":[{"embeddable":true,"href":"https:\/\/diariodigitalnea.com\/index.php\/wp-json\/wp\/v2\/media\/5283"}],"wp:attachment":[{"href":"https:\/\/diariodigitalnea.com\/index.php\/wp-json\/wp\/v2\/media?parent=5281"}],"wp:term":[{"taxonomy":"category","embeddable":true,"href":"https:\/\/diariodigitalnea.com\/index.php\/wp-json\/wp\/v2\/categories?post=5281"},{"taxonomy":"post_tag","embeddable":true,"href":"https:\/\/diariodigitalnea.com\/index.php\/wp-json\/wp\/v2\/tags?post=5281"}],"curies":[{"name":"wp","href":"https:\/\/api.w.org\/{rel}","templated":true}]}}